
{"id":20689,"date":"2026-09-04T08:11:01","date_gmt":"2026-09-04T11:11:01","guid":{"rendered":"https:\/\/focotocantinense.com.br\/?p=20689"},"modified":"2026-09-04T08:11:05","modified_gmt":"2026-09-04T11:11:05","slug":"gleydson-nato-aposta-na-experiencia-articulacao-e-compromisso-para-fortalecer-gurupi-e-o-tocantins","status":"publish","type":"post","link":"https:\/\/focotocantinense.com.br\/?p=20689","title":{"rendered":"Gleydson Nato aposta na experi\u00eancia, articula\u00e7\u00e3o e compromisso para fortalecer Gurupi e o Tocantins"},"content":{"rendered":"\n<figure class=\"wp-block-image size-large is-resized\"><img loading=\"lazy\" decoding=\"async\" width=\"1024\" height=\"1024\" src=\"https:\/\/focotocantinense.com.br\/wp-content\/uploads\/2026\/09\/277551260_397149348903151_4548406832271721319_n-1068x1068-1-1024x1024.jpg\" alt=\"\" class=\"wp-image-20690\" style=\"width:386px;height:auto\" srcset=\"https:\/\/focotocantinense.com.br\/wp-content\/uploads\/2026\/09\/277551260_397149348903151_4548406832271721319_n-1068x1068-1-1024x1024.jpg 1024w, https:\/\/focotocantinense.com.br\/wp-content\/uploads\/2026\/09\/277551260_397149348903151_4548406832271721319_n-1068x1068-1-300x300.jpg 300w, https:\/\/focotocantinense.com.br\/wp-content\/uploads\/2026\/09\/277551260_397149348903151_4548406832271721319_n-1068x1068-1-150x150.jpg 150w, https:\/\/focotocantinense.com.br\/wp-content\/uploads\/2026\/09\/277551260_397149348903151_4548406832271721319_n-1068x1068-1-768x768.jpg 768w, https:\/\/focotocantinense.com.br\/wp-content\/uploads\/2026\/09\/277551260_397149348903151_4548406832271721319_n-1068x1068-1.jpg 1068w\" sizes=\"auto, (max-width: 1024px) 100vw, 1024px\" \/><\/figure>\n\n\n\n<p class=\"wp-block-paragraph\"><\/p>\n\n\n\n<p class=\"wp-block-paragraph\">Com passagem pela C\u00e2mara Municipal, Prefeitura e Assembleia Legislativa, candidato aposta na experi\u00eancia pol\u00edtica e na parceria com Alfredo Junior para ampliar investimentos e oportunidades para a regi\u00e3o Sul<\/p>\n\n\n\n<p class=\"wp-block-paragraph\">Gurupi e a regi\u00e3o Sul do Tocantins podem ganhar uma nova for\u00e7a de representa\u00e7\u00e3o pol\u00edtica com a uni\u00e3o de duas experi\u00eancias que pretendem atuar de forma integrada em Bras\u00edlia e na Assembleia Legislativa. De um lado, o empres\u00e1rio e candidato a deputado federal Alfredo Junior. Do outro, o ex-vereador, ex-vice-prefeito, ex-secret\u00e1rio municipal e ex-deputado estadual Gleydson Nato.<\/p>\n\n\n\n<p class=\"wp-block-paragraph\">Natural de Gurupi, onde nasceu em 25 de maio de 1979, Gleydson Nato Pereira construiu sua trajet\u00f3ria pol\u00edtica e administrativa dentro da realidade do munic\u00edpio e da regi\u00e3o. Filho de Ant\u00f4nio Nato Pereira e Mariluci Nato Pereira e pai do pequeno Ant\u00f4nio L. Nato, o candidato \u00e9 formado em Marketing e acumula experi\u00eancia em diferentes \u00e1reas da administra\u00e7\u00e3o p\u00fablica.<\/p>\n\n\n\n<p class=\"wp-block-paragraph\">Sua hist\u00f3ria na vida p\u00fablica come\u00e7ou a ganhar maior proje\u00e7\u00e3o em 2013, quando foi eleito vereador de Gurupi com uma das maiores vota\u00e7\u00f5es daquele pleito. No Legislativo Municipal, passou a atuar diretamente nas discuss\u00f5es sobre os problemas e as necessidades da popula\u00e7\u00e3o.<\/p>\n\n\n\n<p class=\"wp-block-paragraph\">Antes e depois da experi\u00eancia parlamentar, Gleydson tamb\u00e9m construiu uma trajet\u00f3ria no Executivo. Durante mais de 12 anos, esteve \u00e0 frente da Secretaria Municipal de Desenvolvimento Social de Gurupi, experi\u00eancia que lhe permitiu conhecer de perto as dificuldades enfrentadas pelas fam\u00edlias, pelos bairros e pelas comunidades do munic\u00edpio.<\/p>\n\n\n\n<p class=\"wp-block-paragraph\">Entre 2021 e 2024, exerceu o cargo de vice-prefeito de Gurupi, participando da administra\u00e7\u00e3o municipal e acompanhando projetos e a\u00e7\u00f5es voltados ao desenvolvimento da cidade.<\/p>\n\n\n\n<p class=\"wp-block-paragraph\"><strong>Da supl\u00eancia \u00e0 Assembleia Legislativa<\/strong><\/p>\n\n\n\n<p class=\"wp-block-paragraph\">Em 2018, Gleydson Nato decidiu ampliar sua atua\u00e7\u00e3o pol\u00edtica e disputou uma vaga para deputado estadual. Obteve 9.645 votos, sendo o candidato mais votado de Gurupi e conquistando a primeira supl\u00eancia de sua coliga\u00e7\u00e3o.<\/p>\n\n\n\n<p class=\"wp-block-paragraph\">A vota\u00e7\u00e3o expressiva abriu caminho para uma nova etapa de sua trajet\u00f3ria pol\u00edtica. Ao assumir o mandato de deputado estadual por determinado per\u00edodo, Gleydson teve a oportunidade de participar diretamente das decis\u00f5es do Parlamento tocantinense.<\/p>\n\n\n\n<p class=\"wp-block-paragraph\">Mais do que exercer o mandato, assumiu uma posi\u00e7\u00e3o de destaque. Tornou-se l\u00edder do Governo na Assembleia Legislativa, fun\u00e7\u00e3o que exigiu capacidade de di\u00e1logo, negocia\u00e7\u00e3o e articula\u00e7\u00e3o entre deputados e o Poder Executivo.<\/p>\n\n\n\n<p class=\"wp-block-paragraph\">Foi justamente nesse per\u00edodo que Gleydson buscou demonstrar que sua atua\u00e7\u00e3o pol\u00edtica poderia ultrapassar os limites da representa\u00e7\u00e3o parlamentar tradicional.<\/p>\n\n\n\n<p class=\"wp-block-paragraph\">A experi\u00eancia como l\u00edder do Governo \u00e9 apresentada como uma das principais credenciais de sua candidatura atual, por ter proporcionado contato direto com o funcionamento do Executivo estadual e com as demandas discutidas diariamente no Legislativo.<\/p>\n\n\n\n<p class=\"wp-block-paragraph\">Durante sua passagem pela Assembleia, tamb\u00e9m participou da apresenta\u00e7\u00e3o e defesa de proposituras e iniciativas legislativas, procurando contribuir para a cria\u00e7\u00e3o de novas leis e para me<\/p>\n\n\n\n<figure class=\"wp-block-image is-resized\"><a href=\"https:\/\/blogger.googleusercontent.com\/img\/b\/R29vZ2xl\/AVvXsEjCcKWESv04IDAr0bkKr3o5HQMj2h0oLT-GbLSySrvu1Fke1s1y0d8iDXBs2bjTfcZHZNAM9wwsEykWFTscmy5R3xomhuMMHhwprel1QPTrSAu_Vodrdtswx2BwhNiTxNCbAs8hql-iw4uiKgaU6khuLMwUVA30n-03xwX24mV5MqIUUwBWvzn1K-IwIvmc\/s501\/aaaaaaaaaa.jfif\"><img decoding=\"async\" src=\"https:\/\/blogger.googleusercontent.com\/img\/b\/R29vZ2xl\/AVvXsEjCcKWESv04IDAr0bkKr3o5HQMj2h0oLT-GbLSySrvu1Fke1s1y0d8iDXBs2bjTfcZHZNAM9wwsEykWFTscmy5R3xomhuMMHhwprel1QPTrSAu_Vodrdtswx2BwhNiTxNCbAs8hql-iw4uiKgaU6khuLMwUVA30n-03xwX24mV5MqIUUwBWvzn1K-IwIvmc\/w473-h593\/aaaaaaaaaa.jfif\" alt=\"\" style=\"aspect-ratio:0.7976391231028668;width:840px;height:auto\"\/><\/a><\/figure>\n\n\n\n<p class=\"wp-block-paragraph\"><strong>Gest\u00e3o com foco em desburocratiza\u00e7\u00e3o<\/strong><\/p>\n\n\n\n<p class=\"wp-block-paragraph\">A experi\u00eancia de Gleydson n\u00e3o ficou restrita \u00e0 pol\u00edtica municipal e ao Parlamento. Durante seis meses, esteve \u00e0 frente da Junta Comercial do Estado do Tocantins (Jucetins), onde sua gest\u00e3o teve como uma das marcas a busca por maior dinamismo na presta\u00e7\u00e3o dos servi\u00e7os p\u00fablicos.<\/p>\n\n\n\n<p class=\"wp-block-paragraph\">A proposta foi trabalhar pela desburocratiza\u00e7\u00e3o, agilidade, qualidade e efici\u00eancia, criando melhores condi\u00e7\u00f5es para quem precisava abrir empresas, regularizar neg\u00f3cios e movimentar a economia.<\/p>\n\n\n\n<p class=\"wp-block-paragraph\">Essa experi\u00eancia refor\u00e7ou uma caracter\u00edstica que Gleydson Nato procura levar para sua atua\u00e7\u00e3o pol\u00edtica: a defesa de uma administra\u00e7\u00e3o p\u00fablica mais eficiente e capaz de responder com maior rapidez \u00e0s necessidades da sociedade.<\/p>\n\n\n\n<p class=\"wp-block-paragraph\"><strong>Uma ponte entre Gurupi e o Governo<\/strong><\/p>\n\n\n\n<p class=\"wp-block-paragraph\">Com passagens pelo Legislativo e pelo Executivo, Gleydson Nato procura apresentar sua candidatura como uma alternativa baseada na experi\u00eancia e na capacidade de articula\u00e7\u00e3o. A defesa da regi\u00e3o Sul \u00e9 colocada no centro de sua proposta.<\/p>\n\n\n\n<p class=\"wp-block-paragraph\">Gurupi, segundo Gleydson, precisa estar cada vez mais presente nas decis\u00f5es estrat\u00e9gicas do Tocantins, especialmente quando est\u00e3o em discuss\u00e3o investimentos em infraestrutura, sa\u00fade, educa\u00e7\u00e3o, gera\u00e7\u00e3o de emprego e renda, desenvolvimento econ\u00f4mico e melhoria dos servi\u00e7os p\u00fablicos.<\/p>\n\n\n\n<p class=\"wp-block-paragraph\">Nesse cen\u00e1rio, o candidato aposta na constru\u00e7\u00e3o de uma rede pol\u00edtica capaz de unir representantes municipais, estaduais e federais. \u00c9 justamente nesse ponto que entra a parceria com Alfredo Junior, que disputa uma vaga na C\u00e2mara dos Deputados.<\/p>\n\n\n\n<p class=\"wp-block-paragraph\"><strong>Parceria de primeira ordem<\/strong><\/p>\n\n\n\n<p class=\"wp-block-paragraph\">Para Gleydson Nato, a elei\u00e7\u00e3o de Alfredo Junior poder\u00e1 representar uma oportunidade de ampliar a capacidade de articula\u00e7\u00e3o pol\u00edtica da regi\u00e3o Sul. \u201cCom a parceria do deputado Alfredo Junior, que, se Deus quiser, ser\u00e1 eleito para a C\u00e2mara Federal, teremos um parceiro de primeira ordem para que possamos ter condi\u00e7\u00f5es de fazer um excelente trabalho em prol da regi\u00e3o Sul e de todo o Tocantins\u201d, afirma.<\/p>\n\n\n\n<p class=\"wp-block-paragraph\">A estrat\u00e9gia defendida pelos dois candidatos \u00e9 estabelecer uma atua\u00e7\u00e3o conjunta. Enquanto Gleydson pretende utilizar o espa\u00e7o da Assembleia Legislativa para defender os interesses dos munic\u00edpios, Alfredo Junior poder\u00e1 atuar em Bras\u00edlia na busca de recursos, investimentos e pol\u00edticas p\u00fablicas de alcance federal. A ideia \u00e9 transformar a parceria em uma esp\u00e9cie de ponte entre Gurupi, a regi\u00e3o Sul, Palmas e Bras\u00edlia.<\/p>\n\n\n\n<p class=\"wp-block-paragraph\"><strong>&nbsp;Experi\u00eancia para fiscalizar e capacidade para construir<\/strong><\/p>\n\n\n\n<p class=\"wp-block-paragraph\">Gleydson Nato tamb\u00e9m procura destacar que o papel de um deputado estadual n\u00e3o se resume \u00e0 apresenta\u00e7\u00e3o de projetos. Para ele, o parlamentar precisa exercer com independ\u00eancia a fun\u00e7\u00e3o de fiscalizar o dinheiro p\u00fablico, acompanhar a execu\u00e7\u00e3o das pol\u00edticas governamentais, cobrar resultados e defender os interesses da popula\u00e7\u00e3o.<\/p>\n\n\n\n<p class=\"wp-block-paragraph\">Ao mesmo tempo, acredita que a Assembleia Legislativa precisa ser um espa\u00e7o de di\u00e1logo e constru\u00e7\u00e3o de solu\u00e7\u00f5es. Seu discurso combina, portanto, dois elementos: fiscaliza\u00e7\u00e3o e articula\u00e7\u00e3o.<\/p>\n\n\n\n<p class=\"wp-block-paragraph\">A experi\u00eancia como vereador mostrou a realidade do munic\u00edpio; a passagem pela Prefeitura permitiu conhecer o Executivo; a gest\u00e3o na Jucetins aproximou-o das demandas econ\u00f4micas e empresariais; e a experi\u00eancia como deputado e l\u00edder do Governo proporcionou conhecimento do funcionamento do Parlamento estadual e de sua rela\u00e7\u00e3o com o Executivo.<\/p>\n\n\n\n<figure class=\"wp-block-image is-resized\"><a href=\"https:\/\/blogger.googleusercontent.com\/img\/b\/R29vZ2xl\/AVvXsEh1mdkXbaCK36SGjkSKcimSgbVqK1igyxIZlYcgtkDfJqWWNYSe1UWp-PYeX3_lRVAzlE3DKiySvqbpuPGa-UrpdCBfcuN6F2wcNRLHi8fgzxB6zNm0eFa5VWJw7yZC0jHvhabkyAgceaYz6LDbFu9P1dryHnj2-CC-EfF0G0NjHZtVrGxD5HM6Wf35y1mF\/s1280\/Alfredo-Junior-percorre-comercios-de-Gurupi-inaugura-comite-promove-adesivaco-e-reune-liderancas-em-Vila-Quixaba-1.jpeg\"><img decoding=\"async\" src=\"https:\/\/blogger.googleusercontent.com\/img\/b\/R29vZ2xl\/AVvXsEh1mdkXbaCK36SGjkSKcimSgbVqK1igyxIZlYcgtkDfJqWWNYSe1UWp-PYeX3_lRVAzlE3DKiySvqbpuPGa-UrpdCBfcuN6F2wcNRLHi8fgzxB6zNm0eFa5VWJw7yZC0jHvhabkyAgceaYz6LDbFu9P1dryHnj2-CC-EfF0G0NjHZtVrGxD5HM6Wf35y1mF\/w517-h346\/Alfredo-Junior-percorre-comercios-de-Gurupi-inaugura-comite-promove-adesivaco-e-reune-liderancas-em-Vila-Quixaba-1.jpeg\" alt=\"\" style=\"aspect-ratio:1.4942196531791907;width:840px;height:auto\"\/><\/a><\/figure>\n\n\n\n<p class=\"wp-block-paragraph\"><strong>O diferencial \u00e9 a experi\u00eancia<\/strong><\/p>\n\n\n\n<p class=\"wp-block-paragraph\">\u00c9 com esse hist\u00f3rico que Gleydson Nato pretende retornar \u00e0 Assembleia Legislativa. A candidatura procura se apresentar ao eleitor como resultado de uma trajet\u00f3ria constru\u00edda ao longo de anos e em diferentes fun\u00e7\u00f5es p\u00fablicas.<\/p>\n\n\n\n<p class=\"wp-block-paragraph\">Vereador, secret\u00e1rio municipal, vice-prefeito, gestor estadual e deputado estadual. Experi\u00eancias que, segundo Gleydson Nato, lhe deram conhecimento para compreender as necessidades da popula\u00e7\u00e3o e, ao mesmo tempo, dialogar com os diferentes n\u00edveis do poder p\u00fablico.<\/p>\n\n\n\n<p class=\"wp-block-paragraph\">Agora, o desafio \u00e9 transformar essa experi\u00eancia em um novo mandato. Com ideias que define como claras e objetivas, Gleydson afirma estar preparado para atuar na Assembleia Legislativa com determina\u00e7\u00e3o, responsabilidade e compromisso com o Tocantins.<\/p>\n\n\n\n<p class=\"wp-block-paragraph\">E coloca a parceria com Alfredo Junior como uma das principais apostas para ampliar a representatividade pol\u00edtica da regi\u00e3o. A proposta \u00e9 simples no discurso, mas ambiciosa nos objetivos. Unir experi\u00eancia pol\u00edtica, articula\u00e7\u00e3o e representa\u00e7\u00e3o para fazer Gurupi e a regi\u00e3o Sul terem voz mais forte no Tocantins e em Bras\u00edlia.<\/p>\n\n\n\n<figure class=\"wp-block-image is-resized\"><a href=\"https:\/\/blogger.googleusercontent.com\/img\/b\/R29vZ2xl\/AVvXsEgf5mfNRnrGkjGnmyRJP3JM_ulJ0aGbPYu90INR06IyB1dIRHL8t5yuAOyqSaGI_S0yDH1k-v54RxhCY8arqbsACSuvqg68HWoAvY-j_pkB_tSn9_xJNP17LJCLJa1-_ozCxjkkA0cpkesJdeJ-TT8G5cv7Cl20iT3JQfMqGiBJVS0_chgrzPq1zvTQCS0-\/s543\/700670060_1294448692862167_875540138268656600_n.jpg\"><img decoding=\"async\" src=\"https:\/\/blogger.googleusercontent.com\/img\/b\/R29vZ2xl\/AVvXsEgf5mfNRnrGkjGnmyRJP3JM_ulJ0aGbPYu90INR06IyB1dIRHL8t5yuAOyqSaGI_S0yDH1k-v54RxhCY8arqbsACSuvqg68HWoAvY-j_pkB_tSn9_xJNP17LJCLJa1-_ozCxjkkA0cpkesJdeJ-TT8G5cv7Cl20iT3JQfMqGiBJVS0_chgrzPq1zvTQCS0-\/w486-h493\/700670060_1294448692862167_875540138268656600_n.jpg\" alt=\"\" style=\"width:840px;height:auto\"\/><\/a><\/figure>\n","protected":false},"excerpt":{"rendered":"<p>Com passagem pela C\u00e2mara Municipal, Prefeitura e Assembleia Legislativa, candidato aposta na experi\u00eancia pol\u00edtica e na parceria com Alfredo Junior para ampliar investimentos e oportunidades para a regi\u00e3o Sul Gurupi e a regi\u00e3o Sul do Tocantins podem ganhar uma nova for\u00e7a de representa\u00e7\u00e3o pol\u00edtica com a uni\u00e3o de duas experi\u00eancias que pretendem atuar de forma &hellip;<\/p>\n","protected":false},"author":5,"featured_media":20690,"comment_status":"open","ping_status":"open","sticky":false,"template":"","format":"standard","meta":{"footnotes":""},"categories":[40],"tags":[],"class_list":["post-20689","post","type-post","status-publish","format-standard","has-post-thumbnail","","category-politica"],"_links":{"self":[{"href":"https:\/\/focotocantinense.com.br\/index.php?rest_route=\/wp\/v2\/posts\/20689","targetHints":{"allow":["GET"]}}],"collection":[{"href":"https:\/\/focotocantinense.com.br\/index.php?rest_route=\/wp\/v2\/posts"}],"about":[{"href":"https:\/\/focotocantinense.com.br\/index.php?rest_route=\/wp\/v2\/types\/post"}],"author":[{"embeddable":true,"href":"https:\/\/focotocantinense.com.br\/index.php?rest_route=\/wp\/v2\/users\/5"}],"replies":[{"embeddable":true,"href":"https:\/\/focotocantinense.com.br\/index.php?rest_route=%2Fwp%2Fv2%2Fcomments&post=20689"}],"version-history":[{"count":1,"href":"https:\/\/focotocantinense.com.br\/index.php?rest_route=\/wp\/v2\/posts\/20689\/revisions"}],"predecessor-version":[{"id":20691,"href":"https:\/\/focotocantinense.com.br\/index.php?rest_route=\/wp\/v2\/posts\/20689\/revisions\/20691"}],"wp:featuredmedia":[{"embeddable":true,"href":"https:\/\/focotocantinense.com.br\/index.php?rest_route=\/wp\/v2\/media\/20690"}],"wp:attachment":[{"href":"https:\/\/focotocantinense.com.br\/index.php?rest_route=%2Fwp%2Fv2%2Fmedia&parent=20689"}],"wp:term":[{"taxonomy":"category","embeddable":true,"href":"https:\/\/focotocantinense.com.br\/index.php?rest_route=%2Fwp%2Fv2%2Fcategories&post=20689"},{"taxonomy":"post_tag","embeddable":true,"href":"https:\/\/focotocantinense.com.br\/index.php?rest_route=%2Fwp%2Fv2%2Ftags&post=20689"}],"curies":[{"name":"wp","href":"https:\/\/api.w.org\/{rel}","templated":true}]}}