
{"id":20681,"date":"2026-09-03T16:01:19","date_gmt":"2026-09-03T19:01:19","guid":{"rendered":"https:\/\/focotocantinense.com.br\/?p=20681"},"modified":"2026-09-03T16:02:27","modified_gmt":"2026-09-03T19:02:27","slug":"hoje-e-o-aniversario-do-kaka-nogueira","status":"publish","type":"post","link":"https:\/\/focotocantinense.com.br\/?p=20681","title":{"rendered":"Hoje \u00e9 o anivers\u00e1rio do Kak\u00e1 Nogueira"},"content":{"rendered":"\n<figure class=\"wp-block-image size-full is-resized\"><img loading=\"lazy\" decoding=\"async\" width=\"960\" height=\"720\" src=\"https:\/\/focotocantinense.com.br\/wp-content\/uploads\/2026\/09\/xxxx.jpg\" alt=\"\" class=\"wp-image-20682\" style=\"width:384px;height:auto\" srcset=\"https:\/\/focotocantinense.com.br\/wp-content\/uploads\/2026\/09\/xxxx.jpg 960w, https:\/\/focotocantinense.com.br\/wp-content\/uploads\/2026\/09\/xxxx-300x225.jpg 300w, https:\/\/focotocantinense.com.br\/wp-content\/uploads\/2026\/09\/xxxx-768x576.jpg 768w\" sizes=\"auto, (max-width: 960px) 100vw, 960px\" \/><\/figure>\n\n\n\n<p class=\"wp-block-paragraph\"><\/p>\n\n\n\n<p class=\"wp-block-paragraph\"><strong>Por Zacarias Martins<\/strong><\/p>\n\n\n\n<p class=\"wp-block-paragraph\">Hoje \u00e9 um dia especial, repleto de alegria, celebra\u00e7\u00e3o e amor, pois \u00e9 o dia do anivers\u00e1rio de Kak\u00e1 Nogueira, &nbsp;esse&nbsp; festejado agitador cultural, presidente da FETAC \u2013 Federa\u00e7\u00e3o Tocantinense de Artes C\u00eanicas, e coordenador geral do Comit\u00ea de Cultura no Tocantins.<\/p>\n\n\n\n<p class=\"wp-block-paragraph\">Neste momento \u00fanico, queremos expressar todo o carinho e admira\u00e7\u00e3o que sentimos por essa ilustre figura. Sua presen\u00e7a ilumina a vida daqueles ao seu redor, e cada momento compartilhado \u00e9 motivo de gratid\u00e3o.<\/p>\n\n\n\n<p class=\"wp-block-paragraph\">Que este novo ano de vida que se inicia seja repleto de conquistas, sa\u00fade, amor e realiza\u00e7\u00f5es. Que cada passo dado seja acompanhado por boas energias e sorrisos. Continue sendo essa pessoa incr\u00edvel, inspiradora e cheia de luz que todos n\u00f3s admiramos.<\/p>\n\n\n\n<figure class=\"wp-block-image size-large\"><img loading=\"lazy\" decoding=\"async\" width=\"1024\" height=\"340\" src=\"https:\/\/focotocantinense.com.br\/wp-content\/uploads\/2026\/09\/OK_VINICIUS_MARTINS_101-1024x340.jpeg\" alt=\"\" class=\"wp-image-20683\" srcset=\"https:\/\/focotocantinense.com.br\/wp-content\/uploads\/2026\/09\/OK_VINICIUS_MARTINS_101-1024x340.jpeg 1024w, https:\/\/focotocantinense.com.br\/wp-content\/uploads\/2026\/09\/OK_VINICIUS_MARTINS_101-300x100.jpeg 300w, https:\/\/focotocantinense.com.br\/wp-content\/uploads\/2026\/09\/OK_VINICIUS_MARTINS_101-767x255.jpeg 767w, https:\/\/focotocantinense.com.br\/wp-content\/uploads\/2026\/09\/OK_VINICIUS_MARTINS_101.jpeg 1125w\" sizes=\"auto, (max-width: 1024px) 100vw, 1024px\" \/><\/figure>\n","protected":false},"excerpt":{"rendered":"<p>Por Zacarias Martins Hoje \u00e9 um dia especial, repleto de alegria, celebra\u00e7\u00e3o e amor, pois \u00e9 o dia do anivers\u00e1rio de Kak\u00e1 Nogueira, &nbsp;esse&nbsp; festejado agitador cultural, presidente da FETAC \u2013 Federa\u00e7\u00e3o Tocantinense de Artes C\u00eanicas, e coordenador geral do Comit\u00ea de Cultura no Tocantins. Neste momento \u00fanico, queremos expressar todo o carinho e admira\u00e7\u00e3o &hellip;<\/p>\n","protected":false},"author":5,"featured_media":20682,"comment_status":"open","ping_status":"open","sticky":false,"template":"","format":"standard","meta":{"footnotes":""},"categories":[1],"tags":[],"class_list":["post-20681","post","type-post","status-publish","format-standard","has-post-thumbnail","","category-sem-categoria"],"_links":{"self":[{"href":"https:\/\/focotocantinense.com.br\/index.php?rest_route=\/wp\/v2\/posts\/20681","targetHints":{"allow":["GET"]}}],"collection":[{"href":"https:\/\/focotocantinense.com.br\/index.php?rest_route=\/wp\/v2\/posts"}],"about":[{"href":"https:\/\/focotocantinense.com.br\/index.php?rest_route=\/wp\/v2\/types\/post"}],"author":[{"embeddable":true,"href":"https:\/\/focotocantinense.com.br\/index.php?rest_route=\/wp\/v2\/users\/5"}],"replies":[{"embeddable":true,"href":"https:\/\/focotocantinense.com.br\/index.php?rest_route=%2Fwp%2Fv2%2Fcomments&post=20681"}],"version-history":[{"count":2,"href":"https:\/\/focotocantinense.com.br\/index.php?rest_route=\/wp\/v2\/posts\/20681\/revisions"}],"predecessor-version":[{"id":20685,"href":"https:\/\/focotocantinense.com.br\/index.php?rest_route=\/wp\/v2\/posts\/20681\/revisions\/20685"}],"wp:featuredmedia":[{"embeddable":true,"href":"https:\/\/focotocantinense.com.br\/index.php?rest_route=\/wp\/v2\/media\/20682"}],"wp:attachment":[{"href":"https:\/\/focotocantinense.com.br\/index.php?rest_route=%2Fwp%2Fv2%2Fmedia&parent=20681"}],"wp:term":[{"taxonomy":"category","embeddable":true,"href":"https:\/\/focotocantinense.com.br\/index.php?rest_route=%2Fwp%2Fv2%2Fcategories&post=20681"},{"taxonomy":"post_tag","embeddable":true,"href":"https:\/\/focotocantinense.com.br\/index.php?rest_route=%2Fwp%2Fv2%2Ftags&post=20681"}],"curies":[{"name":"wp","href":"https:\/\/api.w.org\/{rel}","templated":true}]}}