
{"id":20673,"date":"2026-09-02T14:58:55","date_gmt":"2026-09-02T17:58:55","guid":{"rendered":"https:\/\/focotocantinense.com.br\/?p=20673"},"modified":"2026-09-02T15:45:43","modified_gmt":"2026-09-02T18:45:43","slug":"gleydson-nato-lanca-oficialmente-campanha-em-gurupi-ao-lado-de-alfredo-junior","status":"publish","type":"post","link":"https:\/\/focotocantinense.com.br\/?p=20673","title":{"rendered":"Gleydson Nato lan\u00e7a oficialmente campanha em Gurupi ao lado de Alfredo J\u00fanior"},"content":{"rendered":"\n<figure class=\"wp-block-image size-large is-resized\"><img loading=\"lazy\" decoding=\"async\" width=\"1024\" height=\"576\" src=\"https:\/\/focotocantinense.com.br\/wp-content\/uploads\/2026\/09\/1-GLEYDESON-NATO-1024x576.jpeg\" alt=\"\" class=\"wp-image-20674\" style=\"width:400px;height:auto\" srcset=\"https:\/\/focotocantinense.com.br\/wp-content\/uploads\/2026\/09\/1-GLEYDESON-NATO-1024x576.jpeg 1024w, https:\/\/focotocantinense.com.br\/wp-content\/uploads\/2026\/09\/1-GLEYDESON-NATO-300x169.jpeg 300w, https:\/\/focotocantinense.com.br\/wp-content\/uploads\/2026\/09\/1-GLEYDESON-NATO-768x432.jpeg 768w, https:\/\/focotocantinense.com.br\/wp-content\/uploads\/2026\/09\/1-GLEYDESON-NATO.jpeg 1280w\" sizes=\"auto, (max-width: 1024px) 100vw, 1024px\" \/><\/figure>\n\n\n\n<p class=\"wp-block-paragraph\"><strong><em>Adesiva\u00e7o re\u00fane apoiadores e marca o in\u00edcio da caminhada de Gleydson Nato rumo \u00e0 Assembleia Legislativa<\/em><\/strong><\/p>\n\n\n\n<p class=\"wp-block-paragraph\">Na noite desta ter\u00e7a-feira, 01 de setembro, marcou o lan\u00e7amento oficial da campanha de Gleydson Nato a deputado estadual. O adesiva\u00e7o realizado em Gurupi reuniu apoiadores, amigos, lideran\u00e7as e pessoas que fizeram quest\u00e3o de demonstrar publicamente seu apoio ao candidato.<\/p>\n\n\n\n<p class=\"wp-block-paragraph\">O momento contou tamb\u00e9m com a presen\u00e7a de Alfredo J\u00fanior, candidato a deputado federal, que esteve ao lado de Gleydson durante o evento. A participa\u00e7\u00e3o refor\u00e7ou a constru\u00e7\u00e3o de uma caminhada conjunta em busca de uma representa\u00e7\u00e3o forte para Gurupi e para os munic\u00edpios tocantinenses.<\/p>\n\n\n\n<p class=\"wp-block-paragraph\">O movimento no escrit\u00f3rio pol\u00edtico marcou o primeiro grande ato da campanha, com ve\u00edculos sendo adesivados e apoiadores participando ativamente desse novo momento.<\/p>\n\n\n\n<p class=\"wp-block-paragraph\">Para Gleydson Nato, come\u00e7ar a campanha em Gurupi tem um significado especial. Foi na cidade onde construiu grande parte de sua trajet\u00f3ria p\u00fablica, passando pela atua\u00e7\u00e3o social, pelo mandato de vereador, pela vice-prefeitura e por diferentes fun\u00e7\u00f5es na gest\u00e3o p\u00fablica.<\/p>\n\n\n\n<p class=\"wp-block-paragraph\">\u201cCome\u00e7ar essa caminhada aqui em Gurupi, ao lado de pessoas que conhecem a nossa hist\u00f3ria, tem um significado muito grande. A campanha come\u00e7a oficialmente hoje, mas o nosso trabalho pelas pessoas j\u00e1 vem de muitos anos. Agora \u00e9 hora de levar essa experi\u00eancia para todo o Tocantins\u201d, afirmou Gleydson.<\/p>\n\n\n\n<figure class=\"wp-block-image size-large\"><img loading=\"lazy\" decoding=\"async\" width=\"1024\" height=\"545\" src=\"https:\/\/focotocantinense.com.br\/wp-content\/uploads\/2026\/09\/2-GLEYDSON-NATO-1024x545.jpeg\" alt=\"\" class=\"wp-image-20675\" srcset=\"https:\/\/focotocantinense.com.br\/wp-content\/uploads\/2026\/09\/2-GLEYDSON-NATO-1024x545.jpeg 1024w, https:\/\/focotocantinense.com.br\/wp-content\/uploads\/2026\/09\/2-GLEYDSON-NATO-300x159.jpeg 300w, https:\/\/focotocantinense.com.br\/wp-content\/uploads\/2026\/09\/2-GLEYDSON-NATO-767x408.jpeg 767w, https:\/\/focotocantinense.com.br\/wp-content\/uploads\/2026\/09\/2-GLEYDSON-NATO-310x165.jpeg 310w, https:\/\/focotocantinense.com.br\/wp-content\/uploads\/2026\/09\/2-GLEYDSON-NATO.jpeg 1284w\" sizes=\"auto, (max-width: 1024px) 100vw, 1024px\" \/><\/figure>\n\n\n\n<p class=\"wp-block-paragraph\"><\/p>\n\n\n\n<p class=\"wp-block-paragraph\">Ao lado de Alfredo J\u00fanior, Gleydson tamb\u00e9m defende a import\u00e2ncia de uma representa\u00e7\u00e3o alinhada entre Bras\u00edlia e a Assembleia Legislativa para fortalecer a busca por investimentos, projetos e melhorias para Gurupi e demais munic\u00edpios do Tocantins.<\/p>\n\n\n\n<p class=\"wp-block-paragraph\">\u201cHoje n\u00e3o estamos apenas adesivando carros, estamos mostrando que existe um grupo disposto a caminhar junto e trabalhar pelo Tocantins. Tenho muito orgulho de estar ao lado do Gleydson neste momento. Ele conhece a nossa regi\u00e3o, conhece as necessidades da nossa gente e tem disposi\u00e7\u00e3o para trabalhar. Quero estar em Bras\u00edlia para ajudar a transformar essas demandas em conquistas para Gurupi e para todo o Estado\u201d, afirmou Alfredo J\u00fanior.<\/p>\n\n\n\n<p class=\"wp-block-paragraph\">Com o lan\u00e7amento oficial, Gleydson Nato inicia uma nova etapa da campanha, que ter\u00e1 como foco a presen\u00e7a nas ruas, o di\u00e1logo com a popula\u00e7\u00e3o e a apresenta\u00e7\u00e3o de propostas para o desenvolvimento do Estado.<\/p>\n\n\n\n<figure class=\"wp-block-image is-resized\"><a href=\"https:\/\/blogger.googleusercontent.com\/img\/b\/R29vZ2xl\/AVvXsEgo1HdYNq_JH2_ETCLZZozLcmQI1SGoSMYYAtWbi7tlvvFDPKqadxarcBBGcU2rZg1qj1gxUTk6N6nA1i9RU2Kt52JoFDslNGJLhAkDKhUXIRjvN4aO_sycHpAVqe7eVZbvuPtJzXAMiKFwB_M8F0p_vY1vQVqNkWqPMh_EkHgnhyphenhyphenDJTaXue1RhqxVLSW_2\/s543\/700670060_1294448692862167_875540138268656600_n.jpg\"><img decoding=\"async\" src=\"https:\/\/blogger.googleusercontent.com\/img\/b\/R29vZ2xl\/AVvXsEgo1HdYNq_JH2_ETCLZZozLcmQI1SGoSMYYAtWbi7tlvvFDPKqadxarcBBGcU2rZg1qj1gxUTk6N6nA1i9RU2Kt52JoFDslNGJLhAkDKhUXIRjvN4aO_sycHpAVqe7eVZbvuPtJzXAMiKFwB_M8F0p_vY1vQVqNkWqPMh_EkHgnhyphenhyphenDJTaXue1RhqxVLSW_2\/w487-h495\/700670060_1294448692862167_875540138268656600_n.jpg\" alt=\"\" style=\"width:840px;height:auto\"\/><\/a><\/figure>\n\n\n\n<figure class=\"wp-block-image size-large is-resized\"><img loading=\"lazy\" decoding=\"async\" width=\"1024\" height=\"576\" src=\"https:\/\/focotocantinense.com.br\/wp-content\/uploads\/2026\/09\/1-GLEYDESON-NATO-1024x576.jpeg\" alt=\"\" class=\"wp-image-20674\" style=\"width:412px;height:auto\" srcset=\"https:\/\/focotocantinense.com.br\/wp-content\/uploads\/2026\/09\/1-GLEYDESON-NATO-1024x576.jpeg 1024w, https:\/\/focotocantinense.com.br\/wp-content\/uploads\/2026\/09\/1-GLEYDESON-NATO-300x169.jpeg 300w, https:\/\/focotocantinense.com.br\/wp-content\/uploads\/2026\/09\/1-GLEYDESON-NATO-768x432.jpeg 768w, https:\/\/focotocantinense.com.br\/wp-content\/uploads\/2026\/09\/1-GLEYDESON-NATO.jpeg 1280w\" sizes=\"auto, (max-width: 1024px) 100vw, 1024px\" \/><\/figure>\n","protected":false},"excerpt":{"rendered":"<p>Adesiva\u00e7o re\u00fane apoiadores e marca o in\u00edcio da caminhada de Gleydson Nato rumo \u00e0 Assembleia Legislativa Na noite desta ter\u00e7a-feira, 01 de setembro, marcou o lan\u00e7amento oficial da campanha de Gleydson Nato a deputado estadual. O adesiva\u00e7o realizado em Gurupi reuniu apoiadores, amigos, lideran\u00e7as e pessoas que fizeram quest\u00e3o de demonstrar publicamente seu apoio ao &hellip;<\/p>\n","protected":false},"author":5,"featured_media":20674,"comment_status":"open","ping_status":"open","sticky":false,"template":"","format":"standard","meta":{"footnotes":""},"categories":[38],"tags":[],"class_list":["post-20673","post","type-post","status-publish","format-standard","has-post-thumbnail","","category-gurupi"],"_links":{"self":[{"href":"https:\/\/focotocantinense.com.br\/index.php?rest_route=\/wp\/v2\/posts\/20673","targetHints":{"allow":["GET"]}}],"collection":[{"href":"https:\/\/focotocantinense.com.br\/index.php?rest_route=\/wp\/v2\/posts"}],"about":[{"href":"https:\/\/focotocantinense.com.br\/index.php?rest_route=\/wp\/v2\/types\/post"}],"author":[{"embeddable":true,"href":"https:\/\/focotocantinense.com.br\/index.php?rest_route=\/wp\/v2\/users\/5"}],"replies":[{"embeddable":true,"href":"https:\/\/focotocantinense.com.br\/index.php?rest_route=%2Fwp%2Fv2%2Fcomments&post=20673"}],"version-history":[{"count":2,"href":"https:\/\/focotocantinense.com.br\/index.php?rest_route=\/wp\/v2\/posts\/20673\/revisions"}],"predecessor-version":[{"id":20678,"href":"https:\/\/focotocantinense.com.br\/index.php?rest_route=\/wp\/v2\/posts\/20673\/revisions\/20678"}],"wp:featuredmedia":[{"embeddable":true,"href":"https:\/\/focotocantinense.com.br\/index.php?rest_route=\/wp\/v2\/media\/20674"}],"wp:attachment":[{"href":"https:\/\/focotocantinense.com.br\/index.php?rest_route=%2Fwp%2Fv2%2Fmedia&parent=20673"}],"wp:term":[{"taxonomy":"category","embeddable":true,"href":"https:\/\/focotocantinense.com.br\/index.php?rest_route=%2Fwp%2Fv2%2Fcategories&post=20673"},{"taxonomy":"post_tag","embeddable":true,"href":"https:\/\/focotocantinense.com.br\/index.php?rest_route=%2Fwp%2Fv2%2Ftags&post=20673"}],"curies":[{"name":"wp","href":"https:\/\/api.w.org\/{rel}","templated":true}]}}