{"id":2064,"date":"2022-02-08T17:18:46","date_gmt":"2022-02-08T20:18:46","guid":{"rendered":"https:\/\/focotocantinense.com.br\/?p=2064"},"modified":"2022-02-08T18:10:41","modified_gmt":"2022-02-08T21:10:41","slug":"historia-cultura-e-ancestralidade-tocantinia-e-uma-cidade-que-voce-precisa-conhecer","status":"publish","type":"post","link":"https:\/\/focotocantinense.com.br\/?p=2064","title":{"rendered":"Hist\u00f3ria, cultura e ancestralidade: Tocant\u00ednia \u00e9 uma cidade que voc\u00ea precisa conhecer"},"content":{"rendered":"\n<figure class=\"wp-block-image size-full is-resized\"><img loading=\"lazy\" decoding=\"async\" src=\"https:\/\/focotocantinense.com.br\/wp-content\/uploads\/2022\/02\/zzzz-4.jpg\" alt=\"\" class=\"wp-image-2065\" width=\"380\" height=\"256\" srcset=\"https:\/\/focotocantinense.com.br\/wp-content\/uploads\/2022\/02\/zzzz-4.jpg 678w, https:\/\/focotocantinense.com.br\/wp-content\/uploads\/2022\/02\/zzzz-4-300x202.jpg 300w, https:\/\/focotocantinense.com.br\/wp-content\/uploads\/2022\/02\/zzzz-4-110x75.jpg 110w\" sizes=\"auto, (max-width: 380px) 100vw, 380px\" \/><figcaption><br>As pesquisas de campo que as equipes do SEBRAE-TO e da ABET (Ag\u00eancia Brasileira de Engenharia Tur\u00edstica) fizeram no munic\u00edpio ao longo do m\u00eas de janeiro movimentaram os neg\u00f3cios tur\u00edsticos locais, e alguns dados j\u00e1 est\u00e3o tabulados pensando no Planejamento Tur\u00edstico Estrat\u00e9gico que est\u00e1 sendo desenvolvido.<br><br>Para a secret\u00e1ria de Turismo de Tocant\u00ednia, Larisse Alencar Santana Caldeira, \u201dcomo mapeamento dos empreendimentos por meio do Invent\u00e1rio de Oferta Tur\u00edstica ser\u00e1 poss\u00edvel entender melhor como est\u00e1 o atual funcionamento do nosso munic\u00edpio nesse sentido e isso servir\u00e1 de base para nos dedicarmos \u00e0s a\u00e7\u00f5es que desenvolver\u00e3o e impulsionar\u00e3o o turismo na regi\u00e3o, al\u00e9m de nos ajudar a prestar um atendimento de maior qualidade aos visitantes. <br><br>Descobrimos, por exemplo, que nossa cidade consegue atender a mais de mil pessoas nos equipamentos de alimenta\u00e7\u00e3o espalhados pelos bairros, sendo que, s\u00f3 no Centro, temos capacidade para receber cerca de 600 moradores e visitantes para degustar nossa deliciosa gastronomia. Outro fator interessante foi o contato mais pr\u00f3ximo com as comunidades que essa fase de pesquisa de campo nos trouxe, nos ajudando a mobilizar a popula\u00e7\u00e3o, e fomos muito bem recebidos em todos os lugares pelos quais passamos. Pudemos ver como o nosso artesanato em capim-dourado traz renda a mais de 80 artes\u00e3os que utilizam essa mat\u00e9ria-prima para fazer bolsas, acess\u00f3rios e o que mais a imagina\u00e7\u00e3o mandar, exportando o nome da nossa cidade para fora do estado e do pa\u00eds. <br><br>Por fim, uma quest\u00e3o que tamb\u00e9m me chamou a aten\u00e7\u00e3o e acredito que \u00e9 um dos pontos mais importantes para o sucesso do projeto \u00e9 respeitar a hist\u00f3ria, a cultura e as tradi\u00e7\u00f5es dos povos nativos, uma vez que temos aqui mais de 100 aldeias ind\u00edgenas, por exemplo, e queremos muito ajud\u00e1-las a se desenvolverem e prosperarem com o turismo. Tanto n\u00f3s, da Secretaria de Turismo, quanto o\u00a0<em>trade<\/em>\u00a0tur\u00edstico da cidade estamos felizes com o andamento do projeto e empolgados para o que ainda vem pela frente\u201d.<br><br><strong>Respeito \u00e0 hist\u00f3ria de todo um povo<\/strong><br>Localizada a 80 km de Palmas, a cidade de Tocant\u00ednia oferece belas paisagens, pessoas receptivas, tranquilidade e muito contato com a natureza. A Praia do Por do Sol, por exemplo, se destaca pelas \u00e1guas cristalinas, mas a verdadeira riqueza do munic\u00edpio est\u00e1 em sua gente hospitaleira e cheia de disposi\u00e7\u00e3o para fazer o turismo acontecer.<br>Cerca de 75% dos 2.601 km<sup>2<\/sup>\u00a0da \u00e1rea de Tocant\u00ednia \u00e9 territ\u00f3rio ind\u00edgena Xerente e Funil. E, hoje, pensar na implanta\u00e7\u00e3o e desenvolvimento de um turismo sustent\u00e1vel no munic\u00edpio inclui investir em etnocultura. Mas o que isso quer dizer?<br><br>Segundo Srew\u1ebd Xerente o projeto visa incluir as aldeias nas a\u00e7\u00f5es de promo\u00e7\u00e3o do turismo local, \u201cnosso foco principal \u00e9 promover a cultura ind\u00edgena para al\u00e9m das nossas fronteiras, contando nossa hist\u00f3ria e preservando espa\u00e7os que guardam fatos preciosos, como, por exemplo, as escrituras rupestres que temos em algumas rochas localizadas na cidade, que s\u00e3o um tesouro da Antiguidade e comp\u00f5em um cap\u00edtulo da hist\u00f3ria dos nossos antepassados. Queremos trabalhar a gera\u00e7\u00e3o de emprego e renda por meio do turismo comunit\u00e1rio, ou seja, trazendo visitantes para conhecer as aldeias e ver como elas funcionam, as tradi\u00e7\u00f5es e costumes. Hoje, as pessoas j\u00e1 fazem algumas visitas, mas n\u00e3o \u00e9 algo muito estruturado. Estamos construindo um centro de visita\u00e7\u00e3o na aldeia \u012ap\u00ea Mori\u00e1 (que simboliza a Associa\u00e7\u00e3o Ind\u00edgena Xerente), com foco no fortalecimento cultural, e l\u00e1 teremos seis \u201ckri\u201d (ou casas) e espa\u00e7o de alimenta\u00e7\u00e3o. A ideia \u00e9 que o turista possa ter uma viv\u00eancia com mais imers\u00e3o na cultura ind\u00edgena, desfrutando de pernoites no local e tendo a oportunidade de fazer contato com essas comunidades t\u00e3o \u00fanicas, participando de atividades que fazem parte da rotina delas. <br><br>Atualmente temos uma popula\u00e7\u00e3o de quase 4 mil ind\u00edgenas distribu\u00eddos em cerca de 100 aldeias e, inicialmente, nosso objetivo \u00e9 envolver 12 delas nesse projeto (sendo 9 Xerente e 3 na terra ind\u00edgena do Funil). Ser\u00e1 uma experi\u00eancia sensorial e t\u00e1til muito rica, que com certeza oferecer\u00e1 trocas de conhecimento interessantes para todos. Com esses investimentos que est\u00e3o sendo feitos pela Prefeitura e pelo SEBRAE, acredito que Tocant\u00ednia est\u00e1 se preparando para receber turistas de todo o Brasil e do mundo\u201d.<br><br>O prefeito de Tocant\u00ednia, Manoel Silvino, reiterou que o projeto de turismo em parceria com o Sebrae vai elevar a economia no munic\u00edpio, trazendo novas oportunidades de neg\u00f3cios aos comerciantes e artes\u00e3os locais. \u201cTocant\u00ednia possui diversos atrativos tur\u00edsticos para oferecer aos turistas que buscam conhecer lugares ex\u00f3ticos como s\u00edtios arqueol\u00f3gicos, cultura e aldeias ind\u00edgenas, al\u00e9m do carnaval fora de \u00e9poca, o Carnatoca, a temporada de praia em julho que acontece na Orla da cidade, o berarubu uma comida t\u00edpica local, os balne\u00e1rios do c\u00f3rrego Piabanha, entre outras\u201d, frisou. \u00a0\u00a0\u00a0<br><br><strong>Sebrae-TO \u00e9 pe\u00e7a-chave para o desenvolvimento tur\u00edstico do estado<\/strong><br><br>Parte do trabalho de desenvolvimento e promo\u00e7\u00e3o do turismo est\u00e1 em preparar os empreendimentos locais para atender e receber bem seus visitantes. Nesse processo, as MPEs (Micro e Pequenas Empresas) merecem uma aten\u00e7\u00e3o especial, e o Sebrae atua forte na prepara\u00e7\u00e3o e integra\u00e7\u00e3o delas em toda a cadeia produtiva quanto \u00e0 gera\u00e7\u00e3o de riquezas e tamb\u00e9m quanto ao desenvolvimento de uma regi\u00e3o ou territ\u00f3rio, promovendo novos postos de trabalho e valoriza\u00e7\u00e3o econ\u00f4mica dos patrim\u00f4nios natural e cultural brasileiros.<br><br>De acordo com superintendente do Sebrae-TO, Mois\u00e9s Gomes, \u201cuma iniciativa organizada sob forma de projeto para apoiar a competitividade das empresas precisa contar com a integra\u00e7\u00e3o de compet\u00eancias e atribui\u00e7\u00f5es dos diversos atores institucionais. \u00c9 preciso buscar a constru\u00e7\u00e3o de verdadeiras alian\u00e7as com cada institui\u00e7\u00e3o, percebendo claramente a import\u00e2ncia da atua\u00e7\u00e3o sin\u00e9rgica para gera\u00e7\u00e3o de ganhos, tanto para os parceiros quanto para o p\u00fablico benefici\u00e1rio das a\u00e7\u00f5es. Assim, o SEBRAE-TO, em conjunto com seus parceiros (como a Ag\u00eancia de Desenvolvimento do Turismo, Cultura e Economia Criativa do Tocantins &#8211; ADETUC), busca desenvolver o turismo no estado de forma sustent\u00e1vel, organizada e planejada, com foco em resultados efetivos para as comunidades ligadas ao turismo\u201d.<br><br>O analista t\u00e9cnico do SEBRAE Regi\u00e3o Metropolitana, Edglei Rodrigues, completa: \u201cO SEBRAE atua como um agente apoiador e promotor, em conjunto com as lideran\u00e7as locais, para o desenvolvimento do turismo. Somente por meio de parcerias s\u00f3lidas entre a gest\u00e3o municipal, os empres\u00e1rios e a comunidade ser\u00e1 poss\u00edvel obter resultados mais duradouros. Em Tocant\u00ednia, especialmente, acredito que a natureza preservada e a Cultura Xerente s\u00e3o os dois pontos de destaque que contribuir\u00e3o (e muito) para o desenvolvimento do setor de forma sustent\u00e1vel. O trabalho de inventaria\u00e7\u00e3o da oferta tur\u00edstica que foi desenvolvido na cidade ser\u00e1 um instrumento norteador de a\u00e7\u00f5es futuras e de capta\u00e7\u00e3o de recursos pela administra\u00e7\u00e3o p\u00fablica. Para os empres\u00e1rios, ele trar\u00e1 novas oportunidades de neg\u00f3cios e de aperfei\u00e7oamento dos servi\u00e7os. E, para a popula\u00e7\u00e3o, acredito que a grande conquista ser\u00e1 a melhoria na qualidade de vida e o aumento da oferta de emprego e gera\u00e7\u00e3o de renda\u201d.<br><br><strong>Primeiras impress\u00f5es: conhecendo Tocant\u00ednia mais de pert<\/strong>o<br><br>Mesmo sendo um munic\u00edpio pequeno, Tocant\u00ednia possui grande potencial de desenvolvimento tur\u00edstico, tanto pelos eventos que a cidade promove (como o CarnaToca) quanto pelo nicho de turismo de base comunit\u00e1ria. Fiquei encantado ao experienciar a viv\u00eancia nas aldeias e ao provar o peixe servido em folha de bananeira em um almo\u00e7o com a comunidade Xerente. Quero ressaltar que todos foram muito receptivos, tanto o\u00a0<em>trade<\/em>\u00a0tur\u00edstico quanto a popula\u00e7\u00e3o, fomos muito bem recebidos, e com certeza isso refletir\u00e1 tamb\u00e9m no bom atendimento que os tocantinienses dar\u00e3o aos seus crescentes (assim espero!) visitantes.\u00a0<strong>(Jo\u00e3o Carlos Tobias\u00a0 &#8211; pesquisador da ABET)<\/strong><br>\u00a0<br><img decoding=\"async\" src=\"https:\/\/portaldoamaral.com.br\/wp-content\/uploads\/2022\/02\/IMG_0599-560x373.jpg\"><\/figcaption><\/figure>\n\n\n\n<figure class=\"wp-block-image size-large\"><img loading=\"lazy\" decoding=\"async\" width=\"1024\" height=\"465\" src=\"https:\/\/focotocantinense.com.br\/wp-content\/uploads\/2022\/02\/aaaa-1024x465.jpg\" alt=\"\" class=\"wp-image-2073\" srcset=\"https:\/\/focotocantinense.com.br\/wp-content\/uploads\/2022\/02\/aaaa-1024x465.jpg 1024w, https:\/\/focotocantinense.com.br\/wp-content\/uploads\/2022\/02\/aaaa-300x136.jpg 300w, https:\/\/focotocantinense.com.br\/wp-content\/uploads\/2022\/02\/aaaa-768x349.jpg 768w, https:\/\/focotocantinense.com.br\/wp-content\/uploads\/2022\/02\/aaaa.jpg 1079w\" sizes=\"auto, (max-width: 1024px) 100vw, 1024px\" \/><\/figure>\n\n\n\n<figure class=\"wp-block-image size-full\"><img loading=\"lazy\" decoding=\"async\" width=\"678\" height=\"456\" src=\"https:\/\/focotocantinense.com.br\/wp-content\/uploads\/2022\/02\/zzzz-6.jpg\" alt=\"\" class=\"wp-image-2074\" srcset=\"https:\/\/focotocantinense.com.br\/wp-content\/uploads\/2022\/02\/zzzz-6.jpg 678w, https:\/\/focotocantinense.com.br\/wp-content\/uploads\/2022\/02\/zzzz-6-300x202.jpg 300w, https:\/\/focotocantinense.com.br\/wp-content\/uploads\/2022\/02\/zzzz-6-110x75.jpg 110w\" sizes=\"auto, (max-width: 678px) 100vw, 678px\" \/><\/figure>\n\n\n\n<figure class=\"wp-block-image size-full\"><img loading=\"lazy\" decoding=\"async\" width=\"840\" height=\"520\" src=\"https:\/\/focotocantinense.com.br\/wp-content\/uploads\/2022\/02\/bbb-1.jpg\" alt=\"\" class=\"wp-image-2075\" srcset=\"https:\/\/focotocantinense.com.br\/wp-content\/uploads\/2022\/02\/bbb-1.jpg 840w, https:\/\/focotocantinense.com.br\/wp-content\/uploads\/2022\/02\/bbb-1-300x186.jpg 300w, https:\/\/focotocantinense.com.br\/wp-content\/uploads\/2022\/02\/bbb-1-768x475.jpg 768w\" sizes=\"auto, (max-width: 840px) 100vw, 840px\" \/><\/figure>\n","protected":false},"excerpt":{"rendered":"<p>As pesquisas de campo que as equipes do SEBRAE-TO e da ABET (Ag\u00eancia Brasileira de Engenharia Tur\u00edstica) fizeram no munic\u00edpio ao longo do m\u00eas de janeiro movimentaram os neg\u00f3cios tur\u00edsticos locais, e alguns dados j\u00e1 est\u00e3o tabulados pensando no Planejamento Tur\u00edstico Estrat\u00e9gico que est\u00e1 sendo desenvolvido.Para a secret\u00e1ria de Turismo de Tocant\u00ednia, Larisse Alencar Santana &hellip;<\/p>\n","protected":false},"author":5,"featured_media":2069,"comment_status":"open","ping_status":"open","sticky":false,"template":"","format":"standard","meta":{"footnotes":""},"categories":[1],"tags":[],"class_list":["post-2064","post","type-post","status-publish","format-standard","has-post-thumbnail","","category-sem-categoria"],"_links":{"self":[{"href":"https:\/\/focotocantinense.com.br\/index.php?rest_route=\/wp\/v2\/posts\/2064","targetHints":{"allow":["GET"]}}],"collection":[{"href":"https:\/\/focotocantinense.com.br\/index.php?rest_route=\/wp\/v2\/posts"}],"about":[{"href":"https:\/\/focotocantinense.com.br\/index.php?rest_route=\/wp\/v2\/types\/post"}],"author":[{"embeddable":true,"href":"https:\/\/focotocantinense.com.br\/index.php?rest_route=\/wp\/v2\/users\/5"}],"replies":[{"embeddable":true,"href":"https:\/\/focotocantinense.com.br\/index.php?rest_route=%2Fwp%2Fv2%2Fcomments&post=2064"}],"version-history":[{"count":8,"href":"https:\/\/focotocantinense.com.br\/index.php?rest_route=\/wp\/v2\/posts\/2064\/revisions"}],"predecessor-version":[{"id":2081,"href":"https:\/\/focotocantinense.com.br\/index.php?rest_route=\/wp\/v2\/posts\/2064\/revisions\/2081"}],"wp:featuredmedia":[{"embeddable":true,"href":"https:\/\/focotocantinense.com.br\/index.php?rest_route=\/wp\/v2\/media\/2069"}],"wp:attachment":[{"href":"https:\/\/focotocantinense.com.br\/index.php?rest_route=%2Fwp%2Fv2%2Fmedia&parent=2064"}],"wp:term":[{"taxonomy":"category","embeddable":true,"href":"https:\/\/focotocantinense.com.br\/index.php?rest_route=%2Fwp%2Fv2%2Fcategories&post=2064"},{"taxonomy":"post_tag","embeddable":true,"href":"https:\/\/focotocantinense.com.br\/index.php?rest_route=%2Fwp%2Fv2%2Ftags&post=2064"}],"curies":[{"name":"wp","href":"https:\/\/api.w.org\/{rel}","templated":true}]}}