{"id":2058,"date":"2022-02-08T12:46:22","date_gmt":"2022-02-08T15:46:22","guid":{"rendered":"https:\/\/focotocantinense.com.br\/?p=2058"},"modified":"2022-02-08T12:48:15","modified_gmt":"2022-02-08T15:48:15","slug":"antonio-andrade-ressalta-apoio-da-assembleia-a-regularizacao-fundiaria-do-estado","status":"publish","type":"post","link":"https:\/\/focotocantinense.com.br\/?p=2058","title":{"rendered":"Antonio Andrade ressalta apoio da Assembleia \u00e0 regulariza\u00e7\u00e3o fundi\u00e1ria do Estado"},"content":{"rendered":"\n<figure class=\"wp-block-image size-full is-resized\"><img loading=\"lazy\" decoding=\"async\" src=\"https:\/\/focotocantinense.com.br\/wp-content\/uploads\/2022\/02\/zzzz-2.jpg\" alt=\"\" class=\"wp-image-2059\" width=\"389\" height=\"259\" srcset=\"https:\/\/focotocantinense.com.br\/wp-content\/uploads\/2022\/02\/zzzz-2.jpg 655w, https:\/\/focotocantinense.com.br\/wp-content\/uploads\/2022\/02\/zzzz-2-300x200.jpg 300w, https:\/\/focotocantinense.com.br\/wp-content\/uploads\/2022\/02\/zzzz-2-310x205.jpg 310w\" sizes=\"auto, (max-width: 389px) 100vw, 389px\" \/><figcaption>Na noite desta quinta-feira, 03, o presidente da Assembleia Legislativa do Tocantins (Aleto), deputado Antonio Andrade, participou da entrega de 450 t\u00edtulos de propriedade urbana no setor Taquari, em Palmas.<br><br>A entrega aconteceu na feira coberta do setor e reuniu centenas de pessoas que tiveram seus im\u00f3veis regularizados, o que s\u00f3 foi poss\u00edvel por meio de uma parceria entre Executivo, Judici\u00e1rio e Legislativo.<br>Falando para uma plateia formada por trabalhadores, pessoas que lutam diariamente para conquistar seus direitos, o Presidente da Assembleia lembrou da participa\u00e7\u00e3o da Casa de Leis neste processo.<br><br>\u201cOs parlamentares tocantinenses est\u00e3o sempre prontos para defender os interesses dos cidad\u00e3os, por isso, quando esta mat\u00e9ria chegou na Assembleia, foi aprovada por unanimidade e o mais r\u00e1pido poss\u00edvel. Este \u00e9 o papel do parlamento, e isso n\u00e3o \u00e9 favor nenhum, \u00e9 nossa obriga\u00e7\u00e3o trabalhar em prol das fam\u00edlias do Tocantins. Hoje \u00e9 um dia que vai ficar marcado na hist\u00f3ria de cada um, estas pessoas resgataram sua dignidade\u201d, ressaltou Antonio Andrade.<br><br>Andrade lembrou ainda que gra\u00e7as a esta parceria, Executivo, Judici\u00e1rio e Legislativo, j\u00e1 foram entregues mais de dois mil t\u00edtulos e este n\u00famero deve continuar crescendo, considerando que novos munic\u00edpios ser\u00e3o beneficiados.<br><br><strong>Presen\u00e7as<\/strong><br>O evento contou com a presen\u00e7a do governador, Wanderlei Barbosa, dos deputados estaduais Cl\u00e1udia Lelis, Elenil da Penha, L\u00e9o Barbosa, Ricardo Aires, Valdemar J\u00fanior e Vanda Monteiro, representantes do Tribunal de Justi\u00e7a, representantes da Prefeitura de Palmas, vereadores, secret\u00e1rios de Estado e outras autoridades.<br><\/figcaption><\/figure>\n","protected":false},"excerpt":{"rendered":"<p>Na noite desta quinta-feira, 03, o presidente da Assembleia Legislativa do Tocantins (Aleto), deputado Antonio Andrade, participou da entrega de 450 t\u00edtulos de propriedade urbana no setor Taquari, em Palmas.A entrega aconteceu na feira coberta do setor e reuniu centenas de pessoas que tiveram seus im\u00f3veis regularizados, o que s\u00f3 foi poss\u00edvel por meio de &hellip;<\/p>\n","protected":false},"author":5,"featured_media":2062,"comment_status":"open","ping_status":"open","sticky":false,"template":"","format":"standard","meta":{"footnotes":""},"categories":[1],"tags":[],"class_list":["post-2058","post","type-post","status-publish","format-standard","has-post-thumbnail","","category-sem-categoria"],"_links":{"self":[{"href":"https:\/\/focotocantinense.com.br\/index.php?rest_route=\/wp\/v2\/posts\/2058","targetHints":{"allow":["GET"]}}],"collection":[{"href":"https:\/\/focotocantinense.com.br\/index.php?rest_route=\/wp\/v2\/posts"}],"about":[{"href":"https:\/\/focotocantinense.com.br\/index.php?rest_route=\/wp\/v2\/types\/post"}],"author":[{"embeddable":true,"href":"https:\/\/focotocantinense.com.br\/index.php?rest_route=\/wp\/v2\/users\/5"}],"replies":[{"embeddable":true,"href":"https:\/\/focotocantinense.com.br\/index.php?rest_route=%2Fwp%2Fv2%2Fcomments&post=2058"}],"version-history":[{"count":3,"href":"https:\/\/focotocantinense.com.br\/index.php?rest_route=\/wp\/v2\/posts\/2058\/revisions"}],"predecessor-version":[{"id":2063,"href":"https:\/\/focotocantinense.com.br\/index.php?rest_route=\/wp\/v2\/posts\/2058\/revisions\/2063"}],"wp:featuredmedia":[{"embeddable":true,"href":"https:\/\/focotocantinense.com.br\/index.php?rest_route=\/wp\/v2\/media\/2062"}],"wp:attachment":[{"href":"https:\/\/focotocantinense.com.br\/index.php?rest_route=%2Fwp%2Fv2%2Fmedia&parent=2058"}],"wp:term":[{"taxonomy":"category","embeddable":true,"href":"https:\/\/focotocantinense.com.br\/index.php?rest_route=%2Fwp%2Fv2%2Fcategories&post=2058"},{"taxonomy":"post_tag","embeddable":true,"href":"https:\/\/focotocantinense.com.br\/index.php?rest_route=%2Fwp%2Fv2%2Ftags&post=2058"}],"curies":[{"name":"wp","href":"https:\/\/api.w.org\/{rel}","templated":true}]}}