{"id":2033,"date":"2022-02-02T16:17:07","date_gmt":"2022-02-02T19:17:07","guid":{"rendered":"https:\/\/focotocantinense.com.br\/?p=2033"},"modified":"2022-02-02T16:33:25","modified_gmt":"2022-02-02T19:33:25","slug":"voltada-ao-publico-evangelico-master-fm-de-gurupi-celebra-o-primeiro-aniversario-de-muito-sucesso","status":"publish","type":"post","link":"https:\/\/focotocantinense.com.br\/?p=2033","title":{"rendered":"Voltada ao p\u00fablico evang\u00e9lico, Master FM, de Gurupi, celebra o primeiro anivers\u00e1rio de muito sucesso"},"content":{"rendered":"\n<figure class=\"wp-block-image is-resized\"><img loading=\"lazy\" decoding=\"async\" src=\"https:\/\/portaldoamaral.com.br\/wp-content\/uploads\/2022\/02\/Maste-FM-3.jpeg\" alt=\"\" width=\"411\" height=\"301\"\/><figcaption><em><strong>Zacarias Martins (e), Ary Mendes, Wesley Simon e\u00a0 Pastor M\u00e1rcio J\u00fanior, cortando o bolo de anivers\u00e1rio da Master FM<\/strong><\/em><br><br>Primeira r\u00e1dio gospel da regi\u00e3o sul do Tocantins, a Master FM 100,9, antiga Nossa R\u00e1dio AM, celebrou nesta ter\u00e7a-feira, dia primeiro de fevereiro, o seu primeiro ano de exist\u00eancia, contabilizando um grande sucesso de audi\u00eancia sob a dire\u00e7\u00e3o geral do empres\u00e1rio M\u00e1rcio Rocha.<br>A celebra\u00e7\u00e3o do anivers\u00e1rio reuniu todos os profissionais da emissora na tarde desta quinta-feira, e contou com a participa\u00e7\u00e3o de um convidado especial: o Pastor Ant\u00f4nio Baltazar, presidente das Assembleias de Deus \u2013 Madureira, Campo de Gurupi, que aproveitou a oportunidade para ministrar a Palavra de Deus e aben\u00e7oar as instala\u00e7\u00f5es da emissora.<br><br><strong>Trajet\u00f3ria<\/strong><br><br>Durante algum tempo, a emissora funcionou em car\u00e1ter excepcional em Ondas Moduladas (OM), cujo est\u00fadio se localizava na Avenida Piau\u00ed, entre as ruas 3 e 4, Agora, por\u00e9m, devidamente migrada para o sistema de Frequ\u00eancia Modulada (FM), a emissora funciona num moderno est\u00fadio pr\u00f3prio, localizado nas proximidades da Vila Guaracy, na regi\u00e3o sul da cidade.<br><br><strong>Novas Tend\u00eancias<\/strong><br><br>Ao comemorar o primeiro anivers\u00e1rio da emissora, M\u00e1rcio Rocha informa que a Master FM surgiu num momento especial para atender a uma tend\u00eancia nas cidades de m\u00e9dio e grande porte, onde as r\u00e1dios AM t\u00eam perdido audi\u00eancia significativa ao longo do tempo. E essa audi\u00eancia n\u00e3o est\u00e1 se renovando. O empres\u00e1rio ainda destaca que os novos aparelhos de r\u00e1dios, na atualidade, passaram a ser fabricados apenas para o sistema FM, assim como, os novos dispositivos digitais, como smartphones e tabletes. \u201cNesse sentido, a Master FM se adaptou \u00e0s novas tecnologias para melhor atender \u00e0 demanda de um mercado que tem um p\u00fablico cativo e que cresce cada vez mais\u201d, concluiu M\u00e1rcio Rocha.<br><br>A mudan\u00e7a de servi\u00e7o possibilita uma melhor qualidade de \u00e1udio e transmiss\u00e3o, al\u00e9m de viabilizar a veicula\u00e7\u00e3o da programa\u00e7\u00e3o no celular, com o imediato incremento de audi\u00eancia e faturamento. E \u00e9 nesse cen\u00e1rio promissor, com um p\u00fablico cativo, o evang\u00e9lico, a Master FM chega para fazer a diferen\u00e7a.<br><br><strong>Aguerrida equipe<\/strong><br><br>Respons\u00e1vel pela Coordena\u00e7\u00e3o Art\u00edstica da emissora, o comunicador e pastor M\u00e1rcio J\u00fanior, tamb\u00e9m comemora o excelentes resultados na audi\u00eancia da Master FM em t\u00e3o pouco tempo. \u201cTemos uma pequena, por\u00e9m aguerrida equipe de profissionais da comunica\u00e7\u00e3o que fazem toda a diferen\u00e7a na programa\u00e7\u00e3o da emissora, cujo trabalho tem agradado cada vez mais o p\u00fablico evang\u00e9lico e n\u00e3o evang\u00e9lico da regi\u00e3o sul e de outras localidades tanto do Tocantins, como de outras unidades da federa\u00e7\u00e3o e, at\u00e9 mesmo, do exterior, por conta da nossa programa\u00e7\u00e3o especial credibilidade exteriorizada, tamb\u00e9m, via internet\u201d, afirmou M\u00e1rcio J\u00fanior.<br>Al\u00e9m do Pastor M\u00e1rcio, J\u00fanior, integram a equipe de locutores da Master FM, o Pastor Rivaldo Magalh\u00e3es, Ary Mendes, Wesley Simon e Laura Marques. O Departamento de Jornalismo \u00e9 formado pelos competentes jornalistas Zacarias Martins e Lucas Gominho.<br><br><img decoding=\"async\" src=\"https:\/\/portaldoamaral.com.br\/wp-content\/uploads\/2022\/02\/Maste-FM-7.jpeg\"><br><strong><em>Os comunicadores Ary Mendes (e) e Pastor Rivaldo Magalh\u00e3es, com o Diretor Geral da emissora, M\u00e1rcio Rocha<\/em>\u00a0<\/strong><br><br><img decoding=\"async\" src=\"https:\/\/portaldoamaral.com.br\/wp-content\/uploads\/2022\/02\/Maste-FM-2.jpeg\" style=\"\"><\/figcaption><\/figure>\n\n\n\n<div class=\"wp-block-buttons is-layout-flex wp-block-buttons-is-layout-flex\">\n<div class=\"wp-block-button\"><a class=\"wp-block-button__link\"><strong><em>M\u00e1rcio Rocha (e), diretor da emissora, Zacarias Martins e Pastor Ant\u00f4nio Baltazar falando sobre a import\u00e2ncia de um ve\u00edculo de comunica\u00e7\u00e3o crist\u00e3o para a regi\u00e3o sul do Tocantins<\/em><\/strong><\/a><\/div>\n<\/div>\n\n\n\n<figure class=\"wp-block-image size-full\"><img loading=\"lazy\" decoding=\"async\" width=\"678\" height=\"381\" src=\"https:\/\/focotocantinense.com.br\/wp-content\/uploads\/2022\/02\/MASTER-2.jpg\" alt=\"\" class=\"wp-image-2048\" srcset=\"https:\/\/focotocantinense.com.br\/wp-content\/uploads\/2022\/02\/MASTER-2.jpg 678w, https:\/\/focotocantinense.com.br\/wp-content\/uploads\/2022\/02\/MASTER-2-300x169.jpg 300w\" sizes=\"auto, (max-width: 678px) 100vw, 678px\" \/><figcaption>P<strong><em>arte da Equipe de Comunicadores da Master FM: Ary Mendes (e), Zacarias Martins, Pastor M\u00e1rcio J\u00faniorl Lucas Gominho e Welsey Simon<\/em><\/strong><\/figcaption><\/figure>\n\n\n\n<figure class=\"wp-block-image size-full is-resized\"><img loading=\"lazy\" decoding=\"async\" src=\"https:\/\/focotocantinense.com.br\/wp-content\/uploads\/2022\/02\/MASTER5.jpg\" alt=\"\" class=\"wp-image-2050\" width=\"571\" height=\"362\"\/><figcaption><em>A <strong>jovem Laura Marques tamb\u00e9m integra a Equipe de Comunicadores da Master FM<\/strong><\/em><\/figcaption><\/figure>\n","protected":false},"excerpt":{"rendered":"<p>Zacarias Martins (e), Ary Mendes, Wesley Simon e\u00a0 Pastor M\u00e1rcio J\u00fanior, cortando o bolo de anivers\u00e1rio da Master FMPrimeira r\u00e1dio gospel da regi\u00e3o sul do Tocantins, a Master FM 100,9, antiga Nossa R\u00e1dio AM, celebrou nesta ter\u00e7a-feira, dia primeiro de fevereiro, o seu primeiro ano de exist\u00eancia, contabilizando um grande sucesso de audi\u00eancia sob a &hellip;<\/p>\n","protected":false},"author":5,"featured_media":2042,"comment_status":"open","ping_status":"open","sticky":false,"template":"","format":"standard","meta":{"footnotes":""},"categories":[1],"tags":[],"class_list":["post-2033","post","type-post","status-publish","format-standard","has-post-thumbnail","","category-sem-categoria"],"_links":{"self":[{"href":"https:\/\/focotocantinense.com.br\/index.php?rest_route=\/wp\/v2\/posts\/2033","targetHints":{"allow":["GET"]}}],"collection":[{"href":"https:\/\/focotocantinense.com.br\/index.php?rest_route=\/wp\/v2\/posts"}],"about":[{"href":"https:\/\/focotocantinense.com.br\/index.php?rest_route=\/wp\/v2\/types\/post"}],"author":[{"embeddable":true,"href":"https:\/\/focotocantinense.com.br\/index.php?rest_route=\/wp\/v2\/users\/5"}],"replies":[{"embeddable":true,"href":"https:\/\/focotocantinense.com.br\/index.php?rest_route=%2Fwp%2Fv2%2Fcomments&post=2033"}],"version-history":[{"count":8,"href":"https:\/\/focotocantinense.com.br\/index.php?rest_route=\/wp\/v2\/posts\/2033\/revisions"}],"predecessor-version":[{"id":2051,"href":"https:\/\/focotocantinense.com.br\/index.php?rest_route=\/wp\/v2\/posts\/2033\/revisions\/2051"}],"wp:featuredmedia":[{"embeddable":true,"href":"https:\/\/focotocantinense.com.br\/index.php?rest_route=\/wp\/v2\/media\/2042"}],"wp:attachment":[{"href":"https:\/\/focotocantinense.com.br\/index.php?rest_route=%2Fwp%2Fv2%2Fmedia&parent=2033"}],"wp:term":[{"taxonomy":"category","embeddable":true,"href":"https:\/\/focotocantinense.com.br\/index.php?rest_route=%2Fwp%2Fv2%2Fcategories&post=2033"},{"taxonomy":"post_tag","embeddable":true,"href":"https:\/\/focotocantinense.com.br\/index.php?rest_route=%2Fwp%2Fv2%2Ftags&post=2033"}],"curies":[{"name":"wp","href":"https:\/\/api.w.org\/{rel}","templated":true}]}}