{"id":2024,"date":"2022-01-28T18:26:05","date_gmt":"2022-01-28T21:26:05","guid":{"rendered":"https:\/\/focotocantinense.com.br\/?p=2024"},"modified":"2022-01-28T18:36:38","modified_gmt":"2022-01-28T21:36:38","slug":"tocantinia-lanca-a-acao-cidade-leitora","status":"publish","type":"post","link":"https:\/\/focotocantinense.com.br\/?p=2024","title":{"rendered":"Tocant\u00ednia lan\u00e7a a a\u00e7\u00e3o Cidade Leitora"},"content":{"rendered":"\n<figure class=\"wp-block-image size-full is-resized\"><img loading=\"lazy\" decoding=\"async\" src=\"https:\/\/focotocantinense.com.br\/wp-content\/uploads\/2022\/01\/1-ok-TOCANTINIA.jpg\" alt=\"\" class=\"wp-image-2025\" width=\"400\" height=\"213\" srcset=\"https:\/\/focotocantinense.com.br\/wp-content\/uploads\/2022\/01\/1-ok-TOCANTINIA.jpg 987w, https:\/\/focotocantinense.com.br\/wp-content\/uploads\/2022\/01\/1-ok-TOCANTINIA-300x160.jpg 300w, https:\/\/focotocantinense.com.br\/wp-content\/uploads\/2022\/01\/1-ok-TOCANTINIA-768x411.jpg 768w, https:\/\/focotocantinense.com.br\/wp-content\/uploads\/2022\/01\/1-ok-TOCANTINIA-310x165.jpg 310w\" sizes=\"auto, (max-width: 400px) 100vw, 400px\" \/><figcaption><br><br><br><br><br><br><strong>Por Zacarias Martins<\/strong><br>A Prefeitura de Tocant\u00ednia, por meio da Secretaria Municipal de Educa\u00e7\u00e3o (Semed), realizou na tarde de quinta-feira (27),uma programa\u00e7\u00e3o especial para divulgar o lan\u00e7amento da a\u00e7\u00e3o Cidade Leitora, a partir do&nbsp; Centro de Refer\u00eancia de Leitura, que integra o Projeto Leitura Viva.<br>O Centro de Refer\u00eancia de Leitura est\u00e1 localizado na Pra\u00e7a Valperino Gomes de Oliveira, no setor central da cidade, tendo passado por melhorias e ganhou uma nova identidade visual.<br>O secret\u00e1rio de Educa\u00e7\u00e3o Andr\u00e9 Goveia, explica que o espa\u00e7o ganhou uma bela arte gr\u00e1fica, com desenhos feitos no estilo grafite, exaltando as escolas da Rede Municipal de Educa\u00e7\u00e3o, tendo ainda como destaque as ilustra\u00e7\u00f5es sobre o povo Akwe\/Xerente, atrav\u00e9s de imagens e a da l\u00edngua nativa.<br><strong>PROJETO IRIS<\/strong><br>Durante o evento, as professoras Ana Edith Farias de Lima, M\u00f4nica Bandeira e Renata Patr\u00edcia da Silva, que coordenam o Projeto de Extens\u00e3o Internato Rural \u2013 \u00cdRIS, da Universidade Federal do Tocantins (UFT),&nbsp; entregaram ao prefeito Manoel Silvino, um conjunto de apostilas contendo informa\u00e7\u00f5es e orienta\u00e7\u00f5es para as crian\u00e7as de 06 a 12 anos, como retornar \u00e0s aulas de forma segura, prevenindo o cont\u00e1gio a COVID-19. Essas apostilas foram desenvolvidas por alunos e professores do curso de Medicina da UFT.<br>Na oportunidade, tamb\u00e9m foi entregue um manual com as oficinas desenvolvidas pela professora Renata Patr\u00edcia da Silva, do curso de Teatro da universidade.<br>O Prefeito Manoel Silvino agradeceu pelo recebimento, lembrou que foi aluno da UFT na primeira turma do curso de Direito, e destacou que hoje, se sente feliz e realizado por fazer essa parceria com a universidade e que segundo ele, t\u00eam contribu\u00eddo positivamente para o munic\u00edpio de Tocant\u00ednia, como \u00e9 o caso da forma\u00e7\u00e3o continuada para os professores e demais servidores da Educa\u00e7\u00e3o.<br><strong>KITS PEDAG\u00d3GICOS<\/strong><br>A programa\u00e7\u00e3o movimentada teve continuidade com a entrega a professores e servidores da Educa\u00e7\u00e3o de um Kit Pedag\u00f3gico, contendo, l\u00e1pis, caneta, marca texto, caderno, borracha e, em especial, uma agenda personalizada com o nome do servidor.<br>Nas p\u00e1ginas das agendas personalizadas, destaque para importantes informa\u00e7\u00f5es para o desenvolvimento das metodologias em sala de aula, bem como, para que se fa\u00e7a os devidos registros dos objetos de conhecimento que foram desenvolvidos no dia, como espa\u00e7o para observa\u00e7\u00f5es, para que o professor possa ter como um instrumento de trabalho que o ajude no processo de avalia\u00e7\u00e3o, que \u00e9 cont\u00ednua.<br>O secret\u00e1rio de Educa\u00e7\u00e3o, Andr\u00e9 Goveia, explica que a agenda foi pensada para que cada professor sinta-se lembrado n\u00e3o como um n\u00famero, mas pelo nome. \u201c\u00c9 uma forma de lembrar que somos \u00fanicos, que o servidor sinta-se agraciado, levando esse sentimento de pertencimento para o espa\u00e7o da sala de aula, pois n\u00e3o h\u00e1 educa\u00e7\u00e3o sem amor\u201d, concluiu o secret\u00e1rio.<br><strong>PRESEN\u00c7AS<\/strong><br>Al\u00e9m do prefeito de Tocant\u00ednia, Manoel Silvino e do secret\u00e1rio de educa\u00e7\u00e3o, Andr\u00e9 Goveia, prestigiaram esse acontecimento, o vice-prefeito, Jo\u00e3o Alberto Coelho Machado, o presidente da C\u00e2mara Municipal de Tocant\u00ednia, Afonso Tavares e outras autoridades.<br><img loading=\"lazy\" decoding=\"async\" width=\"322\" height=\"172\" src=\"https:\/\/focotocantinense.com.br\/wp-content\/uploads\/2022\/01\/1-ok-TOCANTINIA.jpg\" alt=\"\"><br><br><\/figcaption><\/figure>\n","protected":false},"excerpt":{"rendered":"<p>Por Zacarias MartinsA Prefeitura de Tocant\u00ednia, por meio da Secretaria Municipal de Educa\u00e7\u00e3o (Semed), realizou na tarde de quinta-feira (27),uma programa\u00e7\u00e3o especial para divulgar o lan\u00e7amento da a\u00e7\u00e3o Cidade Leitora, a partir do&nbsp; Centro de Refer\u00eancia de Leitura, que integra o Projeto Leitura Viva.O Centro de Refer\u00eancia de Leitura est\u00e1 localizado na Pra\u00e7a Valperino Gomes &hellip;<\/p>\n","protected":false},"author":5,"featured_media":2031,"comment_status":"open","ping_status":"open","sticky":false,"template":"","format":"standard","meta":{"footnotes":""},"categories":[1],"tags":[],"class_list":["post-2024","post","type-post","status-publish","format-standard","has-post-thumbnail","","category-sem-categoria"],"_links":{"self":[{"href":"https:\/\/focotocantinense.com.br\/index.php?rest_route=\/wp\/v2\/posts\/2024","targetHints":{"allow":["GET"]}}],"collection":[{"href":"https:\/\/focotocantinense.com.br\/index.php?rest_route=\/wp\/v2\/posts"}],"about":[{"href":"https:\/\/focotocantinense.com.br\/index.php?rest_route=\/wp\/v2\/types\/post"}],"author":[{"embeddable":true,"href":"https:\/\/focotocantinense.com.br\/index.php?rest_route=\/wp\/v2\/users\/5"}],"replies":[{"embeddable":true,"href":"https:\/\/focotocantinense.com.br\/index.php?rest_route=%2Fwp%2Fv2%2Fcomments&post=2024"}],"version-history":[{"count":5,"href":"https:\/\/focotocantinense.com.br\/index.php?rest_route=\/wp\/v2\/posts\/2024\/revisions"}],"predecessor-version":[{"id":2032,"href":"https:\/\/focotocantinense.com.br\/index.php?rest_route=\/wp\/v2\/posts\/2024\/revisions\/2032"}],"wp:featuredmedia":[{"embeddable":true,"href":"https:\/\/focotocantinense.com.br\/index.php?rest_route=\/wp\/v2\/media\/2031"}],"wp:attachment":[{"href":"https:\/\/focotocantinense.com.br\/index.php?rest_route=%2Fwp%2Fv2%2Fmedia&parent=2024"}],"wp:term":[{"taxonomy":"category","embeddable":true,"href":"https:\/\/focotocantinense.com.br\/index.php?rest_route=%2Fwp%2Fv2%2Fcategories&post=2024"},{"taxonomy":"post_tag","embeddable":true,"href":"https:\/\/focotocantinense.com.br\/index.php?rest_route=%2Fwp%2Fv2%2Ftags&post=2024"}],"curies":[{"name":"wp","href":"https:\/\/api.w.org\/{rel}","templated":true}]}}