{"id":2010,"date":"2022-01-12T16:10:41","date_gmt":"2022-01-12T19:10:41","guid":{"rendered":"https:\/\/focotocantinense.com.br\/?p=2010"},"modified":"2022-01-12T16:21:09","modified_gmt":"2022-01-12T19:21:09","slug":"zacarias-martins-esta-presente-no-almanaque-santo-antonio-2022-da-editora-vozes","status":"publish","type":"post","link":"https:\/\/focotocantinense.com.br\/?p=2010","title":{"rendered":"Zacarias Martins est\u00e1 presente no Almanaque Santo Ant\u00f4nio-2022, da Editora Vozes"},"content":{"rendered":"\n<figure class=\"wp-block-image size-full is-resized\"><img loading=\"lazy\" decoding=\"async\" src=\"https:\/\/focotocantinense.com.br\/wp-content\/uploads\/2022\/01\/1-Zacarias-Martins-e-o-Almanaque-Santo-Antonio-Foto-Marcio-Junior.jpg\" alt=\"\" class=\"wp-image-2011\" width=\"31\" height=\"20\" srcset=\"https:\/\/focotocantinense.com.br\/wp-content\/uploads\/2022\/01\/1-Zacarias-Martins-e-o-Almanaque-Santo-Antonio-Foto-Marcio-Junior.jpg 832w, https:\/\/focotocantinense.com.br\/wp-content\/uploads\/2022\/01\/1-Zacarias-Martins-e-o-Almanaque-Santo-Antonio-Foto-Marcio-Junior-300x194.jpg 300w, https:\/\/focotocantinense.com.br\/wp-content\/uploads\/2022\/01\/1-Zacarias-Martins-e-o-Almanaque-Santo-Antonio-Foto-Marcio-Junior-768x496.jpg 768w, https:\/\/focotocantinense.com.br\/wp-content\/uploads\/2022\/01\/1-Zacarias-Martins-e-o-Almanaque-Santo-Antonio-Foto-Marcio-Junior-110x75.jpg 110w, https:\/\/focotocantinense.com.br\/wp-content\/uploads\/2022\/01\/1-Zacarias-Martins-e-o-Almanaque-Santo-Antonio-Foto-Marcio-Junior-310x205.jpg 310w\" sizes=\"auto, (max-width: 31px) 100vw, 31px\" \/><figcaption><strong>Por Rodrigo Martins<\/strong><br><br>Publica\u00e7\u00e3o campe\u00e3 de vendas pela Editora Vozes, uma das maiores editoras do pa\u00eds, o\u00a0<strong><em>Almanaque Santo Ant\u00f4nio \u2013 2022<\/em><\/strong>, sob a coordena\u00e7\u00e3o de Frei Edrian Josu\u00e9 Pasini, traz colabora\u00e7\u00f5es do escritor e jornalista tocantinense Zacarias Martins, de Gurupi.<br><br>O livro \u00e9 publicado h\u00e1 45 anos e faz muito sucesso por ser uma esp\u00e9cie de mini biblioteca popular. Zacarias Martins, que participa da publica\u00e7\u00e3o h\u00e1 30 anos consecutivos informa que no Almanaque, o leitor vai encontrar de tudo um pouco: curiosidades, datas comemorativas, dicas de culin\u00e1ria, no\u00e7\u00f5es de ecologia, educa\u00e7\u00e3o, folclore, passatempo, sa\u00fade, al\u00e9m de fatos que marcaram a hist\u00f3ria brasileira e universal e muito mais.<br><br>\u201cCredita-se o sucesso da publica\u00e7\u00e3o \u00e0 sua linguagem l\u00fadica e de f\u00e1cil assimila\u00e7\u00e3o\u201d, explica Martins, ressaltando sentir-se gratificado em participar dessa obra liter\u00e1ria por se tratar de uma publica\u00e7\u00e3o multitem\u00e1tica, rica em sabedoria cient\u00edfica e popular. \u201cSempre novo e atual, o Almanaque Santo Ant\u00f4nio \u00e9 indicado para a fam\u00edlia, para o estudante e para o professor\u201d, observa.<br><br><strong>Sobre os Almanaques<\/strong><br>Zacarias Martins destaca que a cultura de almanaque pode ser uma via facilitadora para a amplia\u00e7\u00e3o do conhecimento humano, j\u00e1 que trata de assuntos diversos, apresenta saberes e desperta a sede de curiosidade. \u201cAo abrirmos um exemplar temos contato com o seu rico conte\u00fado que nos diz muito em poucas palavras, mostra-nos a dire\u00e7\u00e3o e nos fala de coisas que auxiliam o nosso modo de viver. Sua utilidade consiste em nos ajudar a ver o mundo na \u00f3tica do bom saber, na \u00e9tica das boas escolha,\u201d explica Zacarias Martins.<br><br><br><img decoding=\"async\" src=\"https:\/\/focotocantinense.com.br\/wp-content\/uploads\/2022\/01\/1-Zacarias-Martins-e-o-Almanaque-Santo-Antonio-Foto-Marcio-Junior.jpg\" alt=\"O atributo alt desta imagem est\u00e1 vazio. O nome do arquivo \u00e9 1-Zacarias-Martins-e-o-Almanaque-Santo-Antonio-Foto-Marcio-Junior.jpg\"><\/figcaption><\/figure>\n","protected":false},"excerpt":{"rendered":"<p>Por Rodrigo MartinsPublica\u00e7\u00e3o campe\u00e3 de vendas pela Editora Vozes, uma das maiores editoras do pa\u00eds, o\u00a0Almanaque Santo Ant\u00f4nio \u2013 2022, sob a coordena\u00e7\u00e3o de Frei Edrian Josu\u00e9 Pasini, traz colabora\u00e7\u00f5es do escritor e jornalista tocantinense Zacarias Martins, de Gurupi.O livro \u00e9 publicado h\u00e1 45 anos e faz muito sucesso por ser uma esp\u00e9cie de mini &hellip;<\/p>\n","protected":false},"author":5,"featured_media":2011,"comment_status":"open","ping_status":"open","sticky":false,"template":"","format":"standard","meta":{"footnotes":""},"categories":[1],"tags":[],"class_list":["post-2010","post","type-post","status-publish","format-standard","has-post-thumbnail","","category-sem-categoria"],"_links":{"self":[{"href":"https:\/\/focotocantinense.com.br\/index.php?rest_route=\/wp\/v2\/posts\/2010","targetHints":{"allow":["GET"]}}],"collection":[{"href":"https:\/\/focotocantinense.com.br\/index.php?rest_route=\/wp\/v2\/posts"}],"about":[{"href":"https:\/\/focotocantinense.com.br\/index.php?rest_route=\/wp\/v2\/types\/post"}],"author":[{"embeddable":true,"href":"https:\/\/focotocantinense.com.br\/index.php?rest_route=\/wp\/v2\/users\/5"}],"replies":[{"embeddable":true,"href":"https:\/\/focotocantinense.com.br\/index.php?rest_route=%2Fwp%2Fv2%2Fcomments&post=2010"}],"version-history":[{"count":6,"href":"https:\/\/focotocantinense.com.br\/index.php?rest_route=\/wp\/v2\/posts\/2010\/revisions"}],"predecessor-version":[{"id":2019,"href":"https:\/\/focotocantinense.com.br\/index.php?rest_route=\/wp\/v2\/posts\/2010\/revisions\/2019"}],"wp:featuredmedia":[{"embeddable":true,"href":"https:\/\/focotocantinense.com.br\/index.php?rest_route=\/wp\/v2\/media\/2011"}],"wp:attachment":[{"href":"https:\/\/focotocantinense.com.br\/index.php?rest_route=%2Fwp%2Fv2%2Fmedia&parent=2010"}],"wp:term":[{"taxonomy":"category","embeddable":true,"href":"https:\/\/focotocantinense.com.br\/index.php?rest_route=%2Fwp%2Fv2%2Fcategories&post=2010"},{"taxonomy":"post_tag","embeddable":true,"href":"https:\/\/focotocantinense.com.br\/index.php?rest_route=%2Fwp%2Fv2%2Ftags&post=2010"}],"curies":[{"name":"wp","href":"https:\/\/api.w.org\/{rel}","templated":true}]}}