{"id":1979,"date":"2021-12-21T10:26:13","date_gmt":"2021-12-21T13:26:13","guid":{"rendered":"https:\/\/focotocantinense.com.br\/?p=1979"},"modified":"2021-12-21T10:30:39","modified_gmt":"2021-12-21T13:30:39","slug":"fruto-de-emenda-do-senador-eduardo-gomes-tocantinia-e-contemplada-com-um-onibus-e-um-trator","status":"publish","type":"post","link":"https:\/\/focotocantinense.com.br\/?p=1979","title":{"rendered":"Fruto de emenda do senador Eduardo Gomes, Tocant\u00ednia \u00e9 contemplada com um \u00f4nibus e um trator"},"content":{"rendered":"\n<p><strong>Por Zacarias Martins<\/strong><\/p>\n\n\n\n<p>Na tarde de segunda-feira (20), &nbsp;o munic\u00edpio de Tocant\u00ednia &nbsp;foi contemplado com um trator agr\u00edcola e um \u00f4nibus,&nbsp; ve\u00edculos adquiridos com verba de emenda parlamentar do senador Eduardo Gomes, por meio de conv\u00eanio da Calha Norte.<\/p>\n\n\n\n<p>O prefeito Manoel Silvino afirmou que a &nbsp;popula\u00e7\u00e3o de Tocant\u00ednia &nbsp;ficou muito feliz com essas aquisi\u00e7\u00f5es,&nbsp; j\u00e1 que o trator agr\u00edcola vai fortalecer as atividades da agricultura, e o \u00f4nibus ser\u00e1 utilizado em diversas pastas do munic\u00edpio como, &nbsp;a Assist\u00eancia Social que poder\u00e1 transportar os usu\u00e1rios dos programas sociais que t\u00eam dificuldade de mobilidade, como os idosos do Grupo Bem Viver, al\u00e9m de&nbsp; auxiliar no transporte dos fieis evang\u00e9licos, atendendo assim, uma reivindica\u00e7\u00e3o dos pastores de Tocant\u00ednia, bem como, da comunidade cat\u00f3lica, em geral.<\/p>\n\n\n\n<p>J\u00e1 na Educa\u00e7\u00e3o, os acad\u00eamicos da UFT\/UMA poder\u00e3o ser transportados para as aulas, o que vai facilitar o acesso, principalmente, dos anci\u00e3os ind\u00edgenas que moram em aldeias distantes. Al\u00e9m disso, os atletas do munic\u00edpio poder\u00e3o participar de competi\u00e7\u00f5es esportivas externas com mais comodidade, incentivando os jovens a pr\u00e1tica desportiva e aumentando a participa\u00e7\u00e3o de atletas da \u00e1rea rural e aldeias para os programas e campeonatos esportivos promovidos pelo munic\u00edpio.<\/p>\n\n\n\n<p>\u201cEsse \u00f4nibus tamb\u00e9m beneficiar\u00e1 os estudantes universit\u00e1rios, que a partir de agora, tamb\u00e9m ter\u00e3o o acesso facilitado \u00e0 Universidade. Enfim, s\u00e3o muitos benef\u00edcios que os ve\u00edculos trar\u00e3o \u00e0 cidade de Tocant\u00ednia, afirmou o prefeito Manoel Silvino, &nbsp;explicando que tanto o trator quanto o \u00f4nibus, n\u00e3o s\u00e3o apenas um instrumento de desenvolvimento para o munic\u00edpio, mas, tamb\u00e9m, &nbsp;a realiza\u00e7\u00e3o de um sonho dos cidad\u00e3os tocantinienses que ter\u00e3o acesso a diversos espa\u00e7os de promo\u00e7\u00e3o humana e social.<\/p>\n\n\n\n<figure class=\"wp-block-image\"><img decoding=\"async\" src=\"http:\/\/n1to.com.br\/img\/uploads\/1_ok_Entrega_de_%C3%B4nibu_em_Tocant%C3%ADnia.jpg\" alt=\"\"\/><\/figure>\n\n\n\n<figure class=\"wp-block-image size-large\"><img loading=\"lazy\" decoding=\"async\" width=\"1024\" height=\"618\" src=\"https:\/\/focotocantinense.com.br\/wp-content\/uploads\/2021\/12\/1-Entrega-de-onibu-em-Tocantinia-1024x618.jpg\" alt=\"\" class=\"wp-image-1980\" srcset=\"https:\/\/focotocantinense.com.br\/wp-content\/uploads\/2021\/12\/1-Entrega-de-onibu-em-Tocantinia-1024x618.jpg 1024w, https:\/\/focotocantinense.com.br\/wp-content\/uploads\/2021\/12\/1-Entrega-de-onibu-em-Tocantinia-300x181.jpg 300w, https:\/\/focotocantinense.com.br\/wp-content\/uploads\/2021\/12\/1-Entrega-de-onibu-em-Tocantinia-768x464.jpg 768w, https:\/\/focotocantinense.com.br\/wp-content\/uploads\/2021\/12\/1-Entrega-de-onibu-em-Tocantinia.jpg 1035w\" sizes=\"auto, (max-width: 1024px) 100vw, 1024px\" \/><\/figure>\n","protected":false},"excerpt":{"rendered":"<p>Por Zacarias Martins Na tarde de segunda-feira (20), &nbsp;o munic\u00edpio de Tocant\u00ednia &nbsp;foi contemplado com um trator agr\u00edcola e um \u00f4nibus,&nbsp; ve\u00edculos adquiridos com verba de emenda parlamentar do senador Eduardo Gomes, por meio de conv\u00eanio da Calha Norte. O prefeito Manoel Silvino afirmou que a &nbsp;popula\u00e7\u00e3o de Tocant\u00ednia &nbsp;ficou muito feliz com essas aquisi\u00e7\u00f5es,&nbsp; &hellip;<\/p>\n","protected":false},"author":5,"featured_media":1982,"comment_status":"open","ping_status":"open","sticky":false,"template":"","format":"standard","meta":{"footnotes":""},"categories":[1],"tags":[],"class_list":["post-1979","post","type-post","status-publish","format-standard","has-post-thumbnail","","category-sem-categoria"],"_links":{"self":[{"href":"https:\/\/focotocantinense.com.br\/index.php?rest_route=\/wp\/v2\/posts\/1979","targetHints":{"allow":["GET"]}}],"collection":[{"href":"https:\/\/focotocantinense.com.br\/index.php?rest_route=\/wp\/v2\/posts"}],"about":[{"href":"https:\/\/focotocantinense.com.br\/index.php?rest_route=\/wp\/v2\/types\/post"}],"author":[{"embeddable":true,"href":"https:\/\/focotocantinense.com.br\/index.php?rest_route=\/wp\/v2\/users\/5"}],"replies":[{"embeddable":true,"href":"https:\/\/focotocantinense.com.br\/index.php?rest_route=%2Fwp%2Fv2%2Fcomments&post=1979"}],"version-history":[{"count":2,"href":"https:\/\/focotocantinense.com.br\/index.php?rest_route=\/wp\/v2\/posts\/1979\/revisions"}],"predecessor-version":[{"id":1984,"href":"https:\/\/focotocantinense.com.br\/index.php?rest_route=\/wp\/v2\/posts\/1979\/revisions\/1984"}],"wp:featuredmedia":[{"embeddable":true,"href":"https:\/\/focotocantinense.com.br\/index.php?rest_route=\/wp\/v2\/media\/1982"}],"wp:attachment":[{"href":"https:\/\/focotocantinense.com.br\/index.php?rest_route=%2Fwp%2Fv2%2Fmedia&parent=1979"}],"wp:term":[{"taxonomy":"category","embeddable":true,"href":"https:\/\/focotocantinense.com.br\/index.php?rest_route=%2Fwp%2Fv2%2Fcategories&post=1979"},{"taxonomy":"post_tag","embeddable":true,"href":"https:\/\/focotocantinense.com.br\/index.php?rest_route=%2Fwp%2Fv2%2Ftags&post=1979"}],"curies":[{"name":"wp","href":"https:\/\/api.w.org\/{rel}","templated":true}]}}