{"id":1975,"date":"2021-12-20T22:04:02","date_gmt":"2021-12-21T01:04:02","guid":{"rendered":"https:\/\/focotocantinense.com.br\/?p=1975"},"modified":"2021-12-20T22:06:36","modified_gmt":"2021-12-21T01:06:36","slug":"camara-de-vereadores-concede-mocao-de-aplausos-a-gestores-de-tocantinia","status":"publish","type":"post","link":"https:\/\/focotocantinense.com.br\/?p=1975","title":{"rendered":"C\u00e2mara de Vereadores concede mo\u00e7\u00e3o de aplausos a gestores de Tocant\u00ednia"},"content":{"rendered":"\n<p>A C\u00e2mara Municipal de Tocant\u00ednia realizou sess\u00e3o solene na quinta-feira, 17, para a entrega de Mo\u00e7\u00e3o de Aplausos \u00e0 v\u00e1rias autoridades e institui\u00e7\u00f5es que prestaram relevantes servi\u00e7os ao munic\u00edpio.<\/p>\n\n\n\n<p>Dentre os homenageados pelo Poder Legislativo estava a Secretaria Municipal de Educa\u00e7\u00e3o, representada na pessoa do titular da pasta, o professor e poeta Andr\u00e9 Goveia, cuja gest\u00e3o vem recebendo constantes elogios pela forma s\u00e9ria e competente com que suas a\u00e7\u00f5es s\u00e3o desenvolvidas.<\/p>\n\n\n\n<p>A Mo\u00e7\u00e3o de Aplausos endere\u00e7ada \u00e0 Secretaria Municipal de Educa\u00e7\u00e3o e ao professor Andr\u00e9 Goveia foi uma iniciativa do vereador S\u00e9rgio Caldeira. Este j\u00e1 \u00e9 o segundo ano consecutivo que a Secretaria de Educa\u00e7\u00e3o e o professor Andr\u00e9 Goveia s\u00e3o homenageados pela C\u00e2mara Municipal de Tocant\u00ednia.<\/p>\n\n\n\n<p><strong>Trajet\u00f3ria<\/strong><\/p>\n\n\n\n<p>Na oportunidade, o vereador S\u00e9rgio Caldeira recordou v\u00e1rias a\u00e7\u00f5es exitosas colocadas em pr\u00e1tica na gest\u00e3o do professor Andr\u00e9 Goveia na Secretaria de Educa\u00e7\u00e3o, como o Projeto Leitura Viva, sobretudo, em raz\u00e3o da inaugura\u00e7\u00e3o do Centro de Refer\u00eancia de Leitura, al\u00e9m do Premio Leitura Viva e o lan\u00e7amento da segunda edi\u00e7\u00e3o de dois livros de autoria dos alunos da Rede Municipal de Educa\u00e7\u00e3o, contabilizando 103 autores mirins.<\/p>\n\n\n\n<p><strong>Outros homenageados<\/strong><\/p>\n\n\n\n<p>Na ocasi\u00e3o, ainda foram concedidas Mo\u00e7\u00f5es de Aplausos ao secret\u00e1rio de Meio Ambiente, Francisco Nardes, pelo crescimento do ICMS Ecol\u00f3gico; para a Secret\u00e1ria de Sa\u00fade Maria Zenith Moura, pelo destaque da qualidade do atendimento \u00e0 popula\u00e7\u00e3o durante a pandemia; para o secret\u00e1rio de Agricultura, Joao Caldeira, pelo atendimento aos produtores rurais, sobretudo, nas condi\u00e7\u00f5es de plantio e preparo do solo; bem como, para o vice prefeito Jo\u00e3o Alberto e o prefeito Manoel Silvino, devido \u00e0s a\u00e7\u00f5es de desenvolvimento da gest\u00e3o.<\/p>\n\n\n\n<figure class=\"wp-block-image\"><img decoding=\"async\" src=\"https:\/\/blogger.googleusercontent.com\/img\/a\/AVvXsEji2wrEwjEDD7tQEL2bB7aBRlGB851UIodqrtETT8HOAFCXQ4ZD6Q8BUwQ0KPD2oBX-M1KIlYbk9LoRGxEQZ7YjCguVaDrNAnF9gpfQM4VXFkIICrinnKR2bMVloNUkAFLvLFqOI8S2nxuHD8UzJyDhgk3nEwIspCKuLffcHyDxwpulldF27hSFYNZpdQ=w513-h369\" alt=\"\"\/><\/figure>\n","protected":false},"excerpt":{"rendered":"<p>A C\u00e2mara Municipal de Tocant\u00ednia realizou sess\u00e3o solene na quinta-feira, 17, para a entrega de Mo\u00e7\u00e3o de Aplausos \u00e0 v\u00e1rias autoridades e institui\u00e7\u00f5es que prestaram relevantes servi\u00e7os ao munic\u00edpio. Dentre os homenageados pelo Poder Legislativo estava a Secretaria Municipal de Educa\u00e7\u00e3o, representada na pessoa do titular da pasta, o professor e poeta Andr\u00e9 Goveia, cuja &hellip;<\/p>\n","protected":false},"author":5,"featured_media":1978,"comment_status":"open","ping_status":"open","sticky":false,"template":"","format":"standard","meta":{"footnotes":""},"categories":[1],"tags":[],"class_list":["post-1975","post","type-post","status-publish","format-standard","has-post-thumbnail","","category-sem-categoria"],"_links":{"self":[{"href":"https:\/\/focotocantinense.com.br\/index.php?rest_route=\/wp\/v2\/posts\/1975","targetHints":{"allow":["GET"]}}],"collection":[{"href":"https:\/\/focotocantinense.com.br\/index.php?rest_route=\/wp\/v2\/posts"}],"about":[{"href":"https:\/\/focotocantinense.com.br\/index.php?rest_route=\/wp\/v2\/types\/post"}],"author":[{"embeddable":true,"href":"https:\/\/focotocantinense.com.br\/index.php?rest_route=\/wp\/v2\/users\/5"}],"replies":[{"embeddable":true,"href":"https:\/\/focotocantinense.com.br\/index.php?rest_route=%2Fwp%2Fv2%2Fcomments&post=1975"}],"version-history":[{"count":2,"href":"https:\/\/focotocantinense.com.br\/index.php?rest_route=\/wp\/v2\/posts\/1975\/revisions"}],"predecessor-version":[{"id":1977,"href":"https:\/\/focotocantinense.com.br\/index.php?rest_route=\/wp\/v2\/posts\/1975\/revisions\/1977"}],"wp:featuredmedia":[{"embeddable":true,"href":"https:\/\/focotocantinense.com.br\/index.php?rest_route=\/wp\/v2\/media\/1978"}],"wp:attachment":[{"href":"https:\/\/focotocantinense.com.br\/index.php?rest_route=%2Fwp%2Fv2%2Fmedia&parent=1975"}],"wp:term":[{"taxonomy":"category","embeddable":true,"href":"https:\/\/focotocantinense.com.br\/index.php?rest_route=%2Fwp%2Fv2%2Fcategories&post=1975"},{"taxonomy":"post_tag","embeddable":true,"href":"https:\/\/focotocantinense.com.br\/index.php?rest_route=%2Fwp%2Fv2%2Ftags&post=1975"}],"curies":[{"name":"wp","href":"https:\/\/api.w.org\/{rel}","templated":true}]}}