{"id":1964,"date":"2021-12-20T18:38:26","date_gmt":"2021-12-20T21:38:26","guid":{"rendered":"https:\/\/focotocantinense.com.br\/?p=1964"},"modified":"2021-12-20T18:39:43","modified_gmt":"2021-12-20T21:39:43","slug":"encontro-promovido-pela-febtur-em-gurupi-discute-valorizacao-turistica-regional","status":"publish","type":"post","link":"https:\/\/focotocantinense.com.br\/?p=1964","title":{"rendered":"Encontro promovido pela Febtur em Gurupi discute valoriza\u00e7\u00e3o tur\u00edstica regional"},"content":{"rendered":"\n<p>Poder p\u00fablico, empres\u00e1rios e profissionais da comunica\u00e7\u00e3o se reuniram no s\u00e1bado, 18, em Gurupi, para discutirem a valoriza\u00e7\u00e3o e fortalecimento do turismo na regi\u00e3o Sul do Estado. O encontro foi realizado pela Federa\u00e7\u00e3o Brasileira de Jornalistas e Comunicadores de Turismo no Tocantins (Febtur), em parceria com o Sebrae e a Prefeitura de Gurupi, por meio da Secretaria de Cultura e Turismo.&nbsp;<\/p>\n\n\n\n<p>A a\u00e7\u00e3o fez parte do projeto&nbsp;Encontros Febtur \u2013 Valoriza\u00e7\u00e3o tur\u00edstica regional,&nbsp;criado para divulgar o turismo e a cultura do Estado junto aos profissionais de comunica\u00e7\u00e3o do segmento do turismo, al\u00e9m de aproximar a classe ao poder p\u00fablico e trade tur\u00edstico para uma troca de experi\u00eancias, informa\u00e7\u00f5es e constru\u00e7\u00e3o coletiva de projetos com vistas ao desenvolvimento do setor.<\/p>\n\n\n\n<p>De acordo com a presidente da Febtur, a jornalista Seleucia Fontes, a Capital da Amizade foi escolhida para sediar a abertura do projeto por ser polo da Inst\u00e2ncia de Governan\u00e7a Regional da Ilha do Bananal. Outros fatores, como a localiza\u00e7\u00e3o estrat\u00e9gica e potencial econ\u00f4mico na regi\u00e3o tamb\u00e9m foram preponderantes na escolha.&nbsp;<\/p>\n\n\n\n<p>Seleucia Fontes afirmou que a proposta foi levar a mensagem de parceria ao trade tur\u00edstico e ao poder p\u00fablico, apresentando o prop\u00f3sito, vis\u00e3o e miss\u00e3o da entidade. \u201cN\u00e3o queremos ser apenas divulgadores, mas queremos fazer parte do processo de constru\u00e7\u00e3o e desenvolvimento do turismo no Estado do Tocantins. N\u00f3s temos muitas expertises e com nossa experi\u00eancia, podemos colaborar muito com os munic\u00edpios e empres\u00e1rios por meio de sugest\u00f5es e nossas viv\u00eancias na \u00e1rea, como profissional e tamb\u00e9m usu\u00e1rio\u201d, explicou.&nbsp;<\/p>\n\n\n\n<p>A prefeita Josi Nunes fez quest\u00e3o de participar do encontro e destacou a import\u00e2ncia desta uni\u00e3o de for\u00e7as para criar ideias para o desenvolvimento e a comunica\u00e7\u00e3o do turismo da Regi\u00e3o Sul. \u201cFicamos muito honrados em receber o primeiro Encontros da Febtur. Nada melhor que estarmos reunidos com pessoas da \u00e1rea da comunica\u00e7\u00e3o para estarem conhecendo as nossas potencialidades para divulg\u00e1-las pelo Brasil, e trazendo uma s\u00e9rie de sugest\u00f5es, fazendo essa integra\u00e7\u00e3o entre poder p\u00fablico, setor privado e agentes de comunica\u00e7\u00e3o\u201d, disse.&nbsp;Josi tamb\u00e9m apresentou os projetos de infraestrutura e cria\u00e7\u00e3o de parques p\u00fablicos em Gurupi.<\/p>\n\n\n\n<p>Para a secret\u00e1ria municipal de Cultura e Turismo, Lady Sakay, foi uma oportunidade de mostrar o potencial tur\u00edstico de Gurupi, bem como sua import\u00e2ncia como apoio \u00e0s cidades circunvizinhas. \u201cFoi uma excelente oportunidade de mostrar as nossas potencialidades. Grande parte da popula\u00e7\u00e3o de Gurupi n\u00e3o conhece o que ela tem e o seu potencial, e precisamos divulgar isso. E por ser polo, realmente Gurupi \u00e9 um ponto estrat\u00e9gico para que esse processo do desenvolvimento tur\u00edstico da IGR Ilha do Bananal se desenvolva\u201d, comentou.<\/p>\n\n\n\n<p>O presidente da Ag\u00eancia de Desenvolvimento do Turismo, Cultura e Economia Criativa do Tocantins (Adetuc), Hercy Filho, tamb\u00e9m esteve presente e ressaltou a relev\u00e2ncia do projeto Encontros. \u201cImportant\u00edssimo a congrega\u00e7\u00e3o desses diversos atores, poder p\u00fablico, trade e comunicadores. O entorno de Gurupi tem cidades com destinos bel\u00edssimos, em Peixe, Formoso do Araguaia, entre outras cidades, mas temos que fazer disso um ativo econ\u00f4mico para o bem dessas comunidades. Nesta reuni\u00e3o importante discutimos meios de fazer com que isso aconte\u00e7a de forma profissional, produtiva e de melhor retorno para a sociedade\u201d, relatou.&nbsp;<\/p>\n\n\n\n<p>Empres\u00e1rios locais tamb\u00e9m participaram do evento. F\u00e1tima Polito, propriet\u00e1ria de uma ag\u00eancia de viagens, contou que foi um momento importante para o trade tur\u00edstico. \u201cEstou encantada com tantas pessoas envolvidas no turismo, trazendo experi\u00eancias e fazendo acontecer muita coisa aqui no turismo regional. Falamos muito sobre a Ilha do Bananal, que \u00e9 um potencial muito grande que temos na regi\u00e3o e ainda pouco explorado. Temos muito a avan\u00e7ar e vamos buscar desenvolver o turismo da melhor forma poss\u00edvel\u201d, salientou.<\/p>\n\n\n\n<p>Empres\u00e1rio do setor de restaurantes rec\u00e9m-chegado em Gurupi, Daniel Oliveira tamb\u00e9m enalteceu a iniciativa de fortalecer o setor na regi\u00e3o. \u201cAcho que \u00e9 importante, pois vem para fomentar, divulgar o turismo e criar uma rota tur\u00edstica nesta regi\u00e3o, pois existem pontos maravilhosos como em Peixe e Ilha do Bananal, por exemplo, e penso que temos que divulgar mais isso, e o encontro veio agregar nesse ponto para criarmos essa rota nova para o Estado e que s\u00f3 tem a fomentar mais a economia da regi\u00e3o\u201d, disse.<\/p>\n\n\n\n<p>A programa\u00e7\u00e3o contou com explana\u00e7\u00f5es sobre prop\u00f3sitos e projetos da Febtur, nos n\u00edveis estadual e nacional, entre eles um portal de not\u00edcias inteiramente voltado ao setor \u2013 projeto apresentado pelo diretor nacional de comunica\u00e7\u00e3o da entidade, Marcos Jacob \u2013, uma apresenta\u00e7\u00e3o&nbsp;sobre divulga\u00e7\u00e3o tur\u00edstica nas redes sociais, com o jornalista Henrique Lopes.<\/p>\n\n\n\n<p>O evento tamb\u00e9m contou com a participa\u00e7\u00e3o da superintendente de Turismo do Estado, Maria Ant\u00f4nia Valadares, a secret\u00e1ria de Cultura e Turismo de Peixe, Rosilene Pereira (Rosa de Fogo) e a representante da&nbsp;Inst\u00e2ncia de Governan\u00e7a da Regi\u00e3o da Ilha do Bananal, Regina de Oliveira.<\/p>\n\n\n\n<p><strong><em>(Por&nbsp;Fernando Vieira, com informa\u00e7\u00f5es da Febtur\/TO)<\/em><\/strong><\/p>\n\n\n\n<figure class=\"wp-block-image\"><img decoding=\"async\" src=\"http:\/\/n1to.com.br\/img\/uploads\/ADETUC.jpg\" alt=\"\"\/><\/figure>\n\n\n\n<p><em><strong>O presidente da Adetuc Hercy Filho falou dos projetos do Estado para a regi\u00e3o da Ilha do Bananal &#8211; Ascom-Febtur<\/strong><\/em><\/p>\n\n\n\n<figure class=\"wp-block-image\"><img decoding=\"async\" src=\"http:\/\/n1to.com.br\/img\/uploads\/Prefeita_Josi_Nunes_falou_dos_parques_que_poder%C3%A3o_receber_comunidade_local_e_turistas_Ascom-Adetuc.jpg\" alt=\"\"\/><\/figure>\n\n\n\n<p><strong><em>Prefeita Josi Nunes falou dos parques que poder\u00e3o receber comunidade local e turistas &#8211; Ascom-Adetuc<\/em><\/strong><\/p>\n","protected":false},"excerpt":{"rendered":"<p>Poder p\u00fablico, empres\u00e1rios e profissionais da comunica\u00e7\u00e3o se reuniram no s\u00e1bado, 18, em Gurupi, para discutirem a valoriza\u00e7\u00e3o e fortalecimento do turismo na regi\u00e3o Sul do Estado. O encontro foi realizado pela Federa\u00e7\u00e3o Brasileira de Jornalistas e Comunicadores de Turismo no Tocantins (Febtur), em parceria com o Sebrae e a Prefeitura de Gurupi, por meio &hellip;<\/p>\n","protected":false},"author":5,"featured_media":1966,"comment_status":"open","ping_status":"open","sticky":false,"template":"","format":"standard","meta":{"footnotes":""},"categories":[1],"tags":[],"class_list":["post-1964","post","type-post","status-publish","format-standard","has-post-thumbnail","","category-sem-categoria"],"_links":{"self":[{"href":"https:\/\/focotocantinense.com.br\/index.php?rest_route=\/wp\/v2\/posts\/1964","targetHints":{"allow":["GET"]}}],"collection":[{"href":"https:\/\/focotocantinense.com.br\/index.php?rest_route=\/wp\/v2\/posts"}],"about":[{"href":"https:\/\/focotocantinense.com.br\/index.php?rest_route=\/wp\/v2\/types\/post"}],"author":[{"embeddable":true,"href":"https:\/\/focotocantinense.com.br\/index.php?rest_route=\/wp\/v2\/users\/5"}],"replies":[{"embeddable":true,"href":"https:\/\/focotocantinense.com.br\/index.php?rest_route=%2Fwp%2Fv2%2Fcomments&post=1964"}],"version-history":[{"count":1,"href":"https:\/\/focotocantinense.com.br\/index.php?rest_route=\/wp\/v2\/posts\/1964\/revisions"}],"predecessor-version":[{"id":1965,"href":"https:\/\/focotocantinense.com.br\/index.php?rest_route=\/wp\/v2\/posts\/1964\/revisions\/1965"}],"wp:featuredmedia":[{"embeddable":true,"href":"https:\/\/focotocantinense.com.br\/index.php?rest_route=\/wp\/v2\/media\/1966"}],"wp:attachment":[{"href":"https:\/\/focotocantinense.com.br\/index.php?rest_route=%2Fwp%2Fv2%2Fmedia&parent=1964"}],"wp:term":[{"taxonomy":"category","embeddable":true,"href":"https:\/\/focotocantinense.com.br\/index.php?rest_route=%2Fwp%2Fv2%2Fcategories&post=1964"},{"taxonomy":"post_tag","embeddable":true,"href":"https:\/\/focotocantinense.com.br\/index.php?rest_route=%2Fwp%2Fv2%2Ftags&post=1964"}],"curies":[{"name":"wp","href":"https:\/\/api.w.org\/{rel}","templated":true}]}}