{"id":1960,"date":"2021-12-15T21:13:02","date_gmt":"2021-12-16T00:13:02","guid":{"rendered":"https:\/\/focotocantinense.com.br\/?p=1960"},"modified":"2021-12-15T21:19:02","modified_gmt":"2021-12-16T00:19:02","slug":"pastor-eliardo-santos-lanca-seu-primeiro-livro-em-dianopolis","status":"publish","type":"post","link":"https:\/\/focotocantinense.com.br\/?p=1960","title":{"rendered":"Pastor  Eliardo Santos lan\u00e7a seu primeiro livro em Dian\u00f3polis"},"content":{"rendered":"\n<p>Por<strong> Zacarias Martins<\/strong><\/p>\n\n\n\n<p>Estreitando no universo da literatura, o escritor e pastor evang\u00e9lico na cidade &nbsp;de Dian\u00f3polis, na regi\u00e3o sudeste do Tocantins, Eliardo dos Santos Silva, acaba de lan\u00e7ar o livro&nbsp;<em>O jovem crist\u00e3o e os seus desafios<\/em>, publica\u00e7\u00e3o da Editora Veloso.<\/p>\n\n\n\n<p><strong>Bem recomendado<\/strong><\/p>\n\n\n\n<p>\u201cLouvo a Deus pela vida do pastor Eliardo dos Santos Silva, abnegado servo de Deus, que tem se esmerado na obra do Senhor. E com esfor\u00e7o e muito compromisso com Deus e Sua palavra, escreveu este aben\u00e7oado material. Recomendo o estudo deste livro para o seu elevo espiritual\u201d, afirmou o pastor D\u00e1rio de Sousa Pereira,&nbsp; presidente da Assembleia de Deus Minist\u00e9rio de Madureira \u2013 Campo de Dian\u00f3polis, na apresenta\u00e7\u00e3o da obra.<\/p>\n\n\n\n<p><strong>Contribui\u00e7\u00e3o aos jovens<\/strong><\/p>\n\n\n\n<p>O pastor D\u00e1rio de Sousa Pereira destacou, tamb\u00e9m, que o conte\u00fado do livro&nbsp;\u00e9 um \u00f3timo material que muito contribuir\u00e1 aos jovens em espec\u00edfico e a todas as faixas et\u00e1rias de um modo geral.<\/p>\n\n\n\n<figure class=\"wp-block-image\"><img decoding=\"async\" src=\"https:\/\/clebertoledo.com.br\/wp-content\/uploads\/2021\/12\/LIVRO-DO-PASTOR.jpeg\" alt=\"\"\/><\/figure>\n\n\n\n<figure class=\"wp-block-image\"><img decoding=\"async\" src=\"https:\/\/clebertoledo.com.br\/wp-content\/uploads\/2021\/01\/veloso_banner-1024x296.jpeg\" alt=\"\"\/><\/figure>\n","protected":false},"excerpt":{"rendered":"<p>Por Zacarias Martins Estreitando no universo da literatura, o escritor e pastor evang\u00e9lico na cidade &nbsp;de Dian\u00f3polis, na regi\u00e3o sudeste do Tocantins, Eliardo dos Santos Silva, acaba de lan\u00e7ar o livro&nbsp;O jovem crist\u00e3o e os seus desafios, publica\u00e7\u00e3o da Editora Veloso. Bem recomendado \u201cLouvo a Deus pela vida do pastor Eliardo dos Santos Silva, abnegado &hellip;<\/p>\n","protected":false},"author":5,"featured_media":1962,"comment_status":"open","ping_status":"open","sticky":false,"template":"","format":"standard","meta":{"footnotes":""},"categories":[1],"tags":[],"class_list":["post-1960","post","type-post","status-publish","format-standard","has-post-thumbnail","","category-sem-categoria"],"_links":{"self":[{"href":"https:\/\/focotocantinense.com.br\/index.php?rest_route=\/wp\/v2\/posts\/1960","targetHints":{"allow":["GET"]}}],"collection":[{"href":"https:\/\/focotocantinense.com.br\/index.php?rest_route=\/wp\/v2\/posts"}],"about":[{"href":"https:\/\/focotocantinense.com.br\/index.php?rest_route=\/wp\/v2\/types\/post"}],"author":[{"embeddable":true,"href":"https:\/\/focotocantinense.com.br\/index.php?rest_route=\/wp\/v2\/users\/5"}],"replies":[{"embeddable":true,"href":"https:\/\/focotocantinense.com.br\/index.php?rest_route=%2Fwp%2Fv2%2Fcomments&post=1960"}],"version-history":[{"count":2,"href":"https:\/\/focotocantinense.com.br\/index.php?rest_route=\/wp\/v2\/posts\/1960\/revisions"}],"predecessor-version":[{"id":1963,"href":"https:\/\/focotocantinense.com.br\/index.php?rest_route=\/wp\/v2\/posts\/1960\/revisions\/1963"}],"wp:featuredmedia":[{"embeddable":true,"href":"https:\/\/focotocantinense.com.br\/index.php?rest_route=\/wp\/v2\/media\/1962"}],"wp:attachment":[{"href":"https:\/\/focotocantinense.com.br\/index.php?rest_route=%2Fwp%2Fv2%2Fmedia&parent=1960"}],"wp:term":[{"taxonomy":"category","embeddable":true,"href":"https:\/\/focotocantinense.com.br\/index.php?rest_route=%2Fwp%2Fv2%2Fcategories&post=1960"},{"taxonomy":"post_tag","embeddable":true,"href":"https:\/\/focotocantinense.com.br\/index.php?rest_route=%2Fwp%2Fv2%2Ftags&post=1960"}],"curies":[{"name":"wp","href":"https:\/\/api.w.org\/{rel}","templated":true}]}}