{"id":1952,"date":"2021-12-15T11:08:36","date_gmt":"2021-12-15T14:08:36","guid":{"rendered":"https:\/\/focotocantinense.com.br\/?p=1952"},"modified":"2021-12-15T11:09:54","modified_gmt":"2021-12-15T14:09:54","slug":"gurupi-recebe-a-1a-edicao-do-encontros-febtur","status":"publish","type":"post","link":"https:\/\/focotocantinense.com.br\/?p=1952","title":{"rendered":"Gurupi recebe a 1\u00aa edi\u00e7\u00e3o do Encontros Febtur"},"content":{"rendered":"\n<p>O \u201cEncontros Febtur\u201d foi criado para divulgar o turismo e a cultura do Estado junto aos profissionais de comunica\u00e7\u00e3o do segmento do turismo, bem como facilitar a troca de informa\u00e7\u00f5es junto ao poder p\u00fablico e trade tur\u00edstico, com vistas ao desenvolvimento do setor.<\/p>\n\n\n\n<p>Conforme a organiza\u00e7\u00e3o, Gurupi foi escolhida para sediar o primeiro Encontros como uma forma de reconhecimento pela import\u00e2ncia estrat\u00e9gica do munic\u00edpio para o desenvolvimento do turismo na regi\u00e3o Sul do Estado e de sua posi\u00e7\u00e3o como cidade polo da Inst\u00e2ncia de Governan\u00e7a da Ilha do Bananal.<\/p>\n\n\n\n<p>A programa\u00e7\u00e3o, que acontecer\u00e1 no audit\u00f3rio do Sebrae, a partir das 9 horas, inclui uma reuni\u00e3o t\u00e9cnica, que contar\u00e1 com a participa\u00e7\u00e3o do presidente da Ag\u00eancia do Desenvolvimento do Turismo, Cultura e Economia Criativa do Estado, Hercy Filho, e comitiva de jornalistas e fot\u00f3grafos de Palmas.<\/p>\n\n\n\n<p>Segundo a secret\u00e1ria municipal de Cultura e Turismo de Gurupi, Lady Sakay, esse encontro d\u00e1 in\u00edcio a uma segunda etapa do processo de fortalecimento da Inst\u00e2ncia de Governan\u00e7a Regional da Ilha do Bananal. \u201cA informa\u00e7\u00e3o, comunica\u00e7\u00e3o e divulga\u00e7\u00e3o por meio dos Encontros Febtur de valoriza\u00e7\u00e3o tur\u00edstica regional s\u00e3o fundamentais para que possamos tra\u00e7ar rotas tur\u00edsticas vi\u00e1veis na nossa regional. Convido toda a Trade Tur\u00edstica de Gurupi a participar do evento e fortalecer a nossa regional\u201d, convida a secret\u00e1ria.<\/p>\n\n\n\n<p>De acordo com a presidente da entidade, a jornalista Seleucia Fontes, a proposta \u00e9 levar o projeto a outras localidades no ano de 2022. \u201cAl\u00e9m de promover a divulga\u00e7\u00e3o jornal\u00edstica, a Febtur quer ser uma entidade participativa, colaborando com sugest\u00f5es voltadas \u00e0 profissionaliza\u00e7\u00e3o do turismo no Estado; no caso especial da IGR Ilha do Bananal, entendemos que h\u00e1 um potencial enorme que merece a aten\u00e7\u00e3o da sociedade civil e do Poder P\u00fablico, para conquistar a mesma visibilidade das regi\u00f5es do Jalap\u00e3o e das Serras Gerais\u201d, explica.<\/p>\n\n\n\n<p><\/p>\n\n\n\n<figure class=\"wp-block-image\"><img decoding=\"async\" src=\"https:\/\/www.n1to.com.br\/img\/cache\/800x400\/80\/crop\/Imagem-bebf0e60a9adbb3b6ce21258719163e8.jpg\" alt=\"\"\/><\/figure>\n\n\n\n<figure class=\"wp-block-image\"><img decoding=\"async\" src=\"http:\/\/n1to.com.br\/img\/uploads\/TIO_BARNABEE_OK_33.jpg\" alt=\"\"\/><\/figure>\n","protected":false},"excerpt":{"rendered":"<p>O \u201cEncontros Febtur\u201d foi criado para divulgar o turismo e a cultura do Estado junto aos profissionais de comunica\u00e7\u00e3o do segmento do turismo, bem como facilitar a troca de informa\u00e7\u00f5es junto ao poder p\u00fablico e trade tur\u00edstico, com vistas ao desenvolvimento do setor. Conforme a organiza\u00e7\u00e3o, Gurupi foi escolhida para sediar o primeiro Encontros como &hellip;<\/p>\n","protected":false},"author":5,"featured_media":1954,"comment_status":"open","ping_status":"open","sticky":false,"template":"","format":"standard","meta":{"footnotes":""},"categories":[1],"tags":[],"class_list":["post-1952","post","type-post","status-publish","format-standard","has-post-thumbnail","","category-sem-categoria"],"_links":{"self":[{"href":"https:\/\/focotocantinense.com.br\/index.php?rest_route=\/wp\/v2\/posts\/1952","targetHints":{"allow":["GET"]}}],"collection":[{"href":"https:\/\/focotocantinense.com.br\/index.php?rest_route=\/wp\/v2\/posts"}],"about":[{"href":"https:\/\/focotocantinense.com.br\/index.php?rest_route=\/wp\/v2\/types\/post"}],"author":[{"embeddable":true,"href":"https:\/\/focotocantinense.com.br\/index.php?rest_route=\/wp\/v2\/users\/5"}],"replies":[{"embeddable":true,"href":"https:\/\/focotocantinense.com.br\/index.php?rest_route=%2Fwp%2Fv2%2Fcomments&post=1952"}],"version-history":[{"count":1,"href":"https:\/\/focotocantinense.com.br\/index.php?rest_route=\/wp\/v2\/posts\/1952\/revisions"}],"predecessor-version":[{"id":1953,"href":"https:\/\/focotocantinense.com.br\/index.php?rest_route=\/wp\/v2\/posts\/1952\/revisions\/1953"}],"wp:featuredmedia":[{"embeddable":true,"href":"https:\/\/focotocantinense.com.br\/index.php?rest_route=\/wp\/v2\/media\/1954"}],"wp:attachment":[{"href":"https:\/\/focotocantinense.com.br\/index.php?rest_route=%2Fwp%2Fv2%2Fmedia&parent=1952"}],"wp:term":[{"taxonomy":"category","embeddable":true,"href":"https:\/\/focotocantinense.com.br\/index.php?rest_route=%2Fwp%2Fv2%2Fcategories&post=1952"},{"taxonomy":"post_tag","embeddable":true,"href":"https:\/\/focotocantinense.com.br\/index.php?rest_route=%2Fwp%2Fv2%2Ftags&post=1952"}],"curies":[{"name":"wp","href":"https:\/\/api.w.org\/{rel}","templated":true}]}}