{"id":1948,"date":"2021-12-13T13:45:34","date_gmt":"2021-12-13T16:45:34","guid":{"rendered":"https:\/\/focotocantinense.com.br\/?p=1948"},"modified":"2021-12-13T13:46:51","modified_gmt":"2021-12-13T16:46:51","slug":"vereador-napoleao-dionisio-realiza-a-segunda-edicao-do-natal-solidario-em-lagoa-da-confusao","status":"publish","type":"post","link":"https:\/\/focotocantinense.com.br\/?p=1948","title":{"rendered":"Vereador Napole\u00e3o Dion\u00edsio realiza a segunda edi\u00e7\u00e3o do Natal Solid\u00e1rio em Lagoa da Confus\u00e3o"},"content":{"rendered":"\n<p><strong>Por Zacarias Martins<\/strong><\/p>\n\n\n\n<p>O vereador Napole\u00e3o Dion\u00edsio promoveu neste domingo (12), em sua ch\u00e1cara no setor Balne\u00e1rio, a segunda edi\u00e7\u00e3o do Natal Solid\u00e1rio. Na oportunidade houve entrega de brinquedos, al\u00e9m d distribui\u00e7\u00e3o de salgadinhos, refrigerante, pipoca e chocolate para a gurizada que por l\u00e1 apareceu.<\/p>\n\n\n\n<p>Tamb\u00e9m teve corte de&nbsp; cabelos, e para trazer as crian\u00e7as que residem nos setores mais distantes, &nbsp;vereador Napole\u00e3o disponibilizou o ve\u00edculo que serve&nbsp; de Gabinete M\u00f3vel. Assim,&nbsp; muitas crian\u00e7as puderam participar dessa&nbsp; a\u00e7\u00e3o.<\/p>\n\n\n\n<p>\u201cEsta \u00e9 mais uma a\u00e7\u00e3o social que realizamos com sucesso, sempre tendo o apoio de um grupo de colaboradores que muito nos t\u00eam ajudado em nossas atividades em prol da popula\u00e7\u00e3o lagoense\u201d, afirmou o vereador Napole\u00e3o Dion\u00edsio.<\/p>\n\n\n\n<figure class=\"wp-block-image\"><img decoding=\"async\" src=\"http:\/\/n1to.com.br\/img\/uploads\/2_NAPOLEAO_1.jpg\" alt=\"\"\/><\/figure>\n\n\n\n<figure class=\"wp-block-image\"><img decoding=\"async\" src=\"https:\/\/www.n1to.com.br\/img\/cache\/800x400\/80\/crop\/Imagem-fdc735b00e15a5cd541c8e7f3182b6cf.jpg\" alt=\"\"\/><\/figure>\n\n\n\n<figure class=\"wp-block-image\"><img decoding=\"async\" src=\"http:\/\/n1to.com.br\/img\/uploads\/3_NAPOLEAO.jpg\" alt=\"\"\/><\/figure>\n","protected":false},"excerpt":{"rendered":"<p>Por Zacarias Martins O vereador Napole\u00e3o Dion\u00edsio promoveu neste domingo (12), em sua ch\u00e1cara no setor Balne\u00e1rio, a segunda edi\u00e7\u00e3o do Natal Solid\u00e1rio. Na oportunidade houve entrega de brinquedos, al\u00e9m d distribui\u00e7\u00e3o de salgadinhos, refrigerante, pipoca e chocolate para a gurizada que por l\u00e1 apareceu. Tamb\u00e9m teve corte de&nbsp; cabelos, e para trazer as crian\u00e7as &hellip;<\/p>\n","protected":false},"author":5,"featured_media":1950,"comment_status":"open","ping_status":"open","sticky":false,"template":"","format":"standard","meta":{"footnotes":""},"categories":[1],"tags":[],"class_list":["post-1948","post","type-post","status-publish","format-standard","has-post-thumbnail","","category-sem-categoria"],"_links":{"self":[{"href":"https:\/\/focotocantinense.com.br\/index.php?rest_route=\/wp\/v2\/posts\/1948","targetHints":{"allow":["GET"]}}],"collection":[{"href":"https:\/\/focotocantinense.com.br\/index.php?rest_route=\/wp\/v2\/posts"}],"about":[{"href":"https:\/\/focotocantinense.com.br\/index.php?rest_route=\/wp\/v2\/types\/post"}],"author":[{"embeddable":true,"href":"https:\/\/focotocantinense.com.br\/index.php?rest_route=\/wp\/v2\/users\/5"}],"replies":[{"embeddable":true,"href":"https:\/\/focotocantinense.com.br\/index.php?rest_route=%2Fwp%2Fv2%2Fcomments&post=1948"}],"version-history":[{"count":1,"href":"https:\/\/focotocantinense.com.br\/index.php?rest_route=\/wp\/v2\/posts\/1948\/revisions"}],"predecessor-version":[{"id":1949,"href":"https:\/\/focotocantinense.com.br\/index.php?rest_route=\/wp\/v2\/posts\/1948\/revisions\/1949"}],"wp:featuredmedia":[{"embeddable":true,"href":"https:\/\/focotocantinense.com.br\/index.php?rest_route=\/wp\/v2\/media\/1950"}],"wp:attachment":[{"href":"https:\/\/focotocantinense.com.br\/index.php?rest_route=%2Fwp%2Fv2%2Fmedia&parent=1948"}],"wp:term":[{"taxonomy":"category","embeddable":true,"href":"https:\/\/focotocantinense.com.br\/index.php?rest_route=%2Fwp%2Fv2%2Fcategories&post=1948"},{"taxonomy":"post_tag","embeddable":true,"href":"https:\/\/focotocantinense.com.br\/index.php?rest_route=%2Fwp%2Fv2%2Ftags&post=1948"}],"curies":[{"name":"wp","href":"https:\/\/api.w.org\/{rel}","templated":true}]}}