{"id":1944,"date":"2021-12-10T15:37:44","date_gmt":"2021-12-10T18:37:44","guid":{"rendered":"https:\/\/focotocantinense.com.br\/?p=1944"},"modified":"2021-12-13T13:48:31","modified_gmt":"2021-12-13T16:48:31","slug":"camara-de-vereadores-de-lagoa-da-confusao-aprova-a-nova-planta-de-valores-do-municipio","status":"publish","type":"post","link":"https:\/\/focotocantinense.com.br\/?p=1944","title":{"rendered":"C\u00e2mara de Vereadores de Lagoa da Confus\u00e3o aprova a nova planta de valores do munic\u00edpio"},"content":{"rendered":"\n<p><strong>Por Zacarias Martins&nbsp;<\/strong><\/p>\n\n\n\n<p>A C\u00e2mara Municipal de Lagoa da Confus\u00e3o aprovou o projeto de lei complementar de autoria do Executivo Municipal que disp\u00f5e sobre &nbsp;a planta de valores gen\u00e9ricos do munic\u00edpio.<\/p>\n\n\n\n<p>O presidente da Casa, vereador Luiz Edvaldo Coelho dos Santos- o Di (PTB), explica que essa planta de valores \u00e9 o instrumento que padroniza e uniformiza os crit\u00e9rios de defini\u00e7\u00e3o do valor venal dos im\u00f3veis do munic\u00edpio, servindo de&nbsp; &nbsp;base de c\u00e1lculo para a cobran\u00e7a do Imposto Predial e Territorial Urbano (IPTU) bem como do Imposto sobre Transmiss\u00e3o de Bens Im\u00f3veis (ITBI).<\/p>\n\n\n\n<p>Ap\u00f3s tramita\u00e7\u00e3o nas comiss\u00f5es da C\u00e2mara Municipal de Lagoa da Confus\u00e3o, onde teve parecer favor\u00e1vel, o projeto seguiu para o plen\u00e1rio e foi aprovado&nbsp; por unanimidade.<\/p>\n\n\n\n<figure class=\"wp-block-image\"><img decoding=\"async\" src=\"https:\/\/www.jornalcocktail.com.br\/images\/noticias\/3121\/fd5cf6cba588388694d36eb9b5513aff.jpg\" alt=\"\"\/><\/figure>\n\n\n\n<figure class=\"wp-block-image\"><img decoding=\"async\" src=\"http:\/\/n1to.com.br\/img\/uploads\/veloso_banner_40.jpeg\" alt=\"\"\/><\/figure>\n","protected":false},"excerpt":{"rendered":"<p>Por Zacarias Martins&nbsp; A C\u00e2mara Municipal de Lagoa da Confus\u00e3o aprovou o projeto de lei complementar de autoria do Executivo Municipal que disp\u00f5e sobre &nbsp;a planta de valores gen\u00e9ricos do munic\u00edpio. O presidente da Casa, vereador Luiz Edvaldo Coelho dos Santos- o Di (PTB), explica que essa planta de valores \u00e9 o instrumento que padroniza &hellip;<\/p>\n","protected":false},"author":5,"featured_media":1951,"comment_status":"open","ping_status":"open","sticky":false,"template":"","format":"standard","meta":{"footnotes":""},"categories":[1],"tags":[],"class_list":["post-1944","post","type-post","status-publish","format-standard","has-post-thumbnail","","category-sem-categoria"],"_links":{"self":[{"href":"https:\/\/focotocantinense.com.br\/index.php?rest_route=\/wp\/v2\/posts\/1944","targetHints":{"allow":["GET"]}}],"collection":[{"href":"https:\/\/focotocantinense.com.br\/index.php?rest_route=\/wp\/v2\/posts"}],"about":[{"href":"https:\/\/focotocantinense.com.br\/index.php?rest_route=\/wp\/v2\/types\/post"}],"author":[{"embeddable":true,"href":"https:\/\/focotocantinense.com.br\/index.php?rest_route=\/wp\/v2\/users\/5"}],"replies":[{"embeddable":true,"href":"https:\/\/focotocantinense.com.br\/index.php?rest_route=%2Fwp%2Fv2%2Fcomments&post=1944"}],"version-history":[{"count":2,"href":"https:\/\/focotocantinense.com.br\/index.php?rest_route=\/wp\/v2\/posts\/1944\/revisions"}],"predecessor-version":[{"id":1947,"href":"https:\/\/focotocantinense.com.br\/index.php?rest_route=\/wp\/v2\/posts\/1944\/revisions\/1947"}],"wp:featuredmedia":[{"embeddable":true,"href":"https:\/\/focotocantinense.com.br\/index.php?rest_route=\/wp\/v2\/media\/1951"}],"wp:attachment":[{"href":"https:\/\/focotocantinense.com.br\/index.php?rest_route=%2Fwp%2Fv2%2Fmedia&parent=1944"}],"wp:term":[{"taxonomy":"category","embeddable":true,"href":"https:\/\/focotocantinense.com.br\/index.php?rest_route=%2Fwp%2Fv2%2Fcategories&post=1944"},{"taxonomy":"post_tag","embeddable":true,"href":"https:\/\/focotocantinense.com.br\/index.php?rest_route=%2Fwp%2Fv2%2Ftags&post=1944"}],"curies":[{"name":"wp","href":"https:\/\/api.w.org\/{rel}","templated":true}]}}