{"id":1941,"date":"2021-12-09T20:44:35","date_gmt":"2021-12-09T23:44:35","guid":{"rendered":"https:\/\/focotocantinense.com.br\/?p=1941"},"modified":"2021-12-09T20:46:05","modified_gmt":"2021-12-09T23:46:05","slug":"anunciados-os-vencedores-da-segunda-edicao-do-premio-leitura-viva-de-tocantinia","status":"publish","type":"post","link":"https:\/\/focotocantinense.com.br\/?p=1941","title":{"rendered":"Anunciados os vencedores da segunda edi\u00e7\u00e3o do Pr\u00eamio Leitura Viva de Tocant\u00ednia"},"content":{"rendered":"\n<p><strong>Por Leontina Martins<\/strong><\/p>\n\n\n\n<p>Na manh\u00e3 desta quinta-feira (09), a&nbsp;Secretaria Municipal de Educa\u00e7\u00e3o de Tocant\u00ednia&nbsp; (Semed),divulgou a rela\u00e7\u00e3o dos alunos vencedores da segunda edi\u00e7\u00e3o do Pr\u00eamio Leitura Viva.<\/p>\n\n\n\n<p>Na&nbsp;solenidade do an\u00fancio da premia\u00e7\u00e3o, o secret\u00e1rio da Educa\u00e7\u00e3o do munic\u00edpio, professor Andr\u00e9 Goveia,&nbsp; destacou que &nbsp;o Projeto Leitura Viva &nbsp;&nbsp;tem sido&nbsp; uma grande ferramenta para o ensino aprendizagem dos alunos da Rede Municipal de Educa\u00e7\u00e3o de Tocant\u00ednia, e que est\u00e1 sendo colocado em pr\u00e1tica por profissionais capacitados, &nbsp;focados, de uma&nbsp; maneira toda especial, nos&nbsp;&nbsp; alunos do Ensino Fundamental. Aqueles que possuem algum d\u00e9ficit de leitura t\u00eam um acompanhamento espec\u00edfico para superar esse problema. &nbsp;<\/p>\n\n\n\n<p>\u201cPara tanto, utilizamos de ludicidade para trabalhar com as crian\u00e7as, entre elas: conta\u00e7\u00e3o de hist\u00f3rias da literatura infantil e jogos educativos. E os resultados s\u00e3o bastante promissores quando constatamos o despertar para o salutar h\u00e1bito da leitura e da produ\u00e7\u00e3o textual de nossos alunos\u201d, explicou o secret\u00e1rio.<\/p>\n\n\n\n<p><strong>CONFIRA OS VENDEDORES<\/strong><\/p>\n\n\n\n<p><strong>CATEGORIA-Frase e pequenos textos:<\/strong><\/p>\n\n\n\n<p>1\u00ba lugar &#8211; Jo\u00e3o Guilherme Lopes da Silva; 2\u00b0 ano, Escola Mul.Ana Alves de Brito<\/p>\n\n\n\n<p>2\u00ba lugar- Otavio de Aguiar Souza, 2\u00b0 ano; Escola Mul.Prof\u00ba.Constantino Pedro de Castro<\/p>\n\n\n\n<p>3\u00ba lugar &#8211; Lorenzo Gabriel Nonato Barbosa, 2\u00b0 ano. Escola Mul.Ana Alves de Brito<\/p>\n\n\n\n<p><strong>CATEGORIA- Hist\u00f3ria em quadrinho:<\/strong><\/p>\n\n\n\n<p>1\u00ba lugar &#8211; Vit\u00f3ria Aptudi Xerente, 4\u00b0 ano; EMTI-Antonio Benvido da Luz<\/p>\n\n\n\n<p>2\u00ba lugar- Gustavo Henrique Alves dos Santos, 4\u00b0 ano -EMTI-Antonio Benvindo da Luz<\/p>\n\n\n\n<p>3\u00ba lugar- Evellyn de Oliveira Mariano, 3\u00b0 ano. EMTI-Antonio Benvindo da Luz<\/p>\n\n\n\n<p><strong>CATEGORIA &#8211; Mem\u00f3rias:<\/strong><\/p>\n\n\n\n<p>1\u00ba lugar- Venilson da Silva Souza,&nbsp; 9\u00b0 ano , EMTI-Antonio Benvindo da Luz<\/p>\n\n\n\n<p>2\u00ba lugar- Paulo Henrique Sizapi Marinho Xerente; 8\u00b0 ano. EMTI-Antonio Benvindo da Luz<\/p>\n\n\n\n<p><strong>CATEGORIA &#8211; V\u00eddeo:<\/strong><\/p>\n\n\n\n<p><strong>1\u00ba lugar &#8211;<\/strong>&nbsp;Maria Isabella Gomes de Amorim; 5\u00b0 ano, EMTI-Antonio Benvindo da Luz<\/p>\n\n\n\n<p><strong>2\u00ba lugar &#8211;<\/strong>&nbsp;Isadora Maria Pereira da Silva ,4\u00baano &nbsp;EMTI-Antonio Benvindo da Luz<\/p>\n\n\n\n<p><strong>3\u00ba lugar-<\/strong>&nbsp;Ana Luiza Marinho Figueiredo; 5\u00b0 ano. EMTI-Antonio Benvindo da Luz<\/p>\n\n\n\n<p><strong>CATEGORIA &#8211; Desenho:<\/strong><\/p>\n\n\n\n<p><strong>1\u00b0 lugar<\/strong>&nbsp;&#8211; Heloisa Marques Cursino, Pr\u00e9-secolar II; EMEI-Tereza Hil\u00e1rio Ribeiro<\/p>\n\n\n\n<p><strong>2\u00b0 lugar-<\/strong>Hemilly Louyse Gomes Pereira, Pr\u00e9-escolar I , EMEI-Tereza Hil\u00e1rio Ribeiro<\/p>\n\n\n\n<p><strong>3\u00b0 lugar<\/strong>-Paloma Smikadi Gomes Xerente, Pr\u00e9-escolar II. EMEI-Tereza Hil\u00e1rio Ribeiro<\/p>\n\n\n\n<p><strong>CATEGORIA &#8211; Poesia:<\/strong><\/p>\n\n\n\n<p><strong>1\u00ba lugar-<\/strong>&nbsp;Anna Rebeca Alves Castro, 5\u00b0 ano; Escola Mul.Ana Alves de Brito<\/p>\n\n\n\n<p><strong>2\u00ba lugar-<\/strong>&nbsp;\u00c2ngela Vit\u00f3ria Alves de Sousa, 7\u00b0 ano; Escola Mul.Benvindo Souza Luz<\/p>\n\n\n\n<p><strong>3\u00ba lugar-<\/strong>&nbsp;Mirela Ferreira Mendes. Escola Mul.Benvindo Souza Luz<\/p>\n\n\n\n<p><strong>CATEGORIA \u2013 Conto:<\/strong><\/p>\n\n\n\n<p><strong>1\u00ba lugar-<\/strong>Jamilly Alves Pereira, 5\u00b0ano; Escola Mul.Prof\u00ba.Constantino Pedro de Castro<\/p>\n\n\n\n<p><strong>2\u00ba lugar<\/strong>-Grazielle Caroline Oliveira Ribeiro, 5\u00b0 ano; Escola Mul.Benvindo Souza Luz<\/p>\n\n\n\n<p><strong>3\u00ba lugar-<\/strong>Tayna Wareti Marinho Xerente, 5\u00b0 ano. EMTI-Antonio Benvido da Luz<\/p>\n\n\n\n<figure class=\"wp-block-image\"><img decoding=\"async\" src=\"http:\/\/n1to.com.br\/img\/uploads\/2_LeITURA_VIVA.jpg\" alt=\"\"\/><\/figure>\n\n\n\n<figure class=\"wp-block-image\"><img decoding=\"async\" src=\"http:\/\/n1to.com.br\/img\/uploads\/3_LeITURA_VIVA.jpg\" alt=\"\"\/><\/figure>\n\n\n\n<figure class=\"wp-block-image\"><img decoding=\"async\" src=\"http:\/\/n1to.com.br\/img\/uploads\/veloso_banner_40.jpeg\" alt=\"\"\/><\/figure>\n","protected":false},"excerpt":{"rendered":"<p>Por Leontina Martins Na manh\u00e3 desta quinta-feira (09), a&nbsp;Secretaria Municipal de Educa\u00e7\u00e3o de Tocant\u00ednia&nbsp; (Semed),divulgou a rela\u00e7\u00e3o dos alunos vencedores da segunda edi\u00e7\u00e3o do Pr\u00eamio Leitura Viva. Na&nbsp;solenidade do an\u00fancio da premia\u00e7\u00e3o, o secret\u00e1rio da Educa\u00e7\u00e3o do munic\u00edpio, professor Andr\u00e9 Goveia,&nbsp; destacou que &nbsp;o Projeto Leitura Viva &nbsp;&nbsp;tem sido&nbsp; uma grande ferramenta para o ensino &hellip;<\/p>\n","protected":false},"author":5,"featured_media":1943,"comment_status":"open","ping_status":"open","sticky":false,"template":"","format":"standard","meta":{"footnotes":""},"categories":[1],"tags":[],"class_list":["post-1941","post","type-post","status-publish","format-standard","has-post-thumbnail","","category-sem-categoria"],"_links":{"self":[{"href":"https:\/\/focotocantinense.com.br\/index.php?rest_route=\/wp\/v2\/posts\/1941","targetHints":{"allow":["GET"]}}],"collection":[{"href":"https:\/\/focotocantinense.com.br\/index.php?rest_route=\/wp\/v2\/posts"}],"about":[{"href":"https:\/\/focotocantinense.com.br\/index.php?rest_route=\/wp\/v2\/types\/post"}],"author":[{"embeddable":true,"href":"https:\/\/focotocantinense.com.br\/index.php?rest_route=\/wp\/v2\/users\/5"}],"replies":[{"embeddable":true,"href":"https:\/\/focotocantinense.com.br\/index.php?rest_route=%2Fwp%2Fv2%2Fcomments&post=1941"}],"version-history":[{"count":1,"href":"https:\/\/focotocantinense.com.br\/index.php?rest_route=\/wp\/v2\/posts\/1941\/revisions"}],"predecessor-version":[{"id":1942,"href":"https:\/\/focotocantinense.com.br\/index.php?rest_route=\/wp\/v2\/posts\/1941\/revisions\/1942"}],"wp:featuredmedia":[{"embeddable":true,"href":"https:\/\/focotocantinense.com.br\/index.php?rest_route=\/wp\/v2\/media\/1943"}],"wp:attachment":[{"href":"https:\/\/focotocantinense.com.br\/index.php?rest_route=%2Fwp%2Fv2%2Fmedia&parent=1941"}],"wp:term":[{"taxonomy":"category","embeddable":true,"href":"https:\/\/focotocantinense.com.br\/index.php?rest_route=%2Fwp%2Fv2%2Fcategories&post=1941"},{"taxonomy":"post_tag","embeddable":true,"href":"https:\/\/focotocantinense.com.br\/index.php?rest_route=%2Fwp%2Fv2%2Ftags&post=1941"}],"curies":[{"name":"wp","href":"https:\/\/api.w.org\/{rel}","templated":true}]}}