{"id":1934,"date":"2021-12-09T20:36:53","date_gmt":"2021-12-09T23:36:53","guid":{"rendered":"https:\/\/focotocantinense.com.br\/?p=1934"},"modified":"2021-12-09T20:38:17","modified_gmt":"2021-12-09T23:38:17","slug":"inaugurado-em-gurupi-o-primeiro-shopping-center-da-regiao-sul-do-tocantins","status":"publish","type":"post","link":"https:\/\/focotocantinense.com.br\/?p=1934","title":{"rendered":"Inaugurado em Gurupi o primeiro Shopping Center da regi\u00e3o sul do Tocantins"},"content":{"rendered":"\n<p>Na noite desta quarta-feira, 08, os moradores de Gurupi realizaram o grande sonho de ver em pleno funcionamento o primeiro shopping center da cidade e da regi\u00e3o Sul do Tocantins. Este momento hist\u00f3rico foi prestigiado por v\u00e1rias pessoas e autoridades regionais, entre elas a prefeita de Gurupi, Josi Nunes; o vice-prefeito, Gleydson Nato, e pelos secret\u00e1rios municipais.<\/p>\n\n\n\n<p>O empreendimento, que come\u00e7ou a ser constru\u00eddo h\u00e1 quase 03 anos, j\u00e1 est\u00e1 gerando mais de 800 empregos diretos. A obra foi avaliada em mais de 60 milh\u00f5es de reais. S\u00e3o 85 lojas totalizando 10 mil m\u00b2 em uma \u00e1rea constru\u00edda de 20 mil m\u00b2. O Shopping possui mil vagas de estacionamento e est\u00e1 projetado para receber em torno de 12 mil pessoas por dia.<\/p>\n\n\n\n<p>N\u00fameros que mostram a grandeza de Gurupi. \u201c\u00c9 um dia hist\u00f3rico para Gurupi. O shopping vai gerar emprego, vai aumentar a arrecada\u00e7\u00e3o, vai revolucionar o com\u00e9rcio, vai estimular novos neg\u00f3cios. Isso \u00e9 fundamental para Gurupi. Ent\u00e3o \u00e9 uma cadeia de neg\u00f3cios e de investimentos que surge a partir do shopping. E o importante, n\u00e3o vai prejudicar em nada o com\u00e9rcio local, pelo contr\u00e1rio, vai fomentar novos neg\u00f3cios\u201d, frisou Josi Nunes.<\/p>\n\n\n\n<p>A prefeita destacou ainda que Gurupi tem atra\u00eddo cada vez mais investidores. \u201cN\u00f3s, da gest\u00e3o, temos toda uma pol\u00edtica que busca facilitar e conquistar novos empreendedores. S\u00f3 no Parque Agroindustrial, neste ano, 50 empres\u00e1rios j\u00e1 est\u00e3o com suas \u00e1reas come\u00e7ando a implantar suas sedes. Al\u00e9m disso, n\u00f3s trabalhamos tamb\u00e9m buscando incentivar o empres\u00e1rio local, aquele que quer aumentar o seu neg\u00f3cio. Destes 50, t\u00eam muitos investidores locais. Gurupi desponta tamb\u00e9m no fomento aos microempreendedores e a Prefeitura faz parte de todo este processo\u201d, refor\u00e7ou.<\/p>\n\n\n\n<p>O empres\u00e1rio Ataides Oliveira, propriet\u00e1rio da construtora respons\u00e1vel pelo empreendimento, n\u00e3o conteve a emo\u00e7\u00e3o ao inaugurar o Shopping Araguaia. \u201c\u00c9 muita alegria. Este empreendimento, eu n\u00e3o tenho d\u00favida nenhuma, vai mudar o conceito de morar e viver dos nossos irm\u00e3os n\u00e3o s\u00f3 de Gurupi, mas de toda a regi\u00e3o Sul do estado. Tudo que foi gasto aqui at\u00e9 hoje, em termos de material e servi\u00e7os, 90% foi comprado aqui dentro do munic\u00edpio, fomentando ainda mais a economia e a gera\u00e7\u00e3o de emprego. Ent\u00e3o hoje, neste cora\u00e7\u00e3o aqui s\u00f3 tem alegria\u201d, disse.<\/p>\n\n\n\n<p>A solenidade foi aberta por um momento ecum\u00eanico realizado pelo Padre Eldinei Carneiro e pelo Pastor Baltazar. Antes de cortarem a fita, abrindo oficialmente o empreendimento, as autoridades e os convidados conferiram a queima de fogos que iluminou o c\u00e9u de Gurupi, anunciando as boas novas que chegavam na cidade. A noite foi encerrada com um jantar e show do cantor Dorivan, o Passarinho do Jalap\u00e3o.<\/p>\n\n\n\n<figure class=\"wp-block-image\"><img decoding=\"async\" src=\"http:\/\/n1to.com.br\/img\/uploads\/bbbbbbbbbbbb_2.jpg\" alt=\"\"\/><\/figure>\n\n\n\n<p><strong>Presen\u00e7as<\/strong><\/p>\n\n\n\n<p>O vice-prefeito de Gurupi, Gleydson Nato.&nbsp;\u201cA import\u00e2ncia deste empreendimento \u00e9 muito grande. N\u00f3s gurupienses e os moradores de todas as cidades da regi\u00e3o sul aguard\u00e1vamos por este momento. \u00c9 um momento t\u00e3o sonhado e vindo logo pr\u00f3ximo ao Natal \u00e9 uma festividade que Gurupi est\u00e1 recebendo para que a comunidade possa ter um local a mais de lazer\u201d, afirmou Gleydson Nato.<\/p>\n\n\n\n<p>A prefeita de Figueir\u00f3polis, Jakeline Pereira dos Santos; prefeito de Formoso do Araguaia, Heno Rodrigues, tamb\u00e9m estiveram presentes na&nbsp;inaugura\u00e7\u00e3o do Shopping Araguaia, que contou ainda com a presen\u00e7a do presidente da Fecom\u00e9rcio, Itelvino Pisoni; do deputado Elenil da Penha; de representantes da Associa\u00e7\u00e3o Comercial e Industrial de Gurupi \u2013 Acig, da C\u00e2mara de Dirigentes Lojistas \u2013 CDL; e v\u00e1rios empres\u00e1rios de Gurupi e da regi\u00e3o.<\/p>\n\n\n\n<p>Tamb\u00e9m prestigiaram este dia hist\u00f3rico o presidente da C\u00e2mara de Vereadores de Gurupi, Rodrigo Maciel; al\u00e9m dos vereadores Ivanilson Marinho, Jair do Povo, Rodrigo Ferreira, Colemar da Saborelle, Davi Abrantes, Andr\u00e9 Caixeta, Zezinho da Lafiche, Matheus Monteiro, Ronaldo Lira, D\u00e9bora Ribeiro, Leda Perini, C\u00e9sar da Farm\u00e1cia, Vald\u00f4nio Rodrigues e Marilis Fernandes.<\/p>\n\n\n\n<figure class=\"wp-block-image\"><img decoding=\"async\" src=\"http:\/\/n1to.com.br\/img\/uploads\/55555555.jpg\" alt=\"\"\/><\/figure>\n\n\n\n<figure class=\"wp-block-image\"><img decoding=\"async\" src=\"http:\/\/n1to.com.br\/img\/uploads\/4444444.jpg\" alt=\"\"\/><\/figure>\n\n\n\n<figure class=\"wp-block-image is-resized\"><img loading=\"lazy\" decoding=\"async\" src=\"http:\/\/n1to.com.br\/img\/uploads\/11111111111111_2.jpg\" alt=\"\" width=\"720\" height=\"447\"\/><\/figure>\n\n\n\n<figure class=\"wp-block-image is-resized\"><img loading=\"lazy\" decoding=\"async\" src=\"http:\/\/n1to.com.br\/img\/uploads\/333333333333.jpg\" alt=\"\" width=\"725\" height=\"450\"\/><\/figure>\n\n\n\n<figure class=\"wp-block-image\"><img decoding=\"async\" src=\"http:\/\/n1to.com.br\/img\/uploads\/TIO_BARNABEE_OK_25.jpg\" alt=\"\"\/><\/figure>\n","protected":false},"excerpt":{"rendered":"<p>Na noite desta quarta-feira, 08, os moradores de Gurupi realizaram o grande sonho de ver em pleno funcionamento o primeiro shopping center da cidade e da regi\u00e3o Sul do Tocantins. Este momento hist\u00f3rico foi prestigiado por v\u00e1rias pessoas e autoridades regionais, entre elas a prefeita de Gurupi, Josi Nunes; o vice-prefeito, Gleydson Nato, e pelos &hellip;<\/p>\n","protected":false},"author":5,"featured_media":1936,"comment_status":"open","ping_status":"open","sticky":false,"template":"","format":"standard","meta":{"footnotes":""},"categories":[1],"tags":[],"class_list":["post-1934","post","type-post","status-publish","format-standard","has-post-thumbnail","","category-sem-categoria"],"_links":{"self":[{"href":"https:\/\/focotocantinense.com.br\/index.php?rest_route=\/wp\/v2\/posts\/1934","targetHints":{"allow":["GET"]}}],"collection":[{"href":"https:\/\/focotocantinense.com.br\/index.php?rest_route=\/wp\/v2\/posts"}],"about":[{"href":"https:\/\/focotocantinense.com.br\/index.php?rest_route=\/wp\/v2\/types\/post"}],"author":[{"embeddable":true,"href":"https:\/\/focotocantinense.com.br\/index.php?rest_route=\/wp\/v2\/users\/5"}],"replies":[{"embeddable":true,"href":"https:\/\/focotocantinense.com.br\/index.php?rest_route=%2Fwp%2Fv2%2Fcomments&post=1934"}],"version-history":[{"count":1,"href":"https:\/\/focotocantinense.com.br\/index.php?rest_route=\/wp\/v2\/posts\/1934\/revisions"}],"predecessor-version":[{"id":1935,"href":"https:\/\/focotocantinense.com.br\/index.php?rest_route=\/wp\/v2\/posts\/1934\/revisions\/1935"}],"wp:featuredmedia":[{"embeddable":true,"href":"https:\/\/focotocantinense.com.br\/index.php?rest_route=\/wp\/v2\/media\/1936"}],"wp:attachment":[{"href":"https:\/\/focotocantinense.com.br\/index.php?rest_route=%2Fwp%2Fv2%2Fmedia&parent=1934"}],"wp:term":[{"taxonomy":"category","embeddable":true,"href":"https:\/\/focotocantinense.com.br\/index.php?rest_route=%2Fwp%2Fv2%2Fcategories&post=1934"},{"taxonomy":"post_tag","embeddable":true,"href":"https:\/\/focotocantinense.com.br\/index.php?rest_route=%2Fwp%2Fv2%2Ftags&post=1934"}],"curies":[{"name":"wp","href":"https:\/\/api.w.org\/{rel}","templated":true}]}}