{"id":1929,"date":"2021-12-08T10:56:22","date_gmt":"2021-12-08T13:56:22","guid":{"rendered":"https:\/\/focotocantinense.com.br\/?p=1929"},"modified":"2021-12-08T10:57:49","modified_gmt":"2021-12-08T13:57:49","slug":"centro-de-referencia-do-projeto-leitura-viva-e-inaugurado-em-tocantinia","status":"publish","type":"post","link":"https:\/\/focotocantinense.com.br\/?p=1929","title":{"rendered":"Centro de Refer\u00eancia do Projeto Leitura Viva \u00e9 inaugurado em Tocant\u00ednia"},"content":{"rendered":"\n<p><strong>Por Zacarias Martins<\/strong><\/p>\n\n\n\n<p>A&nbsp; Prefeitura de Tocant\u00ednia, por meio da Secretaria Municipal de Educa\u00e7\u00e3o (Semed), inaugurou nesta ter\u00e7a-feira, 7, &nbsp;o Centro de Refer\u00eancia do Projeto Leitura Viva, que est\u00e1 localizado na &nbsp;&nbsp;Pra\u00e7a Valperino Gomes de Oliveira, no centro da cidade.<\/p>\n\n\n\n<p>A solenidade de inaugura\u00e7\u00e3o contou com a presen\u00e7a do vice-prefeito&nbsp; Jo\u00e3o Alberto, do presidente da C\u00e2mara Afonso Tavares, do secret\u00e1rio de Administra\u00e7\u00e3o Enaldo Rodrigues e do autor do projeto o secret\u00e1rio de Educa\u00e7\u00e3o,&nbsp; &nbsp;professor Andr\u00e9 Goveia, bem como, de&nbsp; representantes dos servidores da Rede Municipal de Educa\u00e7\u00e3o.<\/p>\n\n\n\n<p>O evento n\u00e3o contou com p\u00fablico externo devido ao decreto do prefeito Manoel Silvino,&nbsp; por causa do momento pand\u00eamico, visando evitar a prolifera\u00e7\u00e3o&nbsp; do Coronav\u00edrus no munic\u00edpio.<\/p>\n\n\n\n<p><strong>Sobre o Centro<\/strong><\/p>\n\n\n\n<p>Para o secret\u00e1rio de Educa\u00e7\u00e3o &nbsp;e tamb\u00e9m autor do projeto, &nbsp;professor Andr\u00e9 Goveia, o Centro de Refer\u00eancia do Projeto Leitura Viva faz jus ao hino da cidade que diz:&nbsp; \u201c<em>entre outras t\u00e3o garbosas, &nbsp;t\u00e3o cheias de poder seu povo pelo estudo constr\u00f3i-lhe um pedestal<\/em>\u201d. Goveia destaca que o centro \u00e9 mais do que uma biblioteca. \u201c\u00c9 &nbsp;um espa\u00e7o de leitura e produ\u00e7\u00e3o textual para aumentar cada vez \u00e0 Tocantinia o t\u00edtulo de Cidade Leitora.<\/p>\n\n\n\n<p>O Centro de Refer\u00eancia tem um planejamento que prev\u00ea diariamente, atividades como conta\u00e7\u00e3o de hist\u00f3ria, causos, discurso Xerente, cantorias e teatro. Sendo ainda,&nbsp; &nbsp;um espa\u00e7o para exposi\u00e7\u00e3o de produ\u00e7\u00f5es dos alunos da Rede Municipal de Educa\u00e7\u00e3o, aberto \u00e0 toda a popula\u00e7\u00e3o de Tocant\u00ednia e demais visitantes.<\/p>\n\n\n\n<p>O prefeito de Tocant\u00ednia, Manoel Silvino&nbsp; ressalta&nbsp; a import\u00e2ncia desse espa\u00e7o para impulsionar o h\u00e1bito da leitura de qualidade no munic\u00edpio. Opini\u00e3o tamb\u00e9m compartilhada pelo vice-prefeito, Jo\u00e3o Alberto, que esteve no evento parabenizou os envolvidos com o projeto que, segundo enfatizou, marca &nbsp;um avan\u00e7o de &nbsp;alunos e professores no desenvolvimento da leitura.<\/p>\n\n\n\n<figure class=\"wp-block-image\"><img decoding=\"async\" src=\"http:\/\/n1to.com.br\/img\/uploads\/3_TOCANTINIA_6.jpg\" alt=\"\"\/><\/figure>\n\n\n\n<figure class=\"wp-block-image\"><img decoding=\"async\" src=\"http:\/\/n1to.com.br\/img\/uploads\/4_TOCANTINIA_5.jpg\" alt=\"\"\/><\/figure>\n\n\n\n<figure class=\"wp-block-image\"><img decoding=\"async\" src=\"http:\/\/n1to.com.br\/img\/uploads\/5_TOCANTINIA_2.jpg\" alt=\"\"\/><\/figure>\n\n\n\n<figure class=\"wp-block-image\"><img decoding=\"async\" src=\"http:\/\/n1to.com.br\/img\/uploads\/6_TOCANTINIA_1.jpg\" alt=\"\"\/><\/figure>\n\n\n\n<figure class=\"wp-block-image\"><img decoding=\"async\" src=\"http:\/\/n1to.com.br\/img\/uploads\/7_TOCANTINIA_1.jpg\" alt=\"\"\/><\/figure>\n\n\n\n<figure class=\"wp-block-image\"><img decoding=\"async\" src=\"http:\/\/n1to.com.br\/img\/uploads\/1_TOCANTINIA_3.jpg\" alt=\"\"\/><\/figure>\n\n\n\n<figure class=\"wp-block-image\"><img decoding=\"async\" src=\"http:\/\/n1to.com.br\/img\/uploads\/veloso_banner_39.jpeg\" alt=\"\"\/><\/figure>\n","protected":false},"excerpt":{"rendered":"<p>Por Zacarias Martins A&nbsp; Prefeitura de Tocant\u00ednia, por meio da Secretaria Municipal de Educa\u00e7\u00e3o (Semed), inaugurou nesta ter\u00e7a-feira, 7, &nbsp;o Centro de Refer\u00eancia do Projeto Leitura Viva, que est\u00e1 localizado na &nbsp;&nbsp;Pra\u00e7a Valperino Gomes de Oliveira, no centro da cidade. A solenidade de inaugura\u00e7\u00e3o contou com a presen\u00e7a do vice-prefeito&nbsp; Jo\u00e3o Alberto, do presidente da &hellip;<\/p>\n","protected":false},"author":5,"featured_media":1931,"comment_status":"open","ping_status":"open","sticky":false,"template":"","format":"standard","meta":{"footnotes":""},"categories":[1],"tags":[],"class_list":["post-1929","post","type-post","status-publish","format-standard","has-post-thumbnail","","category-sem-categoria"],"_links":{"self":[{"href":"https:\/\/focotocantinense.com.br\/index.php?rest_route=\/wp\/v2\/posts\/1929","targetHints":{"allow":["GET"]}}],"collection":[{"href":"https:\/\/focotocantinense.com.br\/index.php?rest_route=\/wp\/v2\/posts"}],"about":[{"href":"https:\/\/focotocantinense.com.br\/index.php?rest_route=\/wp\/v2\/types\/post"}],"author":[{"embeddable":true,"href":"https:\/\/focotocantinense.com.br\/index.php?rest_route=\/wp\/v2\/users\/5"}],"replies":[{"embeddable":true,"href":"https:\/\/focotocantinense.com.br\/index.php?rest_route=%2Fwp%2Fv2%2Fcomments&post=1929"}],"version-history":[{"count":1,"href":"https:\/\/focotocantinense.com.br\/index.php?rest_route=\/wp\/v2\/posts\/1929\/revisions"}],"predecessor-version":[{"id":1930,"href":"https:\/\/focotocantinense.com.br\/index.php?rest_route=\/wp\/v2\/posts\/1929\/revisions\/1930"}],"wp:featuredmedia":[{"embeddable":true,"href":"https:\/\/focotocantinense.com.br\/index.php?rest_route=\/wp\/v2\/media\/1931"}],"wp:attachment":[{"href":"https:\/\/focotocantinense.com.br\/index.php?rest_route=%2Fwp%2Fv2%2Fmedia&parent=1929"}],"wp:term":[{"taxonomy":"category","embeddable":true,"href":"https:\/\/focotocantinense.com.br\/index.php?rest_route=%2Fwp%2Fv2%2Fcategories&post=1929"},{"taxonomy":"post_tag","embeddable":true,"href":"https:\/\/focotocantinense.com.br\/index.php?rest_route=%2Fwp%2Fv2%2Ftags&post=1929"}],"curies":[{"name":"wp","href":"https:\/\/api.w.org\/{rel}","templated":true}]}}