{"id":1926,"date":"2021-12-07T18:06:49","date_gmt":"2021-12-07T21:06:49","guid":{"rendered":"https:\/\/focotocantinense.com.br\/?p=1926"},"modified":"2021-12-07T18:07:52","modified_gmt":"2021-12-07T21:07:52","slug":"parlamento-acata-pedido-de-impeachment-e-abre-processo-contra-mauro-carlesse","status":"publish","type":"post","link":"https:\/\/focotocantinense.com.br\/?p=1926","title":{"rendered":"Parlamento acata pedido de impeachment e abre processo contra Mauro Carlesse"},"content":{"rendered":"\n<p>O presidente da Assembleia Legislativa, deputado Antonio Andrade (PSL), aceitou nesta ter\u00e7a-feira, 7, o pedido de impeachment protocolado pelo advogado Evandro de Ara\u00fajo Melo J\u00fanior, por crime de responsabilidade, contra o governador afastado Mauro Carlesse (PSL).<\/p>\n\n\n\n<p>Os demais pedidos \u2013 protocolados pelo deputado estadual J\u00fanior Geo (PROS), pelo presidente do Sisepe, Cleiton Pinheiro, e pelo deputado federal Vicentinho J\u00fanior (PL-TO) \u2013 foram rejeitados por falta de requisitos formais exigidos por lei para abertura do processo.<\/p>\n\n\n\n<p>O pedido de impeachment acatado pela Mesa Diretora, portanto, cumpre os requisitos formais. Todos os pedidos protocolados na Casa foram analisados anteriormente pela Procuradoria do Parlamento.<\/p>\n\n\n\n<p>Agora a decis\u00e3o de abertura do impeachment dever\u00e1 ser publicada no Di\u00e1rio da Assembleia. Um ato da Mesa Diretora (em forma de Resolu\u00e7\u00e3o) deve informar o rito do processo, bem como como a instala\u00e7\u00e3o da Comiss\u00e3o Processante, formada pelos parlamentares indicados pelos l\u00edderes dos blocos partid\u00e1rios. O processo de impeachment tem prazo de at\u00e9 180 dias para ser conclu\u00eddo.<\/p>\n\n\n\n<figure class=\"wp-block-image\"><img decoding=\"async\" src=\"https:\/\/www.al.to.leg.br\/imagens\/mini\/1130x755\/a1bc989fa2b3df20888e7364480e7fad.jpeg\" alt=\"Processo de impeachment \u00e9 admitido pelo parlamento\"\/><\/figure>\n\n\n\n<figure class=\"wp-block-image\"><img decoding=\"async\" src=\"http:\/\/n1to.com.br\/img\/uploads\/veloso_banner_38.jpeg\" alt=\"\"\/><\/figure>\n","protected":false},"excerpt":{"rendered":"<p>O presidente da Assembleia Legislativa, deputado Antonio Andrade (PSL), aceitou nesta ter\u00e7a-feira, 7, o pedido de impeachment protocolado pelo advogado Evandro de Ara\u00fajo Melo J\u00fanior, por crime de responsabilidade, contra o governador afastado Mauro Carlesse (PSL). Os demais pedidos \u2013 protocolados pelo deputado estadual J\u00fanior Geo (PROS), pelo presidente do Sisepe, Cleiton Pinheiro, e pelo &hellip;<\/p>\n","protected":false},"author":5,"featured_media":1928,"comment_status":"open","ping_status":"open","sticky":false,"template":"","format":"standard","meta":{"footnotes":""},"categories":[1],"tags":[],"class_list":["post-1926","post","type-post","status-publish","format-standard","has-post-thumbnail","","category-sem-categoria"],"_links":{"self":[{"href":"https:\/\/focotocantinense.com.br\/index.php?rest_route=\/wp\/v2\/posts\/1926","targetHints":{"allow":["GET"]}}],"collection":[{"href":"https:\/\/focotocantinense.com.br\/index.php?rest_route=\/wp\/v2\/posts"}],"about":[{"href":"https:\/\/focotocantinense.com.br\/index.php?rest_route=\/wp\/v2\/types\/post"}],"author":[{"embeddable":true,"href":"https:\/\/focotocantinense.com.br\/index.php?rest_route=\/wp\/v2\/users\/5"}],"replies":[{"embeddable":true,"href":"https:\/\/focotocantinense.com.br\/index.php?rest_route=%2Fwp%2Fv2%2Fcomments&post=1926"}],"version-history":[{"count":1,"href":"https:\/\/focotocantinense.com.br\/index.php?rest_route=\/wp\/v2\/posts\/1926\/revisions"}],"predecessor-version":[{"id":1927,"href":"https:\/\/focotocantinense.com.br\/index.php?rest_route=\/wp\/v2\/posts\/1926\/revisions\/1927"}],"wp:featuredmedia":[{"embeddable":true,"href":"https:\/\/focotocantinense.com.br\/index.php?rest_route=\/wp\/v2\/media\/1928"}],"wp:attachment":[{"href":"https:\/\/focotocantinense.com.br\/index.php?rest_route=%2Fwp%2Fv2%2Fmedia&parent=1926"}],"wp:term":[{"taxonomy":"category","embeddable":true,"href":"https:\/\/focotocantinense.com.br\/index.php?rest_route=%2Fwp%2Fv2%2Fcategories&post=1926"},{"taxonomy":"post_tag","embeddable":true,"href":"https:\/\/focotocantinense.com.br\/index.php?rest_route=%2Fwp%2Fv2%2Ftags&post=1926"}],"curies":[{"name":"wp","href":"https:\/\/api.w.org\/{rel}","templated":true}]}}