{"id":1923,"date":"2021-12-06T19:43:04","date_gmt":"2021-12-06T22:43:04","guid":{"rendered":"https:\/\/focotocantinense.com.br\/?p=1923"},"modified":"2021-12-06T19:44:17","modified_gmt":"2021-12-06T22:44:17","slug":"projeto-de-emerson-leitao-filho-socializa-arte-de-escultura-e-tornearia","status":"publish","type":"post","link":"https:\/\/focotocantinense.com.br\/?p=1923","title":{"rendered":"Projeto de Emerson Leit\u00e3o Filho socializa arte de escultura e tornearia"},"content":{"rendered":"\n<p>Por<strong> Paulo Albuquerque<\/strong><\/p>\n\n\n\n<p>O projeto Escola de Artes foi mais uma iniciativa que ganhou vida durante o ano de 2021 sob os cuidados do artista pl\u00e1stico gurupiense Emerson Leit\u00e3o Filho. Estimular a escultura em pedra sab\u00e3o, eM argila e a cria\u00e7\u00e3o de objetos de arte com a tornearia em madeira s\u00e3o alguns dos objetivos deste curso te\u00f3rico-pr\u00e1tico. \u201cCome\u00e7amos no dia 03 de maio, quando postamos a primeira aula gravada\u201d, informa Emerson.<\/p>\n\n\n\n<p>As v\u00eddeo-aulas est\u00e3o liberadas para o p\u00fablico em geral no canal Atelier Pau e Pedra, no Youtube. \u201cOs recursos do Edital Aldir Blanc &#8211; Tocantins do Governo do Estado do Tocantins, com o apoio do Governo Federal, Minist\u00e9rio do Turismo, Secretaria Especial da Cultura e Fundo Nacional de Cultura, nos ajudaram na manuten\u00e7\u00e3o das atividades nesta pandemia, al\u00e9m de proporcionarem a oportunidade de repassar meus conhecimentos \u00e0s pessoas\u201d, afirma Emerson.<\/p>\n\n\n\n<p>A \u00faltima etapa do projeto ser\u00e1 uma exposi\u00e7\u00e3o virtual das obras produzidas neste per\u00edodo, pelos alunos e pelo instrutor das Oficinas. E foram feitas muitas pe\u00e7as.&#8221; Ano passado foi extremamente dif\u00edcil e pensei at\u00e9 em fechar o atelier. Gra\u00e7as aos projetos que aprovei pude me manter e assegurar a continuidade das atividades&#8221;, diz. \u201cAssim como no projeto de Micro-tornearia, tivemos que nos valer das ferramentas para a comunica\u00e7\u00e3o remota. E obtivemos \u00eaxito\u201d, assegura o professor.<\/p>\n\n\n\n<p><strong>Desmistificando os processos<\/strong><\/p>\n\n\n\n<p>O projeto Escola de Artes foi importante para mostrar a quem dele participou como aprendiz que todos podem ser criativos, e que qualquer um com intui\u00e7\u00e3o e t\u00e9cnica pode se tornar artista, produzindo artefatos para sua felicidade pessoal ou para fazer disso uma atividade ficanceiramente vi\u00e1vel. O curso abriu caminhos para as artes pl\u00e1sticas, desmistificando o processo de cria\u00e7\u00e3o por meio de t\u00e9cnicas de produ\u00e7\u00e3o para esculpir em pedra sab\u00e3o, argila e da tornearia em madeira.<\/p>\n\n\n\n<p>\u201cNo meu caso, a arte \u00e9 um meio de vida desde sempre. A inspira\u00e7\u00e3o \u00e9 importante, mas precisa transpirar bastante. N\u00e3o basta ter ideias brilhantes, tem que desenvolver as t\u00e9cnicas e n\u00e3o ter medo de trabalhar, de ousar\u201d, diz Emerson. O artista mora em Gurupi desde os quatro anos. Sua fam\u00edlia veio de Alto Parnaiba-MA e \u00e9 pioneira na regi\u00e3o. \u201cN\u00e3o cursei faculdade de Belas Artes, mas com muito empenho me desenvolvi nas v\u00e1rias atividades art\u00edsticas a que me propus\u201d, completa Emerson. hoje, ele trabalha com madeira, pedra sab\u00e3o e argila; e constr\u00f3i a maior parte das ferramentas que utiliza, a exemplo do torno para trabalhar com madeira.<\/p>\n\n\n\n<p><strong>Novas parcerias<\/strong><\/p>\n\n\n\n<p>O curso Escola de Artes foi intensivo e desenvolveu-se por meio de tr\u00eas oficinas: escultura em pedra sab\u00e3o, escultura em argila e objetos de arte torneados. O resultado positivo do curso pode ser observado pelas possiblidades que Emerson foi encontrando no transcorrer do ano. Ele comemora agora as parcerias que obteve junto \u00e0 Diretoria Regional de Ensino e \u00e0 Secretaria Municipal de Cultura, que divulgaram os conte\u00fados\/v\u00eddeos postados no canal do atelier para que professores e alunos das duas redes aproveitem as informa\u00e7\u00f5es l\u00e1 contidas. \u201cTivemos, at\u00e9 o momento, mais de quatro mil visualiza\u00e7\u00f5es, que pode aumentar muito a partir de agora, e mesmo ap\u00f3s o final das oficinas\u201d, diz.<\/p>\n\n\n\n<p>Os trabalhos produzidos far\u00e3o parte de uma exposi\u00e7\u00e3o virtual que ser\u00e1 disponibilizada no YouTube e outras m\u00eddias sociais. Dessa forma, espera-se atender a sociedade tocantinense no seu direito de acesso \u00e0 cultura local.&nbsp; Outro objetivo do projeto \u00e9 estruturar o atelier com equipamentos e mat\u00e9ria prima para assegurar a continuidade da produ\u00e7\u00e3o de Arte.<\/p>\n\n\n\n<p><strong>Jair Nunes, aluno aplicado<\/strong><\/p>\n\n\n\n<p>Jair Nunes tem 57 anos e mora em Gurupi h\u00e1 tr\u00eas anos. Ele veio de S\u00e3o Paulo e diz que participar das oficinas com o professor Emerson foi um privil\u00e9gio. Jair j\u00e1 produzia artesanato e entalhe em madeira. \u201cSempre gostei, e agora estou tendo a oportunidade de desenvolver minhas t\u00e9cnicas para trabalhar com escultura em pedra sab\u00e3o e argila\u201d, diz.<\/p>\n\n\n\n<p>Para o artista\/aluno, \u00e9 muito importante que sejam criados mais espa\u00e7os para formar artistas. \u201cEu vi o cartaz divulgando o curso e me interessei. Mas quantos poderiam ter feito e n\u00e3o tiveram essa oportunidade? Eu acredito que podemos melhorar a oferta de cursos\u201d, opina Jair. Para ele, o principal de tudo o que aconteceu neste ano, al\u00e9m do aprendizado que obteve no curso, foi conhecer outras pessoas que est\u00e3o criando. \u201cesses contatos ajudam muito\u201d, completa.<\/p>\n\n\n\n<p>Enquanto exibe os trabalhos que desenvolveu, Jair revela uma mania que o ajuda bastante no processo de cria\u00e7\u00e3o: fotografia. Ele fotografa quase tudo o que v\u00ea: folhas, animais, paredes&#8230;tudo. \u201c(&#8230;) e sou muito observador, presto aten\u00e7\u00e3o aos detalhes de tudo o que vejo, e isso me ajuda nos processos\u201d, revela. Para o professor Emerson, essa caracter\u00edstica de Jair o ajuda muito, pois no meio ambiente est\u00e3o elementos e informa\u00e7\u00f5es preciosas para serem aproveitadas, assimiladas e desenvolvidas.<\/p>\n\n\n\n<p>As oficinas do Escola de Artes seguem at\u00e9 o final de janeiro, do pr\u00f3ximo ano. Quem desejar mais informa\u00e7\u00f5es, pode entrar em contato com Emerson Leit\u00e3o Filho pelo fone\/watts 98473 2953.<\/p>\n\n\n\n<p><\/p>\n\n\n\n<figure class=\"wp-block-image\"><img decoding=\"async\" src=\"https:\/\/portaldoamaral.com.br\/wp-content\/uploads\/2021\/12\/emerson_argila.jpg\" alt=\"\"\/><\/figure>\n\n\n\n<figure class=\"wp-block-image\"><img decoding=\"async\" src=\"http:\/\/n1to.com.br\/img\/uploads\/TIO_BARNABEE_OK_24.jpg\" alt=\"\"\/><\/figure>\n","protected":false},"excerpt":{"rendered":"<p>Por Paulo Albuquerque O projeto Escola de Artes foi mais uma iniciativa que ganhou vida durante o ano de 2021 sob os cuidados do artista pl\u00e1stico gurupiense Emerson Leit\u00e3o Filho. Estimular a escultura em pedra sab\u00e3o, eM argila e a cria\u00e7\u00e3o de objetos de arte com a tornearia em madeira s\u00e3o alguns dos objetivos deste &hellip;<\/p>\n","protected":false},"author":5,"featured_media":1925,"comment_status":"open","ping_status":"open","sticky":false,"template":"","format":"standard","meta":{"footnotes":""},"categories":[1],"tags":[],"class_list":["post-1923","post","type-post","status-publish","format-standard","has-post-thumbnail","","category-sem-categoria"],"_links":{"self":[{"href":"https:\/\/focotocantinense.com.br\/index.php?rest_route=\/wp\/v2\/posts\/1923","targetHints":{"allow":["GET"]}}],"collection":[{"href":"https:\/\/focotocantinense.com.br\/index.php?rest_route=\/wp\/v2\/posts"}],"about":[{"href":"https:\/\/focotocantinense.com.br\/index.php?rest_route=\/wp\/v2\/types\/post"}],"author":[{"embeddable":true,"href":"https:\/\/focotocantinense.com.br\/index.php?rest_route=\/wp\/v2\/users\/5"}],"replies":[{"embeddable":true,"href":"https:\/\/focotocantinense.com.br\/index.php?rest_route=%2Fwp%2Fv2%2Fcomments&post=1923"}],"version-history":[{"count":1,"href":"https:\/\/focotocantinense.com.br\/index.php?rest_route=\/wp\/v2\/posts\/1923\/revisions"}],"predecessor-version":[{"id":1924,"href":"https:\/\/focotocantinense.com.br\/index.php?rest_route=\/wp\/v2\/posts\/1923\/revisions\/1924"}],"wp:featuredmedia":[{"embeddable":true,"href":"https:\/\/focotocantinense.com.br\/index.php?rest_route=\/wp\/v2\/media\/1925"}],"wp:attachment":[{"href":"https:\/\/focotocantinense.com.br\/index.php?rest_route=%2Fwp%2Fv2%2Fmedia&parent=1923"}],"wp:term":[{"taxonomy":"category","embeddable":true,"href":"https:\/\/focotocantinense.com.br\/index.php?rest_route=%2Fwp%2Fv2%2Fcategories&post=1923"},{"taxonomy":"post_tag","embeddable":true,"href":"https:\/\/focotocantinense.com.br\/index.php?rest_route=%2Fwp%2Fv2%2Ftags&post=1923"}],"curies":[{"name":"wp","href":"https:\/\/api.w.org\/{rel}","templated":true}]}}