{"id":1920,"date":"2021-12-04T23:10:21","date_gmt":"2021-12-05T02:10:21","guid":{"rendered":"https:\/\/focotocantinense.com.br\/?p=1920"},"modified":"2021-12-04T23:11:40","modified_gmt":"2021-12-05T02:11:40","slug":"tocantinia-realiza-a-final-do-campeonato-municipal-de-futsal-2021","status":"publish","type":"post","link":"https:\/\/focotocantinense.com.br\/?p=1920","title":{"rendered":"Tocant\u00ednia realiza a final do Campeonato Municipal de Futsal 2021"},"content":{"rendered":"\n<p>A Prefeitura de Tocant\u00ednia por meio da Secretaria Municipal de Juventude e Esporte realizou na manh\u00e3 deste s\u00e1bado (04), o encerramento do Campeonato Municipal de Futsal na modalidade masculino e feminino sem a presen\u00e7a do p\u00fablico no gin\u00e1sio do Cefya Frei Ant\u00f4nio.<\/p>\n\n\n\n<p>Em fun\u00e7\u00e3o do aumento de casos da Covid-19 no munic\u00edpio, a final do campeonato foi antecipada do dia 11 para 4 de dezembro. O evento aconteceu com o port\u00e3o fechado para os torcedores. O acesso ao gin\u00e1sio foi permitido somente aos organizadores, arbitragem e as delega\u00e7\u00f5es finalistas, atendendo aos protocolos dos \u00f3rg\u00e3os de Sa\u00fade.&nbsp; Os jogos tiveram transmiss\u00e3o ao vivo via instagram ao p\u00fablico.<\/p>\n\n\n\n<p>Na primeira partida, v\u00e1lida pelo feminino, se enfrentaram o Tocant\u00ednia Futebol Clube (T.F.C) e Real Futebol Clube. A equipe T.F.C consagrou-se campe\u00e3 da competi\u00e7\u00e3o vencendo por 7 a 2, o Real Futebol Clube. Com destaque para a jogadora Ivanete Brupahi Xerente, camisa 6, marcou quatro gols, \u00c9rica Coelho, camisa 8, fez dois e Samara dos Santos, camisa 13, um gol.<\/p>\n\n\n\n<p>No masculino, se enfrentaram Vila Jac\u00f3 F.C e Tocant\u00ednia Futebol Clube (T.F.C). No tempo regulamentar a partida terminou com o placar empatado em 2 a 2. Na decis\u00e3o de cobran\u00e7as nos p\u00eanaltis a equipe de Vila Jac\u00f3 venceu por 3 a 2, se consagrando o campe\u00e3o. Com essa conquista a equipe conquistou o bicampeonato municipal consecutivo.<\/p>\n\n\n\n<p>O vice-prefeito Jo\u00e3o Alberto Coelho Machado, juntamente com o secret\u00e1rio de Juventude e Esporte Adalto Pereira, o subsecret\u00e1rio F\u00e1bio Coelho, os vereadores Valcimar Carvalho e Afonso Tavares, marcaram presen\u00e7a no evento e fizeram a entrega dos trof\u00e9us e premia\u00e7\u00f5es aos campe\u00f5es e vice- campe\u00f5es da competi\u00e7\u00e3o.<\/p>\n\n\n\n<figure class=\"wp-block-image\"><img decoding=\"async\" src=\"http:\/\/n1to.com.br\/img\/uploads\/TTTT.jpg\" alt=\"\"\/><\/figure>\n\n\n\n<figure class=\"wp-block-image\"><img decoding=\"async\" src=\"http:\/\/n1to.com.br\/img\/uploads\/1111_5.jpg\" alt=\"\"\/><\/figure>\n\n\n\n<figure class=\"wp-block-image\"><img decoding=\"async\" src=\"http:\/\/n1to.com.br\/img\/uploads\/g_1.jpg\" alt=\"\"\/><\/figure>\n\n\n\n<figure class=\"wp-block-image\"><img decoding=\"async\" src=\"http:\/\/n1to.com.br\/img\/uploads\/hh.jpg\" alt=\"\"\/><\/figure>\n\n\n\n<figure class=\"wp-block-image\"><img decoding=\"async\" src=\"http:\/\/n1to.com.br\/img\/uploads\/ii.jpg\" alt=\"\"\/><\/figure>\n\n\n\n<figure class=\"wp-block-image\"><img decoding=\"async\" src=\"http:\/\/n1to.com.br\/img\/uploads\/qq_1.jpg\" alt=\"\"\/><\/figure>\n\n\n\n<figure class=\"wp-block-image\"><img decoding=\"async\" src=\"http:\/\/n1to.com.br\/img\/uploads\/%C3%A7%C3%A7.jpg\" alt=\"\"\/><\/figure>\n\n\n\n<figure class=\"wp-block-image\"><img decoding=\"async\" src=\"http:\/\/n1to.com.br\/img\/uploads\/22.jpg\" alt=\"\"\/><\/figure>\n\n\n\n<figure class=\"wp-block-image\"><img decoding=\"async\" src=\"http:\/\/n1to.com.br\/img\/uploads\/veloso_banner_37.jpeg\" alt=\"\"\/><\/figure>\n","protected":false},"excerpt":{"rendered":"<p>A Prefeitura de Tocant\u00ednia por meio da Secretaria Municipal de Juventude e Esporte realizou na manh\u00e3 deste s\u00e1bado (04), o encerramento do Campeonato Municipal de Futsal na modalidade masculino e feminino sem a presen\u00e7a do p\u00fablico no gin\u00e1sio do Cefya Frei Ant\u00f4nio. Em fun\u00e7\u00e3o do aumento de casos da Covid-19 no munic\u00edpio, a final do &hellip;<\/p>\n","protected":false},"author":5,"featured_media":1922,"comment_status":"open","ping_status":"open","sticky":false,"template":"","format":"standard","meta":{"footnotes":""},"categories":[1],"tags":[],"class_list":["post-1920","post","type-post","status-publish","format-standard","has-post-thumbnail","","category-sem-categoria"],"_links":{"self":[{"href":"https:\/\/focotocantinense.com.br\/index.php?rest_route=\/wp\/v2\/posts\/1920","targetHints":{"allow":["GET"]}}],"collection":[{"href":"https:\/\/focotocantinense.com.br\/index.php?rest_route=\/wp\/v2\/posts"}],"about":[{"href":"https:\/\/focotocantinense.com.br\/index.php?rest_route=\/wp\/v2\/types\/post"}],"author":[{"embeddable":true,"href":"https:\/\/focotocantinense.com.br\/index.php?rest_route=\/wp\/v2\/users\/5"}],"replies":[{"embeddable":true,"href":"https:\/\/focotocantinense.com.br\/index.php?rest_route=%2Fwp%2Fv2%2Fcomments&post=1920"}],"version-history":[{"count":1,"href":"https:\/\/focotocantinense.com.br\/index.php?rest_route=\/wp\/v2\/posts\/1920\/revisions"}],"predecessor-version":[{"id":1921,"href":"https:\/\/focotocantinense.com.br\/index.php?rest_route=\/wp\/v2\/posts\/1920\/revisions\/1921"}],"wp:featuredmedia":[{"embeddable":true,"href":"https:\/\/focotocantinense.com.br\/index.php?rest_route=\/wp\/v2\/media\/1922"}],"wp:attachment":[{"href":"https:\/\/focotocantinense.com.br\/index.php?rest_route=%2Fwp%2Fv2%2Fmedia&parent=1920"}],"wp:term":[{"taxonomy":"category","embeddable":true,"href":"https:\/\/focotocantinense.com.br\/index.php?rest_route=%2Fwp%2Fv2%2Fcategories&post=1920"},{"taxonomy":"post_tag","embeddable":true,"href":"https:\/\/focotocantinense.com.br\/index.php?rest_route=%2Fwp%2Fv2%2Ftags&post=1920"}],"curies":[{"name":"wp","href":"https:\/\/api.w.org\/{rel}","templated":true}]}}