{"id":1916,"date":"2021-12-04T16:25:54","date_gmt":"2021-12-04T19:25:54","guid":{"rendered":"https:\/\/focotocantinense.com.br\/?p=1916"},"modified":"2021-12-04T16:27:54","modified_gmt":"2021-12-04T19:27:54","slug":"municipio-de-lagoa-da-confusao-recebe-um-aparelho-de-ultrassonografia","status":"publish","type":"post","link":"https:\/\/focotocantinense.com.br\/?p=1916","title":{"rendered":"Munic\u00edpio de Lagoa da Confus\u00e3o recebe um aparelho de ultrassonografia"},"content":{"rendered":"\n<p><strong>Por Zacarias Martins<\/strong><\/p>\n\n\n\n<p>O munic\u00edpio de Lagoa da Confus\u00e3o acaba de receber um&nbsp; moderno equipamento de ultrassonografia que &nbsp;&nbsp;foi adquiridos com recursos de emenda parlamentar da bancada federal tocantinense.&nbsp;<\/p>\n\n\n\n<p>O presidente da&nbsp; C\u00e2mara Municipal de Lagoa da Confus\u00e3o, vereador Luiz Edvaldo Coelho dos Santos \u2013 o Di (PTB), disse que esse equipamento servir\u00e1 para &nbsp;auxiliar significativamente os usu\u00e1rios do &nbsp;sistema p\u00fablico de sa\u00fade&nbsp; &nbsp;na preven\u00e7\u00e3o e no tratamento de enfermidades.<\/p>\n\n\n\n<p>O prefeito &nbsp;de Lagoa da Confus\u00e3o, Thiago Carlos, ressaltou a import\u00e2ncia do equipamento e pontuou tratar-se&nbsp; de uma resposta a um anseio antigo da popula\u00e7\u00e3o lagoense. \u201cN\u00e3o medimos esfor\u00e7os em ir em busca deste benef\u00edcio, principalmente por que atrav\u00e9s dele poderemos oferecer uma maior qualidade nos atendimentos \u00e0 comunidade&#8221;, afirmou o prefeito.<\/p>\n\n\n\n<p>Al\u00e9m do presidente da C\u00e2mara Municipal de Lagoa da Confus\u00e3o, tamb\u00e9m estiveram presentes na entrega do equipamento, a secret\u00e1ria de Sa\u00fade do munic\u00edpio, Iodete Coelho de Oliveira e os vereadores Romivaldo Martins (SD), &nbsp;Nelvi Teixeira Carlos (DEM), Allan Coelho (MDB), Davi Dias Reis (DC) e&nbsp; o Professor Welice Cardoso (SD).<\/p>\n","protected":false},"excerpt":{"rendered":"<p>Por Zacarias Martins O munic\u00edpio de Lagoa da Confus\u00e3o acaba de receber um&nbsp; moderno equipamento de ultrassonografia que &nbsp;&nbsp;foi adquiridos com recursos de emenda parlamentar da bancada federal tocantinense.&nbsp; O presidente da&nbsp; C\u00e2mara Municipal de Lagoa da Confus\u00e3o, vereador Luiz Edvaldo Coelho dos Santos \u2013 o Di (PTB), disse que esse equipamento servir\u00e1 para &nbsp;auxiliar &hellip;<\/p>\n","protected":false},"author":5,"featured_media":1919,"comment_status":"open","ping_status":"open","sticky":false,"template":"","format":"standard","meta":{"footnotes":""},"categories":[1],"tags":[],"class_list":["post-1916","post","type-post","status-publish","format-standard","has-post-thumbnail","","category-sem-categoria"],"_links":{"self":[{"href":"https:\/\/focotocantinense.com.br\/index.php?rest_route=\/wp\/v2\/posts\/1916","targetHints":{"allow":["GET"]}}],"collection":[{"href":"https:\/\/focotocantinense.com.br\/index.php?rest_route=\/wp\/v2\/posts"}],"about":[{"href":"https:\/\/focotocantinense.com.br\/index.php?rest_route=\/wp\/v2\/types\/post"}],"author":[{"embeddable":true,"href":"https:\/\/focotocantinense.com.br\/index.php?rest_route=\/wp\/v2\/users\/5"}],"replies":[{"embeddable":true,"href":"https:\/\/focotocantinense.com.br\/index.php?rest_route=%2Fwp%2Fv2%2Fcomments&post=1916"}],"version-history":[{"count":2,"href":"https:\/\/focotocantinense.com.br\/index.php?rest_route=\/wp\/v2\/posts\/1916\/revisions"}],"predecessor-version":[{"id":1918,"href":"https:\/\/focotocantinense.com.br\/index.php?rest_route=\/wp\/v2\/posts\/1916\/revisions\/1918"}],"wp:featuredmedia":[{"embeddable":true,"href":"https:\/\/focotocantinense.com.br\/index.php?rest_route=\/wp\/v2\/media\/1919"}],"wp:attachment":[{"href":"https:\/\/focotocantinense.com.br\/index.php?rest_route=%2Fwp%2Fv2%2Fmedia&parent=1916"}],"wp:term":[{"taxonomy":"category","embeddable":true,"href":"https:\/\/focotocantinense.com.br\/index.php?rest_route=%2Fwp%2Fv2%2Fcategories&post=1916"},{"taxonomy":"post_tag","embeddable":true,"href":"https:\/\/focotocantinense.com.br\/index.php?rest_route=%2Fwp%2Fv2%2Ftags&post=1916"}],"curies":[{"name":"wp","href":"https:\/\/api.w.org\/{rel}","templated":true}]}}