{"id":1908,"date":"2021-12-03T10:50:57","date_gmt":"2021-12-03T13:50:57","guid":{"rendered":"https:\/\/focotocantinense.com.br\/?p=1908"},"modified":"2021-12-03T12:29:45","modified_gmt":"2021-12-03T15:29:45","slug":"prossegue-a-terceira-edicao-da-feira-literaria-de-araguaina","status":"publish","type":"post","link":"https:\/\/focotocantinense.com.br\/?p=1908","title":{"rendered":"Prossegue a terceira edi\u00e7\u00e3o da Feira Liter\u00e1ria de Aragua\u00edna"},"content":{"rendered":"\n<p><em><strong>Por Zacarias Martins<\/strong><\/em><\/p>\n\n\n\n<p>Come\u00e7ou no dia 1\u00ba de dezembro e vai at\u00e9 esta sexta-feira, 3, a III FLUA \u2013 Feira Liter\u00e1ria de Aragua\u00edna: Po\u00e9ticas Plurais e&nbsp;<strong>R<\/strong>exist\u00eancias.<\/p>\n\n\n\n<p>Trata-se de um evento art\u00edstico-cultural organizada por professores da Universidade Federal Norte do Tocantins (UFNT) em parceria com a ACALANTO (Academia de Letras de Aragua\u00edna) e professores da Universidade de Bras\u00edlia (UNB) e do Instituto Federal de Goi\u00e1s (IFG), C\u00e2mpus de Formosa.<\/p>\n\n\n\n<p>A programa\u00e7\u00e3o do evento conta com discuss\u00f5es liter\u00e1rias, mesas-redondas, lan\u00e7amentos de livros e de revistas, exposi\u00e7\u00e3o de artes, m\u00fasica e exibi\u00e7\u00e3o de v\u00eddeo-performance. A partir do tema das po\u00e9ticas plurais e das&nbsp;<strong>r<\/strong>exist\u00eancias, a III FLUA tem como objetivo reunir escritores, docentes, discentes e artistas do Tocantins e de outras localidades para debater literatura e cultura.<\/p>\n\n\n\n<p>De acordo com os organizadores, esse evento busca ainda estabelecer di\u00e1logos e incitar reflex\u00f5es acerca de existir e de resistir \u00e0s problem\u00e1ticas que atravessam a nossa sociedade atual.<\/p>\n\n\n\n<p><strong><a href=\"https:\/\/fluauft.wixsite.com\/flua\">Confira a programa\u00e7\u00e3o completa da FLUA, acessando aqui.<\/a><\/strong><\/p>\n\n\n\n<figure class=\"wp-block-image\"><img decoding=\"async\" src=\"http:\/\/n1to.com.br\/img\/uploads\/sss_3.jpg\" alt=\"\"\/><\/figure>\n\n\n\n<p><em><strong>A Literatura de Cordel tamb\u00e9m tem o seu merecido espa\u00e7o na FLUA<\/strong><\/em><\/p>\n\n\n\n<p><\/p>\n\n\n\n<figure class=\"wp-block-image\"><img decoding=\"async\" src=\"http:\/\/n1to.com.br\/img\/uploads\/..........._1.jpg\" alt=\"\"\/><\/figure>\n\n\n\n<figure class=\"wp-block-image\"><img decoding=\"async\" src=\"http:\/\/n1to.com.br\/img\/uploads\/%C3%A7%C3%A7%C3%A7.jpg\" alt=\"\"\/><figcaption><br><img loading=\"lazy\" decoding=\"async\" width=\"800\" height=\"231\" src=\"http:\/\/n1to.com.br\/img\/uploads\/veloso_banner_35.jpeg\"><\/figcaption><\/figure>\n\n\n\n<figure class=\"wp-block-image\"><img decoding=\"async\" src=\"http:\/\/n1to.com.br\/img\/uploads\/RACHEL.jpg\" alt=\"\"\/><\/figure>\n\n\n\n<p><em><strong>Membro da Academia de Letras de Aragua\u00edna, o poeta Luiz Aparecido est\u00e1 participando desse evento<\/strong><\/em><\/p>\n\n\n\n<p><em><strong><\/strong><\/em><\/p>\n","protected":false},"excerpt":{"rendered":"<p>Por Zacarias Martins Come\u00e7ou no dia 1\u00ba de dezembro e vai at\u00e9 esta sexta-feira, 3, a III FLUA \u2013 Feira Liter\u00e1ria de Aragua\u00edna: Po\u00e9ticas Plurais e&nbsp;Rexist\u00eancias. Trata-se de um evento art\u00edstico-cultural organizada por professores da Universidade Federal Norte do Tocantins (UFNT) em parceria com a ACALANTO (Academia de Letras de Aragua\u00edna) e professores da Universidade &hellip;<\/p>\n","protected":false},"author":5,"featured_media":1912,"comment_status":"open","ping_status":"open","sticky":false,"template":"","format":"standard","meta":{"footnotes":""},"categories":[1],"tags":[],"class_list":["post-1908","post","type-post","status-publish","format-standard","has-post-thumbnail","","category-sem-categoria"],"_links":{"self":[{"href":"https:\/\/focotocantinense.com.br\/index.php?rest_route=\/wp\/v2\/posts\/1908","targetHints":{"allow":["GET"]}}],"collection":[{"href":"https:\/\/focotocantinense.com.br\/index.php?rest_route=\/wp\/v2\/posts"}],"about":[{"href":"https:\/\/focotocantinense.com.br\/index.php?rest_route=\/wp\/v2\/types\/post"}],"author":[{"embeddable":true,"href":"https:\/\/focotocantinense.com.br\/index.php?rest_route=\/wp\/v2\/users\/5"}],"replies":[{"embeddable":true,"href":"https:\/\/focotocantinense.com.br\/index.php?rest_route=%2Fwp%2Fv2%2Fcomments&post=1908"}],"version-history":[{"count":4,"href":"https:\/\/focotocantinense.com.br\/index.php?rest_route=\/wp\/v2\/posts\/1908\/revisions"}],"predecessor-version":[{"id":1915,"href":"https:\/\/focotocantinense.com.br\/index.php?rest_route=\/wp\/v2\/posts\/1908\/revisions\/1915"}],"wp:featuredmedia":[{"embeddable":true,"href":"https:\/\/focotocantinense.com.br\/index.php?rest_route=\/wp\/v2\/media\/1912"}],"wp:attachment":[{"href":"https:\/\/focotocantinense.com.br\/index.php?rest_route=%2Fwp%2Fv2%2Fmedia&parent=1908"}],"wp:term":[{"taxonomy":"category","embeddable":true,"href":"https:\/\/focotocantinense.com.br\/index.php?rest_route=%2Fwp%2Fv2%2Fcategories&post=1908"},{"taxonomy":"post_tag","embeddable":true,"href":"https:\/\/focotocantinense.com.br\/index.php?rest_route=%2Fwp%2Fv2%2Ftags&post=1908"}],"curies":[{"name":"wp","href":"https:\/\/api.w.org\/{rel}","templated":true}]}}