{"id":1894,"date":"2021-11-27T15:44:15","date_gmt":"2021-11-27T18:44:15","guid":{"rendered":"https:\/\/focotocantinense.com.br\/?p=1894"},"modified":"2021-11-27T15:45:55","modified_gmt":"2021-11-27T18:45:55","slug":"emerson-leitao-filho-e-a-arte-de-trabalhar-com-micro-tornearia","status":"publish","type":"post","link":"https:\/\/focotocantinense.com.br\/?p=1894","title":{"rendered":"Emerson Leit\u00e3o Filho e a arte de trabalhar com micro-tornearia"},"content":{"rendered":"\n<p>Emerson Leit\u00e3o Filho tem 58 anos e nasceu em Alto Parnaiba \u2013 MA. A fam\u00edlia mudou-se para Gurupi quando ele tinha apenas quatro anos. Autodidata, Emerson come\u00e7ou a esculpir madeira aos 10 anos. Antes disso, rabiscava os cadernos da escola com desenhos. Na juventude iniciou no teatro e conheceu a argila. Mais tarde fez os primeiros contatos com a tornearia artesanal em madeira, construiu seu pr\u00f3prio torno e passou a desenvolver, tamb\u00e9m, trabalhos com essa t\u00e9cnica. Mais recentemente iniciou-se na escultura em pedra sab\u00e3o.<\/p>\n\n\n\n<p>Emerson, com a pandemia, assim como a maioria dos brasileiros que trabalham por conta pr\u00f3pria, teve de adaptar-se para manter as atividades. Os editais da Lei Aldir Blanc trouxeram a Emerson uma \u00f3tima oportunidade. O artista teve a ideia de socializar suas experi\u00eancias com o torno. O Projeto denominado de Curso de Micro-Tornearia foi contemplado pelo Pr\u00eamio Emergencial do Tocantins &#8211; artesanato, do Governo do Estado do Tocantins, com o apoio do Governo Federal, Minist\u00e9rio do Turismo, Secretaria Especial da Cultura e Fundo Nacional de Cultura.<\/p>\n\n\n\n<p>A estrat\u00e9gia do curso de Emerson Leit\u00e3o foi a de disponibilizar os conte\u00fados em canal no Youtube. Os v\u00eddeos que repassam todas as t\u00e9cnicas de produ\u00e7\u00e3o s\u00e3o elaborados no atelier do artista. \u201cAtendemos nesta modalidade cinco pessoas, que receberam um torno idealizado no meu atelier. Este equipamento \u00e9 utilizado para tornear pequenos objetos, utilit\u00e1rios e decorativos\u201d, disse o artista-professor.<\/p>\n\n\n\n<p><strong>Desde fevereiro<\/strong><\/p>\n\n\n\n<p>As atividades do Projeto de Micro-Tornearia iniciaram no m\u00eas de fevereiro deste ano com os preparativos, a confec\u00e7\u00e3o dos tornos e a aquisi\u00e7\u00e3o e prepara\u00e7\u00e3o das madeiras. O curso teve in\u00edcio pra valer no dia 14 de maio com o primeiro v\u00eddeo postado no YouTube. O projeto termina dia 31 de dezembro. \u201cO projeto se encerra, mas as atividades, os v\u00eddeos difundindo as t\u00e9cnicas e cria\u00e7\u00f5es permanecer\u00e3o no YouTube, no canal Atelier Pau e Pedra\u201d, assegura Emerson Leit\u00e3o.<\/p>\n\n\n\n<p>Para o fim desta etapa do curso, Emerson est\u00e1 organizando uma exposi\u00e7\u00e3o virtual das pe\u00e7as produzidas pelos alunos e por ele mesmo. \u201cO Atelier nunca produziu tanto; foi um ano de muita cria\u00e7\u00e3o, o que demonstra a grande import\u00e2ncia do apoio governamental para a arte\u201d, disse o professor. \u201cO Atelier corria s\u00e9rio risco de fechar as portas por causa da pandemia, e o projeto foi fundamental para assegurar a continuidade das atividades\u201d, assegura. Com os recursos da Lei Aldir Blanc, Emerson conseguiu reestruturar seu atelier com equipamentos e ferramentas.<\/p>\n\n\n\n<p>Para o artista, o apoio que recebeu para realizar este projeto deu-lhe novo \u00e2nimo. \u201cFoi um est\u00edmulo importante. Durante toda minha vida fui envolvido pelas artes. Essas atividades que desenvolvo me s\u00e3o inatas, mas aprendi muitas t\u00e9cnicas e agora tive a oportunidade de dividir.<\/p>\n\n\n\n<p>O meu dia a dia est\u00e1 em minhas obras, \u00e9 a forma como vejo o mundo, as express\u00f5es humanas, os dilemas e reflex\u00f5es que fa\u00e7o e enfrento\u201d, observa Emerson Leit\u00e3o.<\/p>\n\n\n\n<p>A experi\u00eancia com as oficinas durante a pandemia foi um enorme aprendizado para Emerson. Se por um lado as aulas remotas s\u00e3o limitantes por n\u00e3o haver o contato humano, por outro lado o alcance foi ampliado, pois as videoaulas puderam ser acessadas por um n\u00famero maior de pessoas, sendo assim atendido o objetivo de difundir a arte da escultura e tornearia em madeira e suas t\u00e9cnicas. At\u00e9 este m\u00eas de novembro as aulas tiveram em torno de 4 mil visualiza\u00e7\u00f5es.<\/p>\n\n\n\n<p><strong>Felipe, 70 anos, animad\u00edssimo<\/strong><\/p>\n\n\n\n<p>Felipe Souza Veras, 70, anos, foi servidor p\u00fablico da educa\u00e7\u00e3o. Ele trabalhou praticamente a vida toda em Gurupi, e esteve tamb\u00e9m em Palmas realizando projetos sociais com instrumentos de percuss\u00e3o. Aposentado, seu hobbie hoje \u00e9 o artesanato. \u201cO Emerson \u00e9 amigo de longa data e me convenceu a fazer esse curso para ampliar meus horizontes a partir da micro-tornearia\u201d, disse Felipe. \u201cAposentado n\u00e3o pode ficar parado, tem sempre algo a mais para oferecer\u201d, brinca.<\/p>\n\n\n\n<p>Para este veterano do artesanato, o uso do torno est\u00e1 sendo essencial na nova fase de produ\u00e7\u00e3o. Ele est\u00e1 fazendo pe\u00e7as pequenas, tais como abridores de garrafas, chaveiros e canetas, entre outras que ainda est\u00e3o sendo experimentadas. Felipe j\u00e1 possuia grande habilidade para construir pe\u00e7as de decora\u00e7\u00e3o ou suportes para fruteiras utilizando a capa do cacho de cocos da palmeira Inaj\u00e1, que al\u00e9m de utilit\u00e1ria \u00e9 uma bela pe\u00e7a para ornamentar cozinhas.<\/p>\n\n\n\n<p>\u201cEstou fazendo algumas pe\u00e7as pequenas para desenvolver a t\u00e9cnica, mas outras j\u00e1 estou comercializando, por exemplo o prendedor de cabelo e a caneta. Estas j\u00e1 t\u00eam boa sa\u00edda\u201d, diz Felipe. Para vender as pe\u00e7as, o artes\u00e3o tem utilizado as redes sociais. Ele faz fotos e envia para os amigos, que acabam repassando para outras pessoas. O pr\u00f3ximo passo, segundo Felipe, \u00e9 participar de exposi\u00e7\u00f5es e vender o artesanato nas feiras.<\/p>\n\n\n\n<figure class=\"wp-block-image\"><img decoding=\"async\" src=\"http:\/\/n1to.com.br\/img\/uploads\/cccc_5.jpg\" alt=\"\"\/><\/figure>\n\n\n\n<p><em><strong>Micro-torno fabricado pelo artes\u00e3o Emerson Leit\u00e3o Filho<\/strong><\/em><\/p>\n\n\n\n<figure class=\"wp-block-image\"><img decoding=\"async\" src=\"http:\/\/n1to.com.br\/img\/uploads\/TIO_BARNABEE_OK_16.jpg\" alt=\"\"\/><\/figure>\n","protected":false},"excerpt":{"rendered":"<p>Emerson Leit\u00e3o Filho tem 58 anos e nasceu em Alto Parnaiba \u2013 MA. A fam\u00edlia mudou-se para Gurupi quando ele tinha apenas quatro anos. Autodidata, Emerson come\u00e7ou a esculpir madeira aos 10 anos. Antes disso, rabiscava os cadernos da escola com desenhos. Na juventude iniciou no teatro e conheceu a argila. Mais tarde fez os &hellip;<\/p>\n","protected":false},"author":5,"featured_media":1896,"comment_status":"open","ping_status":"open","sticky":false,"template":"","format":"standard","meta":{"footnotes":""},"categories":[1],"tags":[],"class_list":["post-1894","post","type-post","status-publish","format-standard","has-post-thumbnail","","category-sem-categoria"],"_links":{"self":[{"href":"https:\/\/focotocantinense.com.br\/index.php?rest_route=\/wp\/v2\/posts\/1894","targetHints":{"allow":["GET"]}}],"collection":[{"href":"https:\/\/focotocantinense.com.br\/index.php?rest_route=\/wp\/v2\/posts"}],"about":[{"href":"https:\/\/focotocantinense.com.br\/index.php?rest_route=\/wp\/v2\/types\/post"}],"author":[{"embeddable":true,"href":"https:\/\/focotocantinense.com.br\/index.php?rest_route=\/wp\/v2\/users\/5"}],"replies":[{"embeddable":true,"href":"https:\/\/focotocantinense.com.br\/index.php?rest_route=%2Fwp%2Fv2%2Fcomments&post=1894"}],"version-history":[{"count":1,"href":"https:\/\/focotocantinense.com.br\/index.php?rest_route=\/wp\/v2\/posts\/1894\/revisions"}],"predecessor-version":[{"id":1895,"href":"https:\/\/focotocantinense.com.br\/index.php?rest_route=\/wp\/v2\/posts\/1894\/revisions\/1895"}],"wp:featuredmedia":[{"embeddable":true,"href":"https:\/\/focotocantinense.com.br\/index.php?rest_route=\/wp\/v2\/media\/1896"}],"wp:attachment":[{"href":"https:\/\/focotocantinense.com.br\/index.php?rest_route=%2Fwp%2Fv2%2Fmedia&parent=1894"}],"wp:term":[{"taxonomy":"category","embeddable":true,"href":"https:\/\/focotocantinense.com.br\/index.php?rest_route=%2Fwp%2Fv2%2Fcategories&post=1894"},{"taxonomy":"post_tag","embeddable":true,"href":"https:\/\/focotocantinense.com.br\/index.php?rest_route=%2Fwp%2Fv2%2Ftags&post=1894"}],"curies":[{"name":"wp","href":"https:\/\/api.w.org\/{rel}","templated":true}]}}