{"id":1891,"date":"2021-11-26T11:49:06","date_gmt":"2021-11-26T14:49:06","guid":{"rendered":"https:\/\/focotocantinense.com.br\/?p=1891"},"modified":"2021-11-26T11:50:31","modified_gmt":"2021-11-26T14:50:31","slug":"tocantinia-realiza-etapa-municipal-da-iv-conferencia-nacional-de-educacao","status":"publish","type":"post","link":"https:\/\/focotocantinense.com.br\/?p=1891","title":{"rendered":"Tocant\u00ednia realiza etapa municipal da IV Confer\u00eancia Nacional de Educa\u00e7\u00e3o"},"content":{"rendered":"\n<p><strong>Por Leontina Martins<\/strong><\/p>\n\n\n\n<h1 class=\"wp-block-heading\"><strong>&nbsp;<\/strong><\/h1>\n\n\n\n<p>Com o tema \u201cInclus\u00e3o, equidade e qualidade: compromisso com o futuro da educa\u00e7\u00e3o brasileira\u201d,&nbsp; &nbsp;come\u00e7ou ontem, dia 25 e&nbsp; prossegue nesta sexta-feira, 26 de novembro, &nbsp;em Tocant\u00ednia, a etapa municipal da IV Confer\u00eancia Nacional de Educa\u00e7\u00e3o (Conae). O evento \u00e9 realizado pela Prefeitura Municipal, por meio da Secretaria Municipal de Educa\u00e7\u00e3o (Semed).<\/p>\n\n\n\n<p>De acordo com o professor Andr\u00e9 Goveia, secret\u00e1rio de Educa\u00e7\u00e3o de Tocant\u00ednia, os objetivos da etapa municipal da IV Conae s\u00e3o:&nbsp;avaliar a implementa\u00e7\u00e3o do Plano Municipal de Educa\u00e7\u00e3o (PME), analisando o cumprimento das metas e estrat\u00e9gias estabelecidas, bem como, os avan\u00e7os e desafios; al\u00e9m de conclamar a sociedade para participar da elabora\u00e7\u00e3o e aprova\u00e7\u00e3o do novo Plano Nacional de Educa\u00e7\u00e3o 2024-2034.<\/p>\n\n\n\n<p>O secret\u00e1rio ainda destaca que o&nbsp; &nbsp;evento est\u00e1 servindo de espa\u00e7o para reflex\u00f5es e discuss\u00f5es, bem como, &nbsp;de afirma\u00e7\u00e3o e proposi\u00e7\u00f5es, &nbsp;na busca da continuidade \u00e0 uma educa\u00e7\u00e3o de qualidade no munic\u00edpio de Tocant\u00ednia.<\/p>\n\n\n\n<p>\u201cA administra\u00e7\u00e3o municipal, por meio da Secretaria de Educa\u00e7\u00e3o, tem buscado&nbsp; garantir&nbsp; a educa\u00e7\u00e3o como processo de possibilidades ao simples e ao nobre, ao lutador e ao esquecido, aos favorecidos e desarraigados do meio, sendo alcan\u00e7ados por uma sociedade que ainda sonha, busca e acredita\u201d, afirmou Andr\u00e9 Goveia.<\/p>\n\n\n\n<p>&nbsp;O prefeito &nbsp;de Tocant\u00ednia, Manoel Silvino (SD),&nbsp; destacou &nbsp;&nbsp;sobre a import\u00e2ncia da qualidade da educa\u00e7\u00e3o, da merenda escolar e da valoriza\u00e7\u00e3o dos profissionais da educa\u00e7\u00e3o. \u201cN\u00f3s queremos uma educa\u00e7\u00e3o de qualidade para os nossos alunos e para isso precisamos dar infraestrutura nas escolas, incentivar e capacitar nossos profissionais em forma\u00e7\u00f5es continuadas. Somente neste ano de 2021, garantimos importantes conquistas para os trabalhadores da educa\u00e7\u00e3o no munic\u00edpio\u201d, asseverou o prefeito.<\/p>\n\n\n\n<p><strong>&nbsp;Palestrante<\/strong><\/p>\n\n\n\n<p>Na abertura do evento, aconteceu uma palestra ministrada por Carlos Eduardo Sanches, que \u00e9 Mestre em Educa\u00e7\u00e3o pela PUC-PR e doutorando em Educa\u00e7\u00e3o pela UFPR. Foi secret\u00e1rio de Educa\u00e7\u00e3o de Castro (PR), &nbsp;&nbsp;presidente da Undime Nacional e presidente do Conselho Nacional do Fundeb. Atualmente, \u00e9 conselheiro do Conselho Estadual de Educa\u00e7\u00e3o do Paran\u00e1.<\/p>\n\n\n\n<figure class=\"wp-block-image\"><img decoding=\"async\" src=\"http:\/\/n1to.com.br\/img\/uploads\/2_TOCANT%C3%8DNIA.jpg\" alt=\"\"\/><\/figure>\n\n\n\n<figure class=\"wp-block-image\"><img decoding=\"async\" src=\"http:\/\/n1to.com.br\/img\/uploads\/3_TOCANT%C3%8DNIA.jpg\" alt=\"\"\/><\/figure>\n\n\n\n<figure class=\"wp-block-image\"><img decoding=\"async\" src=\"http:\/\/n1to.com.br\/img\/uploads\/4_TOCANTINIA_4.jpg\" alt=\"\"\/><\/figure>\n\n\n\n<figure class=\"wp-block-image\"><img decoding=\"async\" src=\"http:\/\/n1to.com.br\/img\/uploads\/5_TOCANTINIA_1.jpg\" alt=\"\"\/><\/figure>\n\n\n\n<figure class=\"wp-block-image\"><img decoding=\"async\" src=\"http:\/\/n1to.com.br\/img\/uploads\/aaaaaaaaaaaaaaa_6.jpg\" alt=\"\"\/><\/figure>\n\n\n\n<figure class=\"wp-block-image\"><img decoding=\"async\" src=\"http:\/\/n1to.com.br\/img\/uploads\/PREEITO_SILVINO.jpg\" alt=\"\"\/><\/figure>\n\n\n\n<figure class=\"wp-block-image\"><img decoding=\"async\" src=\"http:\/\/n1to.com.br\/img\/uploads\/veloso_banner_21.jpeg\" alt=\"\"\/><\/figure>\n","protected":false},"excerpt":{"rendered":"<p>Por Leontina Martins &nbsp; Com o tema \u201cInclus\u00e3o, equidade e qualidade: compromisso com o futuro da educa\u00e7\u00e3o brasileira\u201d,&nbsp; &nbsp;come\u00e7ou ontem, dia 25 e&nbsp; prossegue nesta sexta-feira, 26 de novembro, &nbsp;em Tocant\u00ednia, a etapa municipal da IV Confer\u00eancia Nacional de Educa\u00e7\u00e3o (Conae). O evento \u00e9 realizado pela Prefeitura Municipal, por meio da Secretaria Municipal de Educa\u00e7\u00e3o &hellip;<\/p>\n","protected":false},"author":5,"featured_media":1893,"comment_status":"open","ping_status":"open","sticky":false,"template":"","format":"standard","meta":{"footnotes":""},"categories":[1],"tags":[],"class_list":["post-1891","post","type-post","status-publish","format-standard","has-post-thumbnail","","category-sem-categoria"],"_links":{"self":[{"href":"https:\/\/focotocantinense.com.br\/index.php?rest_route=\/wp\/v2\/posts\/1891","targetHints":{"allow":["GET"]}}],"collection":[{"href":"https:\/\/focotocantinense.com.br\/index.php?rest_route=\/wp\/v2\/posts"}],"about":[{"href":"https:\/\/focotocantinense.com.br\/index.php?rest_route=\/wp\/v2\/types\/post"}],"author":[{"embeddable":true,"href":"https:\/\/focotocantinense.com.br\/index.php?rest_route=\/wp\/v2\/users\/5"}],"replies":[{"embeddable":true,"href":"https:\/\/focotocantinense.com.br\/index.php?rest_route=%2Fwp%2Fv2%2Fcomments&post=1891"}],"version-history":[{"count":1,"href":"https:\/\/focotocantinense.com.br\/index.php?rest_route=\/wp\/v2\/posts\/1891\/revisions"}],"predecessor-version":[{"id":1892,"href":"https:\/\/focotocantinense.com.br\/index.php?rest_route=\/wp\/v2\/posts\/1891\/revisions\/1892"}],"wp:featuredmedia":[{"embeddable":true,"href":"https:\/\/focotocantinense.com.br\/index.php?rest_route=\/wp\/v2\/media\/1893"}],"wp:attachment":[{"href":"https:\/\/focotocantinense.com.br\/index.php?rest_route=%2Fwp%2Fv2%2Fmedia&parent=1891"}],"wp:term":[{"taxonomy":"category","embeddable":true,"href":"https:\/\/focotocantinense.com.br\/index.php?rest_route=%2Fwp%2Fv2%2Fcategories&post=1891"},{"taxonomy":"post_tag","embeddable":true,"href":"https:\/\/focotocantinense.com.br\/index.php?rest_route=%2Fwp%2Fv2%2Ftags&post=1891"}],"curies":[{"name":"wp","href":"https:\/\/api.w.org\/{rel}","templated":true}]}}