{"id":1887,"date":"2021-11-22T20:44:24","date_gmt":"2021-11-22T23:44:24","guid":{"rendered":"https:\/\/focotocantinense.com.br\/?p=1887"},"modified":"2021-11-22T20:45:30","modified_gmt":"2021-11-22T23:45:30","slug":"antonio-andrade-assina-termo-de-cooperacao-para-oferecer-atendimento-odontologico-gratuito","status":"publish","type":"post","link":"https:\/\/focotocantinense.com.br\/?p=1887","title":{"rendered":"Antonio Andrade assina Termo de Coopera\u00e7\u00e3o para oferecer atendimento odontol\u00f3gico gratuito"},"content":{"rendered":"\n<p><br>Na manh\u00e3 desta segunda-feira, dia 22, o presidente Antonio Andrade assinou Termo de Coopera\u00e7\u00e3o T\u00e9cnica com o Instituto Tocantinense Presidente Ant\u00f4nio Carlos Porto S.A. (ITPAC), com objetivo de desenvolver projetos sociais voltados \u00e0 presta\u00e7\u00e3o de servi\u00e7os odontol\u00f3gicos.<\/p>\n\n\n\n<p>Com a assinatura, a Casa fez o repasse, por 12 meses prorrog\u00e1veis,&nbsp;de quatro unidades de Consult\u00f3rio Port\u00e1til Odontol\u00f3gico para o instituto. Ao ITPAC caber\u00e1 a realiza\u00e7\u00e3o de atendimentos de sa\u00fade odontol\u00f3gicos, a exemplo de orienta\u00e7\u00e3o e higiene oral e de preven\u00e7\u00e3o ao c\u00e2ncer de boca, radiografias, tratamento de c\u00e1ries, les\u00f5es bucais e tratamento restaurador traum\u00e1tico (ATR), dentre outros. O termo de coopera\u00e7\u00e3o n\u00e3o implica transfer\u00eancia de recursos financeiros entre as partes.&nbsp;<\/p>\n\n\n\n<p>\u201c\u00c9 uma grande satisfa\u00e7\u00e3o contribuir para a sa\u00fade bucal dos tocantinenses, em especial da popula\u00e7\u00e3o carente de Porto, Palmas, de comunidades ind\u00edgenas e quilombolas. A inten\u00e7\u00e3o \u00e9 estender essa parceria de forma a beneficiar outras cidades do Estado\u201d, afirmou Antonio Andrade.<\/p>\n\n\n\n<p>Segundo Rodrigo Ventura Rodrigues, diretor do ITPAC de Porto Nacional, a parceria vai dar suporte ao programa de extens\u00e3o da faculdade. \u201cVamos levar sa\u00fade bucal e manter o papel de responsabilidade social que compete a uma institui\u00e7\u00e3o de ensino superior\u201d, concluiu.<\/p>\n\n\n\n<p>Presentes \u00e0 solenidade, os parlamentares Nilton Franco (MDB), Cleyton Cardoso (PTC), Am\u00e1lia Santana (PT) e Vanda Monteiro (Uni\u00e3o Brasil) atestaram a assinatura do conv\u00eanio. Eles elogiaram a iniciativa de colocar a Aleto como intermediadora de servi\u00e7os envolvendo a \u00e1rea da Sa\u00fade.<\/p>\n\n\n\n<p><strong>Bolsas de estudo<\/strong><\/p>\n\n\n\n<p>O deputado Cleyton Cardoso lembrou a exist\u00eancia de bolsas de estudo no ITPAC, em anos anteriores, e pediu aos diretores presentes que repensem a ideia de retomar a oferta a fim de facilitar o acesso \u00e0 universidade. \u201cAs bolsas auxiliam no sonho de muitos estudantes, sem condi\u00e7\u00f5es de pagar seu valor integral\u201d, lembrou, por sua vez, Antonio Andrade.<\/p>\n\n\n\n<figure class=\"wp-block-image\"><img decoding=\"async\" src=\"https:\/\/www.al.to.leg.br\/imagens\/mini\/1130x755\/6e01b0a649f448652c13072ed0dd2244.jpeg\" alt=\"Antonio Andrade - Presidente da Aleto\"\/><\/figure>\n\n\n\n<p>Antonio Andrade &#8211; Presidente da Aleto&nbsp;Joelma Cristina \/&nbsp;<a href=\"https:\/\/www.al.to.leg.br\/imagens\/6e01b0a649f448652c13072ed0dd2244.jpeg\">&nbsp;HD<\/a><\/p>\n\n\n\n<figure class=\"wp-block-image\"><img decoding=\"async\" src=\"http:\/\/n1to.com.br\/img\/uploads\/veloso_banner_15.jpeg\" alt=\"\"\/><\/figure>\n","protected":false},"excerpt":{"rendered":"<p>Na manh\u00e3 desta segunda-feira, dia 22, o presidente Antonio Andrade assinou Termo de Coopera\u00e7\u00e3o T\u00e9cnica com o Instituto Tocantinense Presidente Ant\u00f4nio Carlos Porto S.A. (ITPAC), com objetivo de desenvolver projetos sociais voltados \u00e0 presta\u00e7\u00e3o de servi\u00e7os odontol\u00f3gicos. Com a assinatura, a Casa fez o repasse, por 12 meses prorrog\u00e1veis,&nbsp;de quatro unidades de Consult\u00f3rio Port\u00e1til Odontol\u00f3gico &hellip;<\/p>\n","protected":false},"author":5,"featured_media":1889,"comment_status":"open","ping_status":"open","sticky":false,"template":"","format":"standard","meta":{"footnotes":""},"categories":[1],"tags":[],"class_list":["post-1887","post","type-post","status-publish","format-standard","has-post-thumbnail","","category-sem-categoria"],"_links":{"self":[{"href":"https:\/\/focotocantinense.com.br\/index.php?rest_route=\/wp\/v2\/posts\/1887","targetHints":{"allow":["GET"]}}],"collection":[{"href":"https:\/\/focotocantinense.com.br\/index.php?rest_route=\/wp\/v2\/posts"}],"about":[{"href":"https:\/\/focotocantinense.com.br\/index.php?rest_route=\/wp\/v2\/types\/post"}],"author":[{"embeddable":true,"href":"https:\/\/focotocantinense.com.br\/index.php?rest_route=\/wp\/v2\/users\/5"}],"replies":[{"embeddable":true,"href":"https:\/\/focotocantinense.com.br\/index.php?rest_route=%2Fwp%2Fv2%2Fcomments&post=1887"}],"version-history":[{"count":2,"href":"https:\/\/focotocantinense.com.br\/index.php?rest_route=\/wp\/v2\/posts\/1887\/revisions"}],"predecessor-version":[{"id":1890,"href":"https:\/\/focotocantinense.com.br\/index.php?rest_route=\/wp\/v2\/posts\/1887\/revisions\/1890"}],"wp:featuredmedia":[{"embeddable":true,"href":"https:\/\/focotocantinense.com.br\/index.php?rest_route=\/wp\/v2\/media\/1889"}],"wp:attachment":[{"href":"https:\/\/focotocantinense.com.br\/index.php?rest_route=%2Fwp%2Fv2%2Fmedia&parent=1887"}],"wp:term":[{"taxonomy":"category","embeddable":true,"href":"https:\/\/focotocantinense.com.br\/index.php?rest_route=%2Fwp%2Fv2%2Fcategories&post=1887"},{"taxonomy":"post_tag","embeddable":true,"href":"https:\/\/focotocantinense.com.br\/index.php?rest_route=%2Fwp%2Fv2%2Ftags&post=1887"}],"curies":[{"name":"wp","href":"https:\/\/api.w.org\/{rel}","templated":true}]}}