{"id":1884,"date":"2021-11-22T12:54:14","date_gmt":"2021-11-22T15:54:14","guid":{"rendered":"https:\/\/focotocantinense.com.br\/?p=1884"},"modified":"2021-11-22T12:55:34","modified_gmt":"2021-11-22T15:55:34","slug":"hospital-dom-orione-inaugura-novas-e-modernas-instalacoes","status":"publish","type":"post","link":"https:\/\/focotocantinense.com.br\/?p=1884","title":{"rendered":"Hospital Dom Orione inaugura novas e modernas instala\u00e7\u00f5es"},"content":{"rendered":"\n<p><strong><em>Por Rodrigo Martins&nbsp;<\/em><\/strong><\/p>\n\n\n\n<p>Autoridades pol\u00edticas, religiosas e representantes da sociedade civil se reuniram no&nbsp;<strong>Hospital Dom Orione<\/strong>&nbsp;para prestigiar mais um grande avan\u00e7o da institui\u00e7\u00e3o que \u00e9 uma das principais unidades de Sa\u00fade do Norte do Brasil. Na manh\u00e3 de 20 de novembro, foi realizada a solenidade de inaugura\u00e7\u00e3o da nova Recep\u00e7\u00e3o Central e Centro de Imagens.<\/p>\n\n\n\n<p>A nova Recep\u00e7\u00e3o Central \u00e9 um ambiente com design inovador, projetado e constru\u00eddo para que as pessoas que buscam atendimento no Hospital Dom Orione sintam-se acolhidas e confort\u00e1veis. O diretor presidente, Padre Bruno Rodrigues, explica que a inaugura\u00e7\u00e3o \u00e9 um grande marco do projeto de reforma e amplia\u00e7\u00e3o da infraestrutura da institui\u00e7\u00e3o.<\/p>\n\n\n\n<p>Al\u00e9m do conforto, o Hospital Dom Orione tamb\u00e9m investiu em tecnologia. O Centro de Imagens re\u00fane profissionais qualificados e equipamentos de \u00faltima gera\u00e7\u00e3o, como dois aparelhos de Tomografia Computadorizada e uma Resson\u00e2ncia Magn\u00e9tica. O setor foi constru\u00eddo em homenagem ao saudoso Dom Enem\u00e9sio \u00c2ngelo Lazzaris, sacerdote orionita que teve uma importante passagem por Aragua\u00edna.<\/p>\n\n\n\n<p>Dentre as autoridades presentes, o governador do Estado do Tocantins em exerc\u00edcio, Wanderlei Barbosa, destacou a import\u00e2ncia do Hospital Dom Orione para a popula\u00e7\u00e3o. \u201cEsse Hospital \u00e9 um parceiro do Governo do Tocantins, uma refer\u00eancia. Precisamos observar esses aspectos e darmos as condi\u00e7\u00f5es e apoio para bem cuidar das pessoas\u201d.<\/p>\n\n\n\n<p><strong>Homenageados<\/strong><\/p>\n\n\n\n<p>A diretoria do Hospital Dom Orione aproveitou a oportunidade para homenagear parlamentares parceiros da institui\u00e7\u00e3o. \u201cDestacamos o papel importante dos nossos deputados e senadores que contribuem com nosso hospital, destinando recursos para que continuemos avan\u00e7ando no servi\u00e7o \u00e0 popula\u00e7\u00e3o\u201d, enfatizou o diretor Padre Bruno.<\/p>\n\n\n\n<p>Estavam presentes os deputados estaduais, Valderez Castelo Branco, L\u00e1zaro Botelho, Issam Saado, o deputados federal, C\u00e9lio Moura, e a senadora K\u00e1tia Abreu, representada por sua assessora, Cleide Nunes.<\/p>\n\n\n\n<p>Tamb\u00e9m foram homenageados os senadores Eduardo Gomes e Vicentinho Alves, e os deputados federais Tiago Dimas e Vicentinho J\u00fanior.<\/p>\n\n\n\n<p>Na ocasi\u00e3o, o governador Wanderlei Barbosa foi presenteado com um quadro com a estampa de S\u00e3o Lu\u00eds Orione, o fundador da congrega\u00e7\u00e3o da qual o Hospital Dom Orione faz parte.<\/p>\n\n\n\n<p><strong>O Hospital<\/strong><\/p>\n\n\n\n<p>O Hospital Dom Orione \u00e9 uma entidade filantr\u00f3pica e faz parte da Pequena Obra da Divina Provid\u00eancia, fundada por S\u00e3o Lu\u00eds Orione, presente em mais de 30 pa\u00edses. A unidade realiza mais de 60% de seus atendimentos para o Sistema \u00danico de Sa\u00fade &#8211; SUS.<\/p>\n\n\n\n<p>O atendimento beneficia usu\u00e1rios de todo o Estado do Tocantins. Dentre as especialidades atendidas pelo SUS, destacam-se a Obstetr\u00edcia, a Neonatologia, a Cirurgia Card\u00edaca e o tratamento intensivo da Covid-19.<\/p>\n\n\n\n<figure class=\"wp-block-image\"><img decoding=\"async\" src=\"http:\/\/n1to.com.br\/img\/uploads\/BBBBB].jpg\" alt=\"\"\/><\/figure>\n\n\n\n<p><\/p>\n\n\n\n<figure class=\"wp-block-image\"><img decoding=\"async\" src=\"http:\/\/n1to.com.br\/img\/uploads\/TIO_BARNABEE_OK_6.jpg\" alt=\"\"\/><\/figure>\n","protected":false},"excerpt":{"rendered":"<p>Por Rodrigo Martins&nbsp; Autoridades pol\u00edticas, religiosas e representantes da sociedade civil se reuniram no&nbsp;Hospital Dom Orione&nbsp;para prestigiar mais um grande avan\u00e7o da institui\u00e7\u00e3o que \u00e9 uma das principais unidades de Sa\u00fade do Norte do Brasil. Na manh\u00e3 de 20 de novembro, foi realizada a solenidade de inaugura\u00e7\u00e3o da nova Recep\u00e7\u00e3o Central e Centro de Imagens. &hellip;<\/p>\n","protected":false},"author":5,"featured_media":1886,"comment_status":"open","ping_status":"open","sticky":false,"template":"","format":"standard","meta":{"footnotes":""},"categories":[1],"tags":[],"class_list":["post-1884","post","type-post","status-publish","format-standard","has-post-thumbnail","","category-sem-categoria"],"_links":{"self":[{"href":"https:\/\/focotocantinense.com.br\/index.php?rest_route=\/wp\/v2\/posts\/1884","targetHints":{"allow":["GET"]}}],"collection":[{"href":"https:\/\/focotocantinense.com.br\/index.php?rest_route=\/wp\/v2\/posts"}],"about":[{"href":"https:\/\/focotocantinense.com.br\/index.php?rest_route=\/wp\/v2\/types\/post"}],"author":[{"embeddable":true,"href":"https:\/\/focotocantinense.com.br\/index.php?rest_route=\/wp\/v2\/users\/5"}],"replies":[{"embeddable":true,"href":"https:\/\/focotocantinense.com.br\/index.php?rest_route=%2Fwp%2Fv2%2Fcomments&post=1884"}],"version-history":[{"count":1,"href":"https:\/\/focotocantinense.com.br\/index.php?rest_route=\/wp\/v2\/posts\/1884\/revisions"}],"predecessor-version":[{"id":1885,"href":"https:\/\/focotocantinense.com.br\/index.php?rest_route=\/wp\/v2\/posts\/1884\/revisions\/1885"}],"wp:featuredmedia":[{"embeddable":true,"href":"https:\/\/focotocantinense.com.br\/index.php?rest_route=\/wp\/v2\/media\/1886"}],"wp:attachment":[{"href":"https:\/\/focotocantinense.com.br\/index.php?rest_route=%2Fwp%2Fv2%2Fmedia&parent=1884"}],"wp:term":[{"taxonomy":"category","embeddable":true,"href":"https:\/\/focotocantinense.com.br\/index.php?rest_route=%2Fwp%2Fv2%2Fcategories&post=1884"},{"taxonomy":"post_tag","embeddable":true,"href":"https:\/\/focotocantinense.com.br\/index.php?rest_route=%2Fwp%2Fv2%2Ftags&post=1884"}],"curies":[{"name":"wp","href":"https:\/\/api.w.org\/{rel}","templated":true}]}}