{"id":1881,"date":"2021-11-19T19:58:21","date_gmt":"2021-11-19T22:58:21","guid":{"rendered":"https:\/\/focotocantinense.com.br\/?p=1881"},"modified":"2021-11-19T20:00:42","modified_gmt":"2021-11-19T23:00:42","slug":"diretor-do-idoso-de-gurupi-recebe-selo-direitos-humanos-da-pessoa-idosa","status":"publish","type":"post","link":"https:\/\/focotocantinense.com.br\/?p=1881","title":{"rendered":"Diretor do Idoso de Gurupi recebe \u201cSelo Direitos Humanos da Pessoa Idosa\u201d"},"content":{"rendered":"\n<p>As pol\u00edticas p\u00fablicas voltadas \u00e0s pessoas idosas que est\u00e3o sendo colocadas em pr\u00e1tica pela gest\u00e3o municipal de Gurupi foram reconhecidas publicamente pelo Movimento Nacional Vidas Idosas Importam, em Macei\u00f3 (AL), que deferiu ao diretor do Idoso de Gurupi, Vin\u00edcius Martins, o \u201cSelo Direitos Humanos da Pessoa Idosa\u201d.<\/p>\n\n\n\n<p>Vin\u00edcius Martins disse que estava muito gratificado por receber essa homenagem em nome da administra\u00e7\u00e3o municipal de Gurupi e destacou o comprometimento da prefeita, Josi Nunes, e do vice-prefeito, Gleydson Nato, na busca de mecanismos que assegurem mais dignidade \u00e0 pessoa idosa. \u201cAcredito que o Brasil precisa encarar e acolher a velhice de forma positiva, vendo-a como um triunfo, um pr\u00eamio e n\u00e3o como um peso, um fardo\u201d, concluiu.<\/p>\n\n\n\n<p>Segundo Gleydson Nato, Secret\u00e1rio Municipal do Idoso, tal reconhecimento mostra que todas a\u00e7\u00f5es desenvolvidas, desde do in\u00edcio da gest\u00e3o, vem tendo resultado positivo. Destacando que agora a Casa do Idoso conta com um ve\u00edculo exclusivo para atender as necessidades dos acolhidos. A Campanha Declare Seu Amor, de dedu\u00e7\u00e3o do imposto de renda, onde foram arrecadados R$ 13 mil para o Fundo Municipal do Idoso de Gurupi. Um aumento de mais de 300% em rela\u00e7\u00e3o \u00e0 2020, dentre as diversas a\u00e7\u00f5es executadas pelo CRAS e CREAS visando a garantia dos direitos da pessoa idosa em nossa cidade.<\/p>\n\n\n\n<p>\u201cEstamos muito felizes por alcan\u00e7ar o cora\u00e7\u00e3o do povo tocantinense. Espero um dia poder pessoalmente abra\u00e7ar e agradecer a implanta\u00e7\u00e3o e as belas a\u00e7\u00f5es que o movimento Vidas Idosas Importam vem desempenhando no Estado do Tocantins, em especial Gurupi, por meio de pessoas maravilhosas\u201d, frisou o gerontologo, Crismedio Costa, Coordenador Nacional do Movimento Vidas Idosas Importam.<\/p>\n\n\n\n<p><strong>Sobre o movimento<\/strong><\/p>\n\n\n\n<p>O Movimento Vidas Idosas Importam, criado no dia 10 de dezembro, Dia Internacional dos Direitos Humanos, nasceu com o objetivo principal de valorizar a pessoa idosa na defesa de seus direitos e na promo\u00e7\u00e3o de sua participa\u00e7\u00e3o na sociedade.<\/p>\n\n\n\n<p>Inspirado no norte-americano Black Life Matter (Vidas Negras Importam), o Movimento \u00e9 apartid\u00e1rio, tem abrang\u00eancia nacional e presen\u00e7a no exterior (Portugal, Su\u00ed\u00e7a e Espanha) e surgiu a partir da iniciativa do gerontologista Crismedio Costa, ativista dos Direitos Humanos da Pessoa Idosa.<\/p>\n\n\n\n<figure class=\"wp-block-image\"><img decoding=\"async\" src=\"https:\/\/www.n1to.com.br\/img\/cache\/800x400\/80\/crop\/Imagem-2573cd11b729ae1f8d88bb9b2b43d1c0.jpg\" alt=\"\"\/><figcaption><em>O vice-prefeito de Gurupi, Gleydson Nato entregou a homenagem ao Vin\u00edcius Martins<\/em><\/figcaption><\/figure>\n\n\n\n<figure class=\"wp-block-image\"><img decoding=\"async\" src=\"http:\/\/n1to.com.br\/img\/uploads\/TIO_BARNABEE_OK_5.jpg\" alt=\"\"\/><\/figure>\n","protected":false},"excerpt":{"rendered":"<p>As pol\u00edticas p\u00fablicas voltadas \u00e0s pessoas idosas que est\u00e3o sendo colocadas em pr\u00e1tica pela gest\u00e3o municipal de Gurupi foram reconhecidas publicamente pelo Movimento Nacional Vidas Idosas Importam, em Macei\u00f3 (AL), que deferiu ao diretor do Idoso de Gurupi, Vin\u00edcius Martins, o \u201cSelo Direitos Humanos da Pessoa Idosa\u201d. Vin\u00edcius Martins disse que estava muito gratificado por &hellip;<\/p>\n","protected":false},"author":5,"featured_media":1883,"comment_status":"open","ping_status":"open","sticky":false,"template":"","format":"standard","meta":{"footnotes":""},"categories":[1],"tags":[],"class_list":["post-1881","post","type-post","status-publish","format-standard","has-post-thumbnail","","category-sem-categoria"],"_links":{"self":[{"href":"https:\/\/focotocantinense.com.br\/index.php?rest_route=\/wp\/v2\/posts\/1881","targetHints":{"allow":["GET"]}}],"collection":[{"href":"https:\/\/focotocantinense.com.br\/index.php?rest_route=\/wp\/v2\/posts"}],"about":[{"href":"https:\/\/focotocantinense.com.br\/index.php?rest_route=\/wp\/v2\/types\/post"}],"author":[{"embeddable":true,"href":"https:\/\/focotocantinense.com.br\/index.php?rest_route=\/wp\/v2\/users\/5"}],"replies":[{"embeddable":true,"href":"https:\/\/focotocantinense.com.br\/index.php?rest_route=%2Fwp%2Fv2%2Fcomments&post=1881"}],"version-history":[{"count":1,"href":"https:\/\/focotocantinense.com.br\/index.php?rest_route=\/wp\/v2\/posts\/1881\/revisions"}],"predecessor-version":[{"id":1882,"href":"https:\/\/focotocantinense.com.br\/index.php?rest_route=\/wp\/v2\/posts\/1881\/revisions\/1882"}],"wp:featuredmedia":[{"embeddable":true,"href":"https:\/\/focotocantinense.com.br\/index.php?rest_route=\/wp\/v2\/media\/1883"}],"wp:attachment":[{"href":"https:\/\/focotocantinense.com.br\/index.php?rest_route=%2Fwp%2Fv2%2Fmedia&parent=1881"}],"wp:term":[{"taxonomy":"category","embeddable":true,"href":"https:\/\/focotocantinense.com.br\/index.php?rest_route=%2Fwp%2Fv2%2Fcategories&post=1881"},{"taxonomy":"post_tag","embeddable":true,"href":"https:\/\/focotocantinense.com.br\/index.php?rest_route=%2Fwp%2Fv2%2Ftags&post=1881"}],"curies":[{"name":"wp","href":"https:\/\/api.w.org\/{rel}","templated":true}]}}