{"id":1878,"date":"2021-11-18T17:30:43","date_gmt":"2021-11-18T20:30:43","guid":{"rendered":"https:\/\/focotocantinense.com.br\/?p=1878"},"modified":"2021-11-18T17:32:51","modified_gmt":"2021-11-18T20:32:51","slug":"atletas-realizam-corrida-de-21-km-entre-cariri-e-gurupi-para-promover-bem-estar-e-saude","status":"publish","type":"post","link":"https:\/\/focotocantinense.com.br\/?p=1878","title":{"rendered":"Atletas realizam corrida de 21 km entre Cariri e Gurupi para promover bem-estar e sa\u00fade"},"content":{"rendered":"\n<p><strong>Por Lucas Carvalho&nbsp;<\/strong><\/p>\n\n\n\n<p>No pr\u00f3ximo domingo, 21, atletas de Gurupi realizam uma corrida de 21 km, conhecida popularmente por \u201clong\u00e3o\u201d, entre as cidades de Cariri e Gurupi, na regi\u00e3o sul do Tocantins. Essa \u00e9 a terceira edi\u00e7\u00e3o do evento e o percurso corresponde a uma meia maratona. Profissionais e amadores podem participar do evento gratuitamente.<\/p>\n\n\n\n<p>A corrida est\u00e1 sendo organizada pelos atletas S\u00e9rgio Sor\u00f3, \u00cdtalo Gon\u00e7alves , Leurimar Carvalho e com apoio de v\u00e1rios grupos de corredores de Gurupi, as pessoas que desejam participar dever\u00e3o estar no Parque Mutuca, \u00e0s 04 horas da manh\u00e3, onde um \u00f4nibus estar\u00e1 levando os competidores \u00e0 cidade de Cariri. O in\u00edcio da meia maratona est\u00e1 marcado para \u00e0s 05 horas e a previs\u00e3o \u00e9 que todos cheguem at\u00e9 \u00e0s 08 horas na Capital da Amizade onde ser\u00e1 servido um caf\u00e9 da manh\u00e3 aos maratonistas.<\/p>\n\n\n\n<p>De acordo com S\u00e9rgio Sor\u00f3, membro da Comiss\u00e3o Organizadora, a corrida serve para a promo\u00e7\u00e3o de sa\u00fade e intera\u00e7\u00e3o entre os participantes. \u201cO nosso objetivo \u00e9 que todos participem desse evento que faz muito bem para a sa\u00fade. N\u00e3o importa se a pessoa \u00e9 profissional ou est\u00e1 iniciando no esporte. Queremos possibilitar o entretenimento, a sa\u00fade e o bem estar entre as pessoas\u201d, destacou Sor\u00f3.<\/p>\n\n\n\n<p>Segundo os organizadores, a expectativa \u00e9 que aproximadamente 80 pessoas participem do &#8220;long\u00e3o&#8221; neste domingo com o apoio da Pol\u00edcia Militar durante todo o percurso, e tamb\u00e9m, com o aux\u00edlio de uma ambul\u00e2ncia e um carro como suporte aos desportistas em qualquer eventualidade.<\/p>\n\n\n\n<p>O evento conta com o apoio da prefeitura municipal de Gurupi atrav\u00e9s da secretaria municipal de esporte e juventude e da secretaria da sa\u00fade, al\u00e9m de v\u00e1rios empres\u00e1rios e comerciantes da cidade que sempre apoiam os eventos organizados pelos grupos de corredores do munic\u00edpio.<\/p>\n\n\n\n<p>\u201cConvido todas as pessoas que praticam a corrida como esporte, seja iniciante ou profissional, para estar com a gente nesse dia. O grande diferencial desse evento n\u00e3o \u00e9 competir, mas sim, participar. Ningu\u00e9m vai ficar para tr\u00e1s, fiquem tranquilos. Estamos juntos para uma vida mais saud\u00e1vel\u201d, disse Kleber Alves, integrante do grupo Os Coyotes de Gurupi, para convidar a comunidade.<\/p>\n\n\n\n<figure class=\"wp-block-image\"><img decoding=\"async\" src=\"https:\/\/www.n1to.com.br\/img\/cache\/800x400\/80\/crop\/Imagem-9202f25770b2d466a6a160b666c26c0d.jpg\" alt=\"\"\/><\/figure>\n\n\n\n<figure class=\"wp-block-image\"><img decoding=\"async\" src=\"http:\/\/n1to.com.br\/img\/uploads\/TIO_BARNABEE_OK_5.jpg\" alt=\"\"\/><\/figure>\n","protected":false},"excerpt":{"rendered":"<p>Por Lucas Carvalho&nbsp; No pr\u00f3ximo domingo, 21, atletas de Gurupi realizam uma corrida de 21 km, conhecida popularmente por \u201clong\u00e3o\u201d, entre as cidades de Cariri e Gurupi, na regi\u00e3o sul do Tocantins. Essa \u00e9 a terceira edi\u00e7\u00e3o do evento e o percurso corresponde a uma meia maratona. Profissionais e amadores podem participar do evento gratuitamente. &hellip;<\/p>\n","protected":false},"author":5,"featured_media":1880,"comment_status":"open","ping_status":"open","sticky":false,"template":"","format":"standard","meta":{"footnotes":""},"categories":[1],"tags":[],"class_list":["post-1878","post","type-post","status-publish","format-standard","has-post-thumbnail","","category-sem-categoria"],"_links":{"self":[{"href":"https:\/\/focotocantinense.com.br\/index.php?rest_route=\/wp\/v2\/posts\/1878","targetHints":{"allow":["GET"]}}],"collection":[{"href":"https:\/\/focotocantinense.com.br\/index.php?rest_route=\/wp\/v2\/posts"}],"about":[{"href":"https:\/\/focotocantinense.com.br\/index.php?rest_route=\/wp\/v2\/types\/post"}],"author":[{"embeddable":true,"href":"https:\/\/focotocantinense.com.br\/index.php?rest_route=\/wp\/v2\/users\/5"}],"replies":[{"embeddable":true,"href":"https:\/\/focotocantinense.com.br\/index.php?rest_route=%2Fwp%2Fv2%2Fcomments&post=1878"}],"version-history":[{"count":1,"href":"https:\/\/focotocantinense.com.br\/index.php?rest_route=\/wp\/v2\/posts\/1878\/revisions"}],"predecessor-version":[{"id":1879,"href":"https:\/\/focotocantinense.com.br\/index.php?rest_route=\/wp\/v2\/posts\/1878\/revisions\/1879"}],"wp:featuredmedia":[{"embeddable":true,"href":"https:\/\/focotocantinense.com.br\/index.php?rest_route=\/wp\/v2\/media\/1880"}],"wp:attachment":[{"href":"https:\/\/focotocantinense.com.br\/index.php?rest_route=%2Fwp%2Fv2%2Fmedia&parent=1878"}],"wp:term":[{"taxonomy":"category","embeddable":true,"href":"https:\/\/focotocantinense.com.br\/index.php?rest_route=%2Fwp%2Fv2%2Fcategories&post=1878"},{"taxonomy":"post_tag","embeddable":true,"href":"https:\/\/focotocantinense.com.br\/index.php?rest_route=%2Fwp%2Fv2%2Ftags&post=1878"}],"curies":[{"name":"wp","href":"https:\/\/api.w.org\/{rel}","templated":true}]}}