{"id":1875,"date":"2021-11-13T23:19:20","date_gmt":"2021-11-14T02:19:20","guid":{"rendered":"http:\/\/focotocantinense.com.br\/?p=1875"},"modified":"2021-11-13T23:20:42","modified_gmt":"2021-11-14T02:20:42","slug":"durante-festividades-em-gurupi-governador-wanderlei-barbosa-reitera-apoio-ao-municipio-considerado-polo-de-educacao-e-saude-para-a-regiao","status":"publish","type":"post","link":"https:\/\/focotocantinense.com.br\/?p=1875","title":{"rendered":"Durante festividades em Gurupi, governador Wanderlei Barbosa reitera apoio ao munic\u00edpio considerado polo de educa\u00e7\u00e3o e sa\u00fade para a regi\u00e3o"},"content":{"rendered":"\n<p>Nas comemora\u00e7\u00f5es de 63 anos de Gurupi, o governador em exerc\u00edcio do Estado do Tocantins, Wanderlei Barbosa, fez quest\u00e3o de reiterar o apoio do Governo ao munic\u00edpio considerado polo de educa\u00e7\u00e3o e sa\u00fade para a regi\u00e3o Sul do Estado. Na manh\u00e3 deste s\u00e1bado, 13, o Governador, acompanhado da prefeita, Josi Nunes, participou da inaugura\u00e7\u00e3o do novo pr\u00e9dio do Instituto de Previd\u00eancia Social do Munic\u00edpio Gurupi (Gurupi Prev) e visitou as futuras instala\u00e7\u00f5es do Parque da Cidadania.<\/p>\n\n\n\n<p>\u201cN\u00f3s sabemos o que Gurupi representa para o Tocantins: \u00e9 um polo de educa\u00e7\u00e3o e sa\u00fade para o Estado. Ser parceiro de Gurupi \u00e9 uma obriga\u00e7\u00e3o de qualquer governador, levando em conta as necessidades da popula\u00e7\u00e3o com suas particularidades, e ressalto que a porta do meu gabinete sempre estar\u00e1 aberta para receber a prefeita, os vereadores e toda popula\u00e7\u00e3o de Gurupi&#8221;, ressaltou o governador Wanderlei Barbosa.<\/p>\n\n\n\n<p>A prefeita de Gurupi, Josi Nunes, tamb\u00e9m refor\u00e7ou a parceria com o Governo. &#8220;N\u00f3s estivemos recentemente discutindo alguns projetos importantes com o governador Wanderlei, principalmente na \u00e1rea da educa\u00e7\u00e3o e tecnologia, e j\u00e1 temos alguns bons projetos que estavam em andamento com a antiga gest\u00e3o, mas que o Governador nos garantiu que eles ser\u00e3o continuados&#8221;, destacou, referindo-se ao Centro de Desenvolvimento Regional (CDR) de Gurupi, para o qual solicitou o aporte de R$ 1 milh\u00e3o ao Governo do Estado.<\/p>\n\n\n\n<figure class=\"wp-block-image\"><img decoding=\"async\" src=\"http:\/\/n1to.com.br\/img\/uploads\/sss_2.jpg\" alt=\"\"\/><\/figure>\n\n\n\n<figure class=\"wp-block-image\"><img decoding=\"async\" src=\"http:\/\/n1to.com.br\/img\/uploads\/TIO_BARNABEE_OK_4.jpg\" alt=\"\"\/><\/figure>\n","protected":false},"excerpt":{"rendered":"<p>Nas comemora\u00e7\u00f5es de 63 anos de Gurupi, o governador em exerc\u00edcio do Estado do Tocantins, Wanderlei Barbosa, fez quest\u00e3o de reiterar o apoio do Governo ao munic\u00edpio considerado polo de educa\u00e7\u00e3o e sa\u00fade para a regi\u00e3o Sul do Estado. Na manh\u00e3 deste s\u00e1bado, 13, o Governador, acompanhado da prefeita, Josi Nunes, participou da inaugura\u00e7\u00e3o do &hellip;<\/p>\n","protected":false},"author":5,"featured_media":1877,"comment_status":"open","ping_status":"open","sticky":false,"template":"","format":"standard","meta":{"footnotes":""},"categories":[1],"tags":[],"class_list":["post-1875","post","type-post","status-publish","format-standard","has-post-thumbnail","","category-sem-categoria"],"_links":{"self":[{"href":"https:\/\/focotocantinense.com.br\/index.php?rest_route=\/wp\/v2\/posts\/1875","targetHints":{"allow":["GET"]}}],"collection":[{"href":"https:\/\/focotocantinense.com.br\/index.php?rest_route=\/wp\/v2\/posts"}],"about":[{"href":"https:\/\/focotocantinense.com.br\/index.php?rest_route=\/wp\/v2\/types\/post"}],"author":[{"embeddable":true,"href":"https:\/\/focotocantinense.com.br\/index.php?rest_route=\/wp\/v2\/users\/5"}],"replies":[{"embeddable":true,"href":"https:\/\/focotocantinense.com.br\/index.php?rest_route=%2Fwp%2Fv2%2Fcomments&post=1875"}],"version-history":[{"count":1,"href":"https:\/\/focotocantinense.com.br\/index.php?rest_route=\/wp\/v2\/posts\/1875\/revisions"}],"predecessor-version":[{"id":1876,"href":"https:\/\/focotocantinense.com.br\/index.php?rest_route=\/wp\/v2\/posts\/1875\/revisions\/1876"}],"wp:featuredmedia":[{"embeddable":true,"href":"https:\/\/focotocantinense.com.br\/index.php?rest_route=\/wp\/v2\/media\/1877"}],"wp:attachment":[{"href":"https:\/\/focotocantinense.com.br\/index.php?rest_route=%2Fwp%2Fv2%2Fmedia&parent=1875"}],"wp:term":[{"taxonomy":"category","embeddable":true,"href":"https:\/\/focotocantinense.com.br\/index.php?rest_route=%2Fwp%2Fv2%2Fcategories&post=1875"},{"taxonomy":"post_tag","embeddable":true,"href":"https:\/\/focotocantinense.com.br\/index.php?rest_route=%2Fwp%2Fv2%2Ftags&post=1875"}],"curies":[{"name":"wp","href":"https:\/\/api.w.org\/{rel}","templated":true}]}}