{"id":1871,"date":"2021-11-13T14:29:36","date_gmt":"2021-11-13T17:29:36","guid":{"rendered":"https:\/\/focotocantinense.com.br\/?p=1871"},"modified":"2021-11-13T14:31:37","modified_gmt":"2021-11-13T17:31:37","slug":"gurupi-63-anos-musica-e-lancamento-do-festival-gastronomico-marcam-noite-de-comemoracoes","status":"publish","type":"post","link":"https:\/\/focotocantinense.com.br\/?p=1871","title":{"rendered":"Gurupi 63 anos: M\u00fasica e lan\u00e7amento do Festival Gastron\u00f4mico marcam noite de comemora\u00e7\u00f5es"},"content":{"rendered":"\n<p>Valorizando os artistas locais e visando proporcionar um momento de lazer \u00e0 comunidade, a Prefeitura de Gurupi, por meio da Secretaria de Cultura e Turismo (Secult), promoveu uma noite regada \u00e0 boa m\u00fasica e descontra\u00e7\u00e3o durante as comemora\u00e7\u00f5es dos 63 anos de emancipa\u00e7\u00e3o pol\u00edtica da cidade.<\/p>\n\n\n\n<p>A noite desta sexta-feira, 12, foi de muita anima\u00e7\u00e3o com as atra\u00e7\u00f5es culturais. V\u00e1rios estilos musicais marcaram a festividade que come\u00e7ou com o agito do Alan dos Teclados, e contou tamb\u00e9m com as apresenta\u00e7\u00f5es dos Amigos do Samba, de M\u00e1rio Souza e Banda e da Banda Xamego Meu. A dan\u00e7a tamb\u00e9m n\u00e3o poderia faltar e a Companhia Street Dance brilhou nesta sexta-feira.<\/p>\n\n\n\n<p>\u201cBuscamos diversificar para este evento, com bandas e m\u00fasicos locais, para a gente poder valorizar cada vez mais estes artistas, que s\u00e3o \u00f3timos artistas e \u00e0s vezes tem pouco espa\u00e7o, principalmente nos eventos p\u00fablicos\u201d, frisou a secret\u00e1ria de Cultura e Turismo, Lady Sakay.<\/p>\n\n\n\n<p>As apresenta\u00e7\u00f5es aconteceram na Pra\u00e7a do Centro de Conven\u00e7\u00f5es Mauro Cunha, onde est\u00e3o instaladas tendas e banheiros qu\u00edmicos. Alguns empres\u00e1rios do ramo aliment\u00edcio e tamb\u00e9m artes\u00e3os aproveitaram o evento para divulgar e comercializar seus produtos. \u201c\u00c9 uma oportunidade que n\u00f3s temos de mostrar o nosso trabalho, para as pessoas irem conhecendo um pouquinho da nossa arte tamb\u00e9m\u201d, comentou a artes\u00e3 Zilanda Wilemen.<\/p>\n\n\n\n<p>A prefeita Josi Nunes acompanhou a noite de festividades e falou sobre a programa\u00e7\u00e3o de anivers\u00e1rio da cidade. \u201cN\u00f3s temos uma programa\u00e7\u00e3o cultural e esportiva, estamos lan\u00e7ando o primeiro Festival Gastron\u00f4mico da nossa cidade, estaremos fazendo inaugura\u00e7\u00f5es de obras e lan\u00e7ando novas obras. E no domingo teremos v\u00e1rias atividades esportivas. Ent\u00e3o tem atividade para todo o p\u00fablico. Venham e participem\u201d, refor\u00e7ou Josi Nunes.<\/p>\n\n\n\n<p><strong>Festival Gastron\u00f4mico<\/strong><\/p>\n\n\n\n<p>Tamb\u00e9m na noite desta sexta-feira, 12, foi assinado o conv\u00eanio entre a Prefeitura e o Sebrae para a realiza\u00e7\u00e3o do 1\u00ba Festival Gastron\u00f4mico de Gurupi. A previs\u00e3o da organiza\u00e7\u00e3o \u00e9 que o evento seja realizado ainda neste ano, nas tr\u00eas primeiras semanas de dezembro, com a participa\u00e7\u00e3o de at\u00e9 60 empresas. Os melhores pratos da culin\u00e1ria gurupiense ser\u00e3o escolhidos por jurados e tamb\u00e9m passar\u00e3o pela avalia\u00e7\u00e3o da comunidade.<\/p>\n\n\n\n<p>\u201cN\u00f3s constatamos que em Gurupi podemos desenvolver o turismo de eventos, o turismo de neg\u00f3cios. E o Festival Gastron\u00f4mico vem a\u00ed para trazer o que Gurupi tem de melhor, muitos sabores e comidas que fazem parte da nossa cultura, fomentando o com\u00e9rcio. Quando a gente valoriza os pequenos neg\u00f3cios da nossa cidade, todos ganham porque o dinheiro circula aqui, por isso \u00e9 importante n\u00f3s fomentarmos o com\u00e9rcio local\u201d, destacou Paula Alencar, gerente regional do Sebrae.<\/p>\n\n\n\n<p><strong>Mais Shows<\/strong><\/p>\n\n\n\n<p>E neste s\u00e1bado tem mais apresenta\u00e7\u00f5es culturais dentro das festividades dos 63 anos da Capital da Amizade. Hoje, quem sobe ao palco para animar o p\u00fablico \u00e9 o cantor Joaquim Lima, a Banda Tri Show e a Banda Skema Brasil. A Companhia Street Dance tamb\u00e9m vai se apresentar nesta noite. Os shows ser\u00e3o realizados na Pra\u00e7a do Centro de Conven\u00e7\u00f5es Mauro Cunha, a partir das 20 horas.<\/p>\n\n\n\n<figure class=\"wp-block-image\"><img decoding=\"async\" src=\"https:\/\/www.n1to.com.br\/img\/cache\/800x400\/80\/crop\/Imagem-a83ab2f9996288e0dde2132685382c55.jpg\" alt=\"\"\/><\/figure>\n\n\n\n<figure class=\"wp-block-image\"><img decoding=\"async\" src=\"http:\/\/n1to.com.br\/img\/uploads\/TIO_BARNABEE_OK_3.jpg\" alt=\"\"\/><\/figure>\n","protected":false},"excerpt":{"rendered":"<p>Valorizando os artistas locais e visando proporcionar um momento de lazer \u00e0 comunidade, a Prefeitura de Gurupi, por meio da Secretaria de Cultura e Turismo (Secult), promoveu uma noite regada \u00e0 boa m\u00fasica e descontra\u00e7\u00e3o durante as comemora\u00e7\u00f5es dos 63 anos de emancipa\u00e7\u00e3o pol\u00edtica da cidade. A noite desta sexta-feira, 12, foi de muita anima\u00e7\u00e3o &hellip;<\/p>\n","protected":false},"author":5,"featured_media":1873,"comment_status":"open","ping_status":"open","sticky":false,"template":"","format":"standard","meta":{"footnotes":""},"categories":[1],"tags":[],"class_list":["post-1871","post","type-post","status-publish","format-standard","has-post-thumbnail","","category-sem-categoria"],"_links":{"self":[{"href":"https:\/\/focotocantinense.com.br\/index.php?rest_route=\/wp\/v2\/posts\/1871","targetHints":{"allow":["GET"]}}],"collection":[{"href":"https:\/\/focotocantinense.com.br\/index.php?rest_route=\/wp\/v2\/posts"}],"about":[{"href":"https:\/\/focotocantinense.com.br\/index.php?rest_route=\/wp\/v2\/types\/post"}],"author":[{"embeddable":true,"href":"https:\/\/focotocantinense.com.br\/index.php?rest_route=\/wp\/v2\/users\/5"}],"replies":[{"embeddable":true,"href":"https:\/\/focotocantinense.com.br\/index.php?rest_route=%2Fwp%2Fv2%2Fcomments&post=1871"}],"version-history":[{"count":1,"href":"https:\/\/focotocantinense.com.br\/index.php?rest_route=\/wp\/v2\/posts\/1871\/revisions"}],"predecessor-version":[{"id":1872,"href":"https:\/\/focotocantinense.com.br\/index.php?rest_route=\/wp\/v2\/posts\/1871\/revisions\/1872"}],"wp:featuredmedia":[{"embeddable":true,"href":"https:\/\/focotocantinense.com.br\/index.php?rest_route=\/wp\/v2\/media\/1873"}],"wp:attachment":[{"href":"https:\/\/focotocantinense.com.br\/index.php?rest_route=%2Fwp%2Fv2%2Fmedia&parent=1871"}],"wp:term":[{"taxonomy":"category","embeddable":true,"href":"https:\/\/focotocantinense.com.br\/index.php?rest_route=%2Fwp%2Fv2%2Fcategories&post=1871"},{"taxonomy":"post_tag","embeddable":true,"href":"https:\/\/focotocantinense.com.br\/index.php?rest_route=%2Fwp%2Fv2%2Ftags&post=1871"}],"curies":[{"name":"wp","href":"https:\/\/api.w.org\/{rel}","templated":true}]}}