{"id":1868,"date":"2021-11-12T20:18:47","date_gmt":"2021-11-12T23:18:47","guid":{"rendered":"http:\/\/focotocantinense.com.br\/?p=1868"},"modified":"2021-11-12T20:20:54","modified_gmt":"2021-11-12T23:20:54","slug":"prefeitura-fortalece-politica-de-atracao-de-empresarios-para-o-parque-agroindustrial-de-gurupi","status":"publish","type":"post","link":"https:\/\/focotocantinense.com.br\/?p=1868","title":{"rendered":"Prefeitura fortalece pol\u00edtica de atra\u00e7\u00e3o de empres\u00e1rios para o Parque Agroindustrial de Gurupi"},"content":{"rendered":"\n<p><br>Como incentivo a novas empresas se estabelecerem em Gurupi, assim gerando mais empregos e renda, a Prefeitura de Gurupi, por meio da Secretaria de Desenvolvimento Econ\u00f4mico e Meio Ambiente, tem adotado a pol\u00edtica de doa\u00e7\u00e3o de \u00e1reas do Parque Agroindustrial de Gurupi (PAIG) a empres\u00e1rios que tem o interesse de montar ou ampliar neg\u00f3cios na cidade.<\/p>\n\n\n\n<p>Nesta semana aconteceu a entrega de lotes a tr\u00eas empres\u00e1rios gurupienses e dois de outros munic\u00edpios.<\/p>\n\n\n\n<p>Conforme a diretora de Ind\u00fastria e Com\u00e9rcio, Daniela Vittorino, quando um empres\u00e1rio manifesta o interesse em se instalar no PAIG, as \u00e1reas s\u00e3o apresentadas, ele pode escolher conforme a sua necessidade, assim \u00e9 feito o Termo de Reserva, que tem validade de 90 dias, podendo ser renovado por mais 90 dias. Neste per\u00edodo, o empres\u00e1rio tem que realizar pelo menos 20% do projeto apresentado. Ap\u00f3s este prazo, o investidor pode ir \u00e0 Procuradoria Jur\u00eddica do Munic\u00edpio para dar entrada no processo de doa\u00e7\u00e3o da \u00e1rea, que \u00e9 feito com uma cl\u00e1usula restritiva, que orienta o empres\u00e1rio a concluir o projeto em 24 meses, isso sendo realizado, acontece ent\u00e3o a doa\u00e7\u00e3o definitiva.<\/p>\n\n\n\n<p>O Secret\u00e1rio Municipal de Desenvolvimento Econ\u00f4mico e Meio Ambiente, Pedro Dias, ressaltou que estas doa\u00e7\u00f5es fazem parte da pol\u00edtica de incentivo \u00e0s empresas que querem se instalar ou ampliar os seus neg\u00f3cios em Gurupi. Segundo ele, o PAIG tem todas as condi\u00e7\u00f5es necess\u00e1rias como terrenos de diferentes tamanhos para atender \u00e0 necessidade das empresas, conforme seu ramo de atividade, tem sistema de comunica\u00e7\u00e3o e ilumina\u00e7\u00e3o. \u201cQueremos melhorar a cada dia, ampliar a pavimenta\u00e7\u00e3o, seguran\u00e7a e queremos, inclusive, aumentar a \u00e1rea para atender mais empres\u00e1rios e assim gerar emprego e renda\u201d, afirmou.<\/p>\n\n\n\n<p>Pedro refor\u00e7a que, dependendo do ramo de atividade da empresa, \u00e9 necess\u00e1ria uma \u00e1rea grande, e isso demanda altos custos, o que, \u00e0s vezes, impossibilita o empres\u00e1rio de estabelecer seu neg\u00f3cio e a Prefeitura, com esta pol\u00edtica de doa\u00e7\u00e3o, colabora muito com o desenvolvimento. \u201c\u00c9 uma pol\u00edtica importante que tem atra\u00eddo muitas empresas\u201d, destaca.<\/p>\n\n\n\n<figure class=\"wp-block-image\"><img decoding=\"async\" src=\"https:\/\/www.n1to.com.br\/img\/cache\/800x400\/80\/crop\/Imagem-5d02bb71173fdaa21e02d9fffda6cd9c.jpg\" alt=\"\"\/><\/figure>\n\n\n\n<figure class=\"wp-block-image\"><img decoding=\"async\" src=\"http:\/\/n1to.com.br\/img\/uploads\/TIO_BARNABEE_OK_2.jpg\" alt=\"\"\/><\/figure>\n","protected":false},"excerpt":{"rendered":"<p>Como incentivo a novas empresas se estabelecerem em Gurupi, assim gerando mais empregos e renda, a Prefeitura de Gurupi, por meio da Secretaria de Desenvolvimento Econ\u00f4mico e Meio Ambiente, tem adotado a pol\u00edtica de doa\u00e7\u00e3o de \u00e1reas do Parque Agroindustrial de Gurupi (PAIG) a empres\u00e1rios que tem o interesse de montar ou ampliar neg\u00f3cios na &hellip;<\/p>\n","protected":false},"author":5,"featured_media":1870,"comment_status":"open","ping_status":"open","sticky":false,"template":"","format":"standard","meta":{"footnotes":""},"categories":[1],"tags":[],"class_list":["post-1868","post","type-post","status-publish","format-standard","has-post-thumbnail","","category-sem-categoria"],"_links":{"self":[{"href":"https:\/\/focotocantinense.com.br\/index.php?rest_route=\/wp\/v2\/posts\/1868","targetHints":{"allow":["GET"]}}],"collection":[{"href":"https:\/\/focotocantinense.com.br\/index.php?rest_route=\/wp\/v2\/posts"}],"about":[{"href":"https:\/\/focotocantinense.com.br\/index.php?rest_route=\/wp\/v2\/types\/post"}],"author":[{"embeddable":true,"href":"https:\/\/focotocantinense.com.br\/index.php?rest_route=\/wp\/v2\/users\/5"}],"replies":[{"embeddable":true,"href":"https:\/\/focotocantinense.com.br\/index.php?rest_route=%2Fwp%2Fv2%2Fcomments&post=1868"}],"version-history":[{"count":1,"href":"https:\/\/focotocantinense.com.br\/index.php?rest_route=\/wp\/v2\/posts\/1868\/revisions"}],"predecessor-version":[{"id":1869,"href":"https:\/\/focotocantinense.com.br\/index.php?rest_route=\/wp\/v2\/posts\/1868\/revisions\/1869"}],"wp:featuredmedia":[{"embeddable":true,"href":"https:\/\/focotocantinense.com.br\/index.php?rest_route=\/wp\/v2\/media\/1870"}],"wp:attachment":[{"href":"https:\/\/focotocantinense.com.br\/index.php?rest_route=%2Fwp%2Fv2%2Fmedia&parent=1868"}],"wp:term":[{"taxonomy":"category","embeddable":true,"href":"https:\/\/focotocantinense.com.br\/index.php?rest_route=%2Fwp%2Fv2%2Fcategories&post=1868"},{"taxonomy":"post_tag","embeddable":true,"href":"https:\/\/focotocantinense.com.br\/index.php?rest_route=%2Fwp%2Fv2%2Ftags&post=1868"}],"curies":[{"name":"wp","href":"https:\/\/api.w.org\/{rel}","templated":true}]}}