{"id":1861,"date":"2021-11-09T20:03:23","date_gmt":"2021-11-09T23:03:23","guid":{"rendered":"http:\/\/focotocantinense.com.br\/?p=1861"},"modified":"2021-11-09T20:09:26","modified_gmt":"2021-11-09T23:09:26","slug":"prefeitura-de-gurupi-divulga-programacao-de-aniversario-de-63-anos-de-emancipacao-politica-da-cidade","status":"publish","type":"post","link":"https:\/\/focotocantinense.com.br\/?p=1861","title":{"rendered":"Prefeitura de Gurupi divulga programa\u00e7\u00e3o de anivers\u00e1rio de 63 anos de emancipa\u00e7\u00e3o pol\u00edtica da cidade"},"content":{"rendered":"\n<p>A Capital da Amizade completa 63 anos no pr\u00f3ximo dia 14 e a Prefeitura de Gurupi preparou uma programa\u00e7\u00e3o especial para celebrar a data. Ser\u00e3o cinco dias de festividades que contar\u00e3o com desfile c\u00edvico, inaugura\u00e7\u00f5es, apresenta\u00e7\u00f5es culturais, competi\u00e7\u00f5es esportivas, entrega de escrituras de regulariza\u00e7\u00e3o fundi\u00e1ria, entre outras atividades.<\/p>\n\n\n\n<p>A programa\u00e7\u00e3o inicia na pr\u00f3xima quarta-feira (10), com a abertura dos Jogos Abertos de Gurupi, nas modalidades Futsal, Voleibol, Handebol, Basquete e truco. Todas estas competi\u00e7\u00f5es ser\u00e3o realizadas no Gin\u00e1sio de Esportes Idanizete de Paula.<\/p>\n\n\n\n<p>Na quinta-feira (11), a programa\u00e7\u00e3o segue com desfile c\u00edvico pelo anivers\u00e1rio de Gurupi, realizado pela Escola Municipal Domingos Barreira de Amorim e o Centro Municipal de Educa\u00e7\u00e3o infantil (CEMEI) Irm\u00e3 Divina, no bairro Jardim dos Buritis.<\/p>\n\n\n\n<p>J\u00e1 na sexta-feira (12), ser\u00e1 realizada a inaugura\u00e7\u00e3o do sistema de ilumina\u00e7\u00e3o do per\u00edmetro urbano da BR-153 em Gurupi. No mesmo dia, ser\u00e1 lan\u00e7ado o Festival Gastron\u00f4mico de Gurupi e assinado o Termo de Conv\u00eanio de apoio ao Com\u00e9rcio, no Centro de Conven\u00e7\u00f5es Mauro Cunha. Apresenta\u00e7\u00f5es culturais fechar\u00e3o o terceiro dia de programa\u00e7\u00e3o no palco externo do Mauro Cunha. &nbsp;<\/p>\n\n\n\n<p>Uma exposi\u00e7\u00e3o de equipamentos e ve\u00edculos adquiridos pela gest\u00e3o municipal em 2021 iniciar\u00e1 a agenda do s\u00e1bado (13), em frente \u00e0 Sede da Prefeitura. Mais uma obra ser\u00e1 inaugurada, desta vez, a sede pr\u00f3pria do Instituto de Previd\u00eancia Social do Munic\u00edpio de Gurupi (Gurupiprev), localizada no Park Fil\u00f3 Moreira. Em seguida, visitas \u00e0s futuras instala\u00e7\u00f5es de obras na cidade com autoridades.<\/p>\n\n\n\n<p>Ainda no s\u00e1bado, no Est\u00e1dio Rezend\u00e3o, ser\u00e3o realizados o Futebol Solid\u00e1rio Master e a Super Copa de Futebol Amador. Entrega de escrituras de regulariza\u00e7\u00e3o fundi\u00e1ria e apresenta\u00e7\u00f5es culturais completam a programa\u00e7\u00e3o do dia.<\/p>\n\n\n\n<p>No domingo (14), dia do anivers\u00e1rio da cidade, destaque para o esporte que tomar\u00e1 conta da agenda com v\u00e1rias atividades. A programa\u00e7\u00e3o ter\u00e1 o Desafio 6.3 com Corrida de 63 km e participa\u00e7\u00e3o do ultramaratonista Alexandre Meassi, da Bahia. O atleta percorrer\u00e1 os quil\u00f4metros equivalentes a idade da cidade com o objetivo de arrecadar alimentos e comemorar o anivers\u00e1rio de Gurupi.<\/p>\n\n\n\n<p>Tamb\u00e9m ser\u00e3o realizadas a Caminhada de 3 km e Corrida de 7 km, com largada do Centro de Conven\u00e7\u00f5es Mauro Cunha, na Avenida Maranh\u00e3o. Nestas atividades, a inscri\u00e7\u00e3o \u00e9 apenas a doa\u00e7\u00e3o de 2 kg de alimento n\u00e3o perec\u00edvel. Os 200 primeiros inscritos receber\u00e3o camisetas. As inscri\u00e7\u00f5es est\u00e3o abertas at\u00e9 s\u00e1bado no site da Universidade de Gurupi \u2013 UnirG (Clique aqui).<\/p>\n\n\n\n<p>Ainda no domingo ser\u00e3o realizadas a exposi\u00e7\u00e3o de carros antigos e exibi\u00e7\u00e3o de manobras de Drift no Parque Mutuca com a equipe DRIFTO Motorsporte Racing Team.<\/p>\n\n\n\n<p>A Final do Campeonato Estadual de Voleibol Masculino, no Gin\u00e1sio de Esportes Idanizete de Paula, tamb\u00e9m far\u00e1 parta da programa\u00e7\u00e3o. Por fim, a Inaugura\u00e7\u00e3o da Quadra Poliesportiva da Unidade de Lazer dos Servidores de Gurupi (UniClube) encerrar\u00e1 as festividades.<\/p>\n\n\n\n<p><strong>PROGRAMA\u00c7\u00c3O COMPLETA<\/strong><\/p>\n\n\n\n<p><strong>10 de novembro (quarta-feira)<\/strong><\/p>\n\n\n\n<p>18h &#8211; Abertura do I JOGOS ABERTOS DE GURUPI<\/p>\n\n\n\n<p>Truco, futsal, voleibol, handebol e basquete \u2013 Final:&nbsp; 05\/12\/21<\/p>\n\n\n\n<p>Local: Gin\u00e1sio de esportes Idanizete de Paula<\/p>\n\n\n\n<p><strong>11 de novembro (Quinta-feira)<\/strong><\/p>\n\n\n\n<p>&#8211; 16h30 \u2013 Desfile C\u00edvico Gurupi 63 Anos<\/p>\n\n\n\n<p>Local: Escola Municipal Domingos Barreira de Amorim, Rua 110 (Jardim dos Buritis)<\/p>\n\n\n\n<p><strong>12 de novembro (Sexta-feira)<\/strong><\/p>\n\n\n\n<p>&#8211; 18h30 &#8211; Inaugura\u00e7\u00e3o do sistema de ilumina\u00e7\u00e3o da BR 153<\/p>\n\n\n\n<p>Local: Trecho do per\u00edmetro urbano da Rodovia BR-153, Trevo Sul.<\/p>\n\n\n\n<p>&#8211; 19h &#8211; Lan\u00e7amento do FESTIVAL GASTRON\u00d4MICO<\/p>\n\n\n\n<p>Local: Centro de Conven\u00e7\u00f5es Mauro Cunha, palco externo.<\/p>\n\n\n\n<p>&#8211; 19h30 \u2013Assinatura do termo de conv\u00eanio de apoio ao com\u00e9rcio<\/p>\n\n\n\n<p>Local: Centro de Conven\u00e7\u00f5es Mauro Cunha<\/p>\n\n\n\n<p>&#8211; 20h as 23h30 \u2013 Apresenta\u00e7\u00f5es culturais:<\/p>\n\n\n\n<p>&#8211; Shows: Alan do Teclados, Amigos do Samba, Banda Chamego Meu e Mario Souza.<\/p>\n\n\n\n<p>&#8211; Apresenta\u00e7\u00e3o de Dan\u00e7a: Companhia Street Dance<\/p>\n\n\n\n<p>Local: Centro de Conven\u00e7\u00f5es Mauro Cunha, palco externo.<\/p>\n\n\n\n<p><strong>13 de novembro (S\u00e1bado)<\/strong><\/p>\n\n\n\n<p>08h &#8211; Exposi\u00e7\u00e3o de equipamentos e ve\u00edculos adquiridos nesta gest\u00e3o<\/p>\n\n\n\n<p>Local: Em frente \u00e0 Prefeitura Municipal, Rua 01.<\/p>\n\n\n\n<p>09h \u2013 Inaugura\u00e7\u00e3o GURUPIPREV<\/p>\n\n\n\n<p>Local: Sede GURUPIPREV, APM 013, rua 02 e 03, Park Filo Moreira.<\/p>\n\n\n\n<p>10h &#8211;&nbsp; Visitas \u00e0s futuras instala\u00e7\u00f5es de obras, com autoridades.<\/p>\n\n\n\n<p>15h &#8211; Visitas \u00e0s futuras instala\u00e7\u00f5es de obras, com autoridades.<\/p>\n\n\n\n<p>16h \u2013 Futebol solid\u00e1rio MASTER<\/p>\n\n\n\n<p>Local: Est\u00e1dio Rezend\u00e3o<\/p>\n\n\n\n<p>17h30 \u2013 Super Copa de Futebol Amador \u2013 Malvinas E.C x Vila Nova F.C<\/p>\n\n\n\n<p>Local: Est\u00e1dio Rezend\u00e3o<\/p>\n\n\n\n<p>19h &#8211; Entrega da documenta\u00e7\u00e3o de regulariza\u00e7\u00e3o<\/p>\n\n\n\n<p>Local: Centro de Conven\u00e7\u00f5es Mauro Cunha, palco externo.<\/p>\n\n\n\n<p>19h as 23h \u2013 Apresenta\u00e7\u00f5es culturais:<\/p>\n\n\n\n<p>&#8211; Shows: Joaquim Lima, Banda Tri Show e Banda Skema Brasil<\/p>\n\n\n\n<p>&#8211; Apresenta\u00e7\u00e3o de Dan\u00e7a: Companhia Street Dance<\/p>\n\n\n\n<p>Local: Centro de Conven\u00e7\u00f5es Mauro Cunha, palco externo.<\/p>\n\n\n\n<p><strong>14 de novembro (Domingo)<\/strong><\/p>\n\n\n\n<p>02h \u2013 Desafio 63Km, A\u00e7ao solid\u00e1ria<\/p>\n\n\n\n<p>Local largada e chegada: Centro Conven\u00e7\u00f5es Mauro Cunha<\/p>\n\n\n\n<p>Largada: 02h \/Chegada: 09h<\/p>\n\n\n\n<p>Participa\u00e7\u00e3o do ultramaratonista Alexandre Meassi<\/p>\n\n\n\n<p>&#8211; 08h as 10h \u2013 Exposi\u00e7\u00e3o de Carros antigos<\/p>\n\n\n\n<p>Local: Parque Mutuca, av. Par\u00e1 com esquina com a av. Beira Rio.<\/p>\n\n\n\n<p>&#8211; 07h \u2013 Caminhada 3Km<\/p>\n\n\n\n<p>Largada e chegada: Centro de Conven\u00e7\u00f5es Mauro Cunha<\/p>\n\n\n\n<p>Local: Av. Maranh\u00e3o<\/p>\n\n\n\n<p>&#8211; 07h30 \u2013 Corrida 7Km<\/p>\n\n\n\n<p>Largada e chegada: Centro de Conven\u00e7\u00f5es Mauro Cunha<\/p>\n\n\n\n<p>Local: Av. Maranh\u00e3o<\/p>\n\n\n\n<p>10h \u2013 DRIFTO Motosports, Equipe DRIFTO motorsporte Racing tean<\/p>\n\n\n\n<p>Local: Parque Mutuca, Par\u00e1 esquina com a av. Beira Rio.<\/p>\n\n\n\n<p>14h \u2013 Final do Campeonato Estadual de Voleibol Masculino \u2013 FTV<\/p>\n\n\n\n<p>Local: Gin\u00e1sio Idonisete de Paula<\/p>\n\n\n\n<p>16h &#8211; Inaugura\u00e7\u00e3o da quadra poliesportiva do UNICLUB<\/p>\n\n\n\n<p>Local: UNICLUB<\/p>\n\n\n\n<figure class=\"wp-block-image\"><img decoding=\"async\" src=\"http:\/\/n1to.com.br\/img\/uploads\/cc_1.jpg\" alt=\"\"\/><\/figure>\n\n\n\n<figure class=\"wp-block-image\"><img decoding=\"async\" src=\"https:\/\/www.n1to.com.br\/img\/cache\/800x400\/80\/crop\/Imagem-75e9692ea59c88b59657901ba0fc25b2.jpg\" alt=\"\"\/><\/figure>\n\n\n\n<figure class=\"wp-block-image\"><img decoding=\"async\" src=\"http:\/\/n1to.com.br\/img\/uploads\/TIO_BARNABEE_OK_1.jpg\" alt=\"\"\/><\/figure>\n","protected":false},"excerpt":{"rendered":"<p>A Capital da Amizade completa 63 anos no pr\u00f3ximo dia 14 e a Prefeitura de Gurupi preparou uma programa\u00e7\u00e3o especial para celebrar a data. Ser\u00e3o cinco dias de festividades que contar\u00e3o com desfile c\u00edvico, inaugura\u00e7\u00f5es, apresenta\u00e7\u00f5es culturais, competi\u00e7\u00f5es esportivas, entrega de escrituras de regulariza\u00e7\u00e3o fundi\u00e1ria, entre outras atividades. A programa\u00e7\u00e3o inicia na pr\u00f3xima quarta-feira (10), &hellip;<\/p>\n","protected":false},"author":5,"featured_media":1862,"comment_status":"open","ping_status":"open","sticky":false,"template":"","format":"standard","meta":{"footnotes":""},"categories":[1],"tags":[],"class_list":["post-1861","post","type-post","status-publish","format-standard","has-post-thumbnail","","category-sem-categoria"],"_links":{"self":[{"href":"https:\/\/focotocantinense.com.br\/index.php?rest_route=\/wp\/v2\/posts\/1861","targetHints":{"allow":["GET"]}}],"collection":[{"href":"https:\/\/focotocantinense.com.br\/index.php?rest_route=\/wp\/v2\/posts"}],"about":[{"href":"https:\/\/focotocantinense.com.br\/index.php?rest_route=\/wp\/v2\/types\/post"}],"author":[{"embeddable":true,"href":"https:\/\/focotocantinense.com.br\/index.php?rest_route=\/wp\/v2\/users\/5"}],"replies":[{"embeddable":true,"href":"https:\/\/focotocantinense.com.br\/index.php?rest_route=%2Fwp%2Fv2%2Fcomments&post=1861"}],"version-history":[{"count":2,"href":"https:\/\/focotocantinense.com.br\/index.php?rest_route=\/wp\/v2\/posts\/1861\/revisions"}],"predecessor-version":[{"id":1864,"href":"https:\/\/focotocantinense.com.br\/index.php?rest_route=\/wp\/v2\/posts\/1861\/revisions\/1864"}],"wp:featuredmedia":[{"embeddable":true,"href":"https:\/\/focotocantinense.com.br\/index.php?rest_route=\/wp\/v2\/media\/1862"}],"wp:attachment":[{"href":"https:\/\/focotocantinense.com.br\/index.php?rest_route=%2Fwp%2Fv2%2Fmedia&parent=1861"}],"wp:term":[{"taxonomy":"category","embeddable":true,"href":"https:\/\/focotocantinense.com.br\/index.php?rest_route=%2Fwp%2Fv2%2Fcategories&post=1861"},{"taxonomy":"post_tag","embeddable":true,"href":"https:\/\/focotocantinense.com.br\/index.php?rest_route=%2Fwp%2Fv2%2Ftags&post=1861"}],"curies":[{"name":"wp","href":"https:\/\/api.w.org\/{rel}","templated":true}]}}