{"id":1858,"date":"2021-11-09T19:59:21","date_gmt":"2021-11-09T22:59:21","guid":{"rendered":"https:\/\/focotocantinense.com.br\/?p=1858"},"modified":"2021-11-09T20:01:01","modified_gmt":"2021-11-09T23:01:01","slug":"governador-wanderlei-barbosa-recebe-prefeitos-do-jalapao-e-confirma-patrulha-mecanizada-exclusiva-para-manutencao-de-estradas-da-regiao","status":"publish","type":"post","link":"https:\/\/focotocantinense.com.br\/?p=1858","title":{"rendered":"Governador Wanderlei Barbosa recebe prefeitos do Jalap\u00e3o e confirma patrulha mecanizada exclusiva para manuten\u00e7\u00e3o de estradas da regi\u00e3o"},"content":{"rendered":"\n<p>O governador em exerc\u00edcio do Estado do Tocantins, Wanderlei Barbosa, recebeu nesta ter\u00e7a-feira, 9, no Pal\u00e1cio Araguaia, representantes das nove cidades que comp\u00f5em o Cons\u00f3rcio dos Munic\u00edpios da Regi\u00e3o do Jalap\u00e3o (Comurja) para tratar de demandas relativas \u00e0 regi\u00e3o. Na ocasi\u00e3o, atendendo \u00e0 antiga reivindica\u00e7\u00e3o dos gestores, o Governador garantiu que j\u00e1 est\u00e1 tomando todas as provid\u00eancias para que o Jalap\u00e3o seja contemplado com uma patrulha mecanizada exclusiva, com o prop\u00f3sito de cuidar da manuten\u00e7\u00e3o das estradas da regi\u00e3o.<\/p>\n\n\n\n<p>\u201c\u00c9 com muita alegria que temos recebido diariamente prefeitos, vereadores, l\u00edderes, representa\u00e7\u00e3o social. Com a regi\u00e3o do Jalap\u00e3o, n\u00e3o seria diferente. Eles reclamam, e com raz\u00e3o, que as estradas n\u00e3o t\u00eam manuten\u00e7\u00e3o permanente, por isso estamos trabalhando para levar uma patrulha mecanizada que vai cuidar exclusivamente daquela regi\u00e3o. Os moradores e os turistas merecem ter estradas de qualidade e seguras para trafegar\u201d, informou o Chefe do Executivo Estadual.<\/p>\n\n\n\n<p>O governador Wanderlei ainda ratificou que o Estado est\u00e1 trabalhando na estrutura\u00e7\u00e3o do Batalh\u00e3o Tur\u00edstico do Tocantins, que vai atuar nas regi\u00f5es tur\u00edsticas, a come\u00e7ar pelo Jalap\u00e3o. \u201cInclusive, j\u00e1 estamos trabalhando na caracteriza\u00e7\u00e3o dos ve\u00edculos que ser\u00e3o utilizados neste Batalh\u00e3o Tur\u00edstico, que vai servir as regi\u00f5es tur\u00edsticas do Estado, come\u00e7ando com esta experi\u00eancia pelo Jalap\u00e3o. Tenho certeza de que ajudar\u00e1 bastante no desenvolvimento da regi\u00e3o\u201d, informou o Governador.<\/p>\n\n\n\n<p>Acompanhado de sete vereadores do seu munic\u00edpio, o prefeito de Mateiros, pastor Jo\u00e3o, que tamb\u00e9m \u00e9 presidente do Comurja, refor\u00e7ou a satisfa\u00e7\u00e3o dos gestores com as respostas positivas \u00e0s demandas apresentadas no encontro. \u201cA gente est\u00e1 muito feliz com o dia de hoje, porque era um sonho do Cons\u00f3rcio ter essa fala com o Governador. Somos muito cobrados na regi\u00e3o e, hoje, trouxemos especialmente a necessidade do Jalap\u00e3o ser contemplado com uma patrulha exclusiva para atuar nas estradas, que precisam de manuten\u00e7\u00e3o cont\u00ednua. Esta demanda j\u00e1 vem de muito tempo. Estamos animados pela recep\u00e7\u00e3o e pela resposta do Governador ao nosso pedido. A gente entende que essa gest\u00e3o quer resolver as situa\u00e7\u00f5es com di\u00e1logo e isto \u00e9 muito bom\u201d, afirmou.<\/p>\n\n\n\n<p>Tamb\u00e9m presente, o deputado estadual Cleiton Cardoso destacou a import\u00e2ncia do atendimento a esta demanda do Jalap\u00e3o. &#8220;\u00c9 importante que o Jalap\u00e3o tenha uma resid\u00eancia da Ageto para deixar os equipamentos sempre \u00e0 disposi\u00e7\u00e3o dos munic\u00edpios. Isso facilita a realiza\u00e7\u00e3o dos servi\u00e7os na regi\u00e3o e creio que ser\u00e1 um avan\u00e7o muito grande&#8221;, afirmou.<\/p>\n\n\n\n<p><strong>Parque do Jalap\u00e3o<\/strong><\/p>\n\n\n\n<p>Prefeitos e vereadores tamb\u00e9m destacaram, ao Governador, a necessidade da revis\u00e3o da forma de distribui\u00e7\u00e3o dos recursos do ICMS ecol\u00f3gico, bem como a de se ampliar o di\u00e1logo e o debate p\u00fablico sobre o projeto de concess\u00e3o do Parque Estadual do Jalap\u00e3o.<\/p>\n\n\n\n<p>Em resposta, o Governador afirmou que todas as demandas apresentadas ser\u00e3o avaliadas pela equipe t\u00e9cnica que buscar\u00e1 solu\u00e7\u00f5es vi\u00e1veis e ratificou que o Estado n\u00e3o far\u00e1 qualquer processo de concess\u00e3o de parques estaduais sem total apoio da popula\u00e7\u00e3o tocantinense, em especial dos moradores do Jalap\u00e3o. \u201cQuanto a isso, todos podem ficar seguros e certos de que este Governo n\u00e3o far\u00e1 qualquer concess\u00e3o se a popula\u00e7\u00e3o n\u00e3o tiver certa e segura de que isso vai ser bom pra ela\u201d, informou o Governador.<\/p>\n\n\n\n<p>Tamb\u00e9m presente \u00e0 reuni\u00e3o, o deputado estadual Valdemar J\u00fanior corroborou a fala do Governador. \u201cUm projeto de concess\u00e3o como este \u00e9 indutor de desenvolvimento, a gente sabe disso. N\u00e3o somos contra a concess\u00e3o, s\u00f3 queremos que a popula\u00e7\u00e3o passe a entender o que vai acontecer e ela mesma contribua e apoie o projeto. Ficamos satisfeitos em saber que o Governador tamb\u00e9m pensa dessa forma\u201d, frisou.<\/p>\n\n\n\n<figure class=\"wp-block-image\"><img decoding=\"async\" src=\"https:\/\/www.n1to.com.br\/img\/cache\/793x353\/80\/crop\/Imagem-34b9a959544e8b02edd8f620f24f11e4.jpg\" alt=\"\"\/><\/figure>\n\n\n\n<p><\/p>\n\n\n\n<figure class=\"wp-block-image\"><img decoding=\"async\" src=\"http:\/\/n1to.com.br\/img\/uploads\/TIO_BARNABEE_OK_1.jpg\" alt=\"\"\/><\/figure>\n","protected":false},"excerpt":{"rendered":"<p>O governador em exerc\u00edcio do Estado do Tocantins, Wanderlei Barbosa, recebeu nesta ter\u00e7a-feira, 9, no Pal\u00e1cio Araguaia, representantes das nove cidades que comp\u00f5em o Cons\u00f3rcio dos Munic\u00edpios da Regi\u00e3o do Jalap\u00e3o (Comurja) para tratar de demandas relativas \u00e0 regi\u00e3o. Na ocasi\u00e3o, atendendo \u00e0 antiga reivindica\u00e7\u00e3o dos gestores, o Governador garantiu que j\u00e1 est\u00e1 tomando todas &hellip;<\/p>\n","protected":false},"author":5,"featured_media":1860,"comment_status":"open","ping_status":"open","sticky":false,"template":"","format":"standard","meta":{"footnotes":""},"categories":[1],"tags":[],"class_list":["post-1858","post","type-post","status-publish","format-standard","has-post-thumbnail","","category-sem-categoria"],"_links":{"self":[{"href":"https:\/\/focotocantinense.com.br\/index.php?rest_route=\/wp\/v2\/posts\/1858","targetHints":{"allow":["GET"]}}],"collection":[{"href":"https:\/\/focotocantinense.com.br\/index.php?rest_route=\/wp\/v2\/posts"}],"about":[{"href":"https:\/\/focotocantinense.com.br\/index.php?rest_route=\/wp\/v2\/types\/post"}],"author":[{"embeddable":true,"href":"https:\/\/focotocantinense.com.br\/index.php?rest_route=\/wp\/v2\/users\/5"}],"replies":[{"embeddable":true,"href":"https:\/\/focotocantinense.com.br\/index.php?rest_route=%2Fwp%2Fv2%2Fcomments&post=1858"}],"version-history":[{"count":1,"href":"https:\/\/focotocantinense.com.br\/index.php?rest_route=\/wp\/v2\/posts\/1858\/revisions"}],"predecessor-version":[{"id":1859,"href":"https:\/\/focotocantinense.com.br\/index.php?rest_route=\/wp\/v2\/posts\/1858\/revisions\/1859"}],"wp:featuredmedia":[{"embeddable":true,"href":"https:\/\/focotocantinense.com.br\/index.php?rest_route=\/wp\/v2\/media\/1860"}],"wp:attachment":[{"href":"https:\/\/focotocantinense.com.br\/index.php?rest_route=%2Fwp%2Fv2%2Fmedia&parent=1858"}],"wp:term":[{"taxonomy":"category","embeddable":true,"href":"https:\/\/focotocantinense.com.br\/index.php?rest_route=%2Fwp%2Fv2%2Fcategories&post=1858"},{"taxonomy":"post_tag","embeddable":true,"href":"https:\/\/focotocantinense.com.br\/index.php?rest_route=%2Fwp%2Fv2%2Ftags&post=1858"}],"curies":[{"name":"wp","href":"https:\/\/api.w.org\/{rel}","templated":true}]}}