{"id":1852,"date":"2021-11-08T21:50:57","date_gmt":"2021-11-09T00:50:57","guid":{"rendered":"http:\/\/focotocantinense.com.br\/?p=1852"},"modified":"2021-11-08T21:54:04","modified_gmt":"2021-11-09T00:54:04","slug":"vereadores-alan-davi-e-nelvi-reivindicam-quadra-poliesportiva-para-o-assentamento-loroty","status":"publish","type":"post","link":"https:\/\/focotocantinense.com.br\/?p=1852","title":{"rendered":"Vereadores Alan, Davi e Nelvi reivindicam quadra poliesportiva para o Assentamento Loroty"},"content":{"rendered":"\n<p><\/p>\n\n\n\n<p><strong>Por Zacarias Martins<\/strong><\/p>\n\n\n\n<p>Em Lagoa da Confus\u00e3o, os vereadores Alan Coelho dos Santos (MDB), Davi Dias Reis (DC) e Nelvi Teixeira Carlos (DEM), s\u00e3o os autores do requerimento aprovado pela C\u00e2mara de Vereadores, onde solicitam provid\u00eancias ao prefeito Thiago Carlos para que seja constru\u00edda uma quadra poliesportiva no Assentamento Loroty.<\/p>\n\n\n\n<p>Os parlamentares argumentam que a popula\u00e7\u00e3o do Assentamento Loroty, infelizmente, n\u00e3o conta com um local apropriado para a pr\u00e1tica do futsal, voleibol, basquete e outras atividades esportivas e de lazer que poderiam ser desenvolvidas numa quadra poliesportiva.<\/p>\n\n\n\n<p>Explicaram, ainda, que se trata de uma justa e oportuna\u00a0 reivindica\u00e7\u00e3o aguardada com muita ansiedade \u00a0por todos os moradores do Assentamento Loroty e que, portanto, acreditam que o \u00a0poder p\u00fablico municipal vai atender essa solicita\u00e7\u00e3o.<\/p>\n\n\n\n<figure class=\"wp-block-gallery columns-1 is-cropped wp-block-gallery-1 is-layout-flex wp-block-gallery-is-layout-flex\"><ul class=\"blocks-gallery-grid\"><li class=\"blocks-gallery-item\"><figure><img loading=\"lazy\" decoding=\"async\" width=\"708\" height=\"506\" src=\"http:\/\/focotocantinense.com.br\/wp-content\/uploads\/2021\/11\/sssss-1.jpg\" alt=\"\" data-id=\"1856\" data-full-url=\"http:\/\/focotocantinense.com.br\/wp-content\/uploads\/2021\/11\/sssss-1.jpg\" data-link=\"http:\/\/focotocantinense.com.br\/2021\/11\/08\/vereadores-alan-davi-e-nelvi-reivindicam-quadra-poliesportiva-para-o-assentamento-loroty\/sssss-1\/\" class=\"wp-image-1856\" srcset=\"https:\/\/focotocantinense.com.br\/wp-content\/uploads\/2021\/11\/sssss-1.jpg 708w, https:\/\/focotocantinense.com.br\/wp-content\/uploads\/2021\/11\/sssss-1-300x214.jpg 300w\" sizes=\"auto, (max-width: 708px) 100vw, 708px\" \/><\/figure><\/li><\/ul><\/figure>\n","protected":false},"excerpt":{"rendered":"<p>Por Zacarias Martins Em Lagoa da Confus\u00e3o, os vereadores Alan Coelho dos Santos (MDB), Davi Dias Reis (DC) e Nelvi Teixeira Carlos (DEM), s\u00e3o os autores do requerimento aprovado pela C\u00e2mara de Vereadores, onde solicitam provid\u00eancias ao prefeito Thiago Carlos para que seja constru\u00edda uma quadra poliesportiva no Assentamento Loroty. Os parlamentares argumentam que a &hellip;<\/p>\n","protected":false},"author":5,"featured_media":1855,"comment_status":"open","ping_status":"open","sticky":false,"template":"","format":"standard","meta":{"footnotes":""},"categories":[1],"tags":[],"class_list":["post-1852","post","type-post","status-publish","format-standard","has-post-thumbnail","","category-sem-categoria"],"_links":{"self":[{"href":"https:\/\/focotocantinense.com.br\/index.php?rest_route=\/wp\/v2\/posts\/1852","targetHints":{"allow":["GET"]}}],"collection":[{"href":"https:\/\/focotocantinense.com.br\/index.php?rest_route=\/wp\/v2\/posts"}],"about":[{"href":"https:\/\/focotocantinense.com.br\/index.php?rest_route=\/wp\/v2\/types\/post"}],"author":[{"embeddable":true,"href":"https:\/\/focotocantinense.com.br\/index.php?rest_route=\/wp\/v2\/users\/5"}],"replies":[{"embeddable":true,"href":"https:\/\/focotocantinense.com.br\/index.php?rest_route=%2Fwp%2Fv2%2Fcomments&post=1852"}],"version-history":[{"count":3,"href":"https:\/\/focotocantinense.com.br\/index.php?rest_route=\/wp\/v2\/posts\/1852\/revisions"}],"predecessor-version":[{"id":1857,"href":"https:\/\/focotocantinense.com.br\/index.php?rest_route=\/wp\/v2\/posts\/1852\/revisions\/1857"}],"wp:featuredmedia":[{"embeddable":true,"href":"https:\/\/focotocantinense.com.br\/index.php?rest_route=\/wp\/v2\/media\/1855"}],"wp:attachment":[{"href":"https:\/\/focotocantinense.com.br\/index.php?rest_route=%2Fwp%2Fv2%2Fmedia&parent=1852"}],"wp:term":[{"taxonomy":"category","embeddable":true,"href":"https:\/\/focotocantinense.com.br\/index.php?rest_route=%2Fwp%2Fv2%2Fcategories&post=1852"},{"taxonomy":"post_tag","embeddable":true,"href":"https:\/\/focotocantinense.com.br\/index.php?rest_route=%2Fwp%2Fv2%2Ftags&post=1852"}],"curies":[{"name":"wp","href":"https:\/\/api.w.org\/{rel}","templated":true}]}}