{"id":1846,"date":"2021-11-06T07:50:48","date_gmt":"2021-11-06T10:50:48","guid":{"rendered":"https:\/\/focotocantinense.com.br\/?p=1846"},"modified":"2021-12-20T19:06:30","modified_gmt":"2021-12-20T22:06:30","slug":"alunos-da-rede-municipal-de-educacao-de-tocantinia-participam-do-projeto-cine-miragem","status":"publish","type":"post","link":"https:\/\/focotocantinense.com.br\/?p=1846","title":{"rendered":"Alunos da rede municipal de educa\u00e7\u00e3o de Tocant\u00ednia participam do Projeto Cine Miragem"},"content":{"rendered":"\n<p><strong>Por Leontina Martins<\/strong><\/p>\n\n\n\n<p>Para comemorar o Dia do Cinema, mais de 75 alunos da rede municipal de Educa\u00e7\u00e3o em Tocant\u00ednia participaram nesta sexta-feira, dia 05 de novembro, do Projeto Cine Miragem, coordenado pelo cineasta tocantinense C\u00e1ssio Cerqueira na cidade de Miracema do Tocantins .<\/p>\n\n\n\n<p>O Projeto Cine Miragem acontece h\u00e1 mais de uma d\u00e9cada e este ano, em raz\u00e3o da pandemia, acontece num \u00fanico local, um cinema instalado na sede da Associa\u00e7\u00e3o Comercial, Industrial e Agropecu\u00e1ria de Miracema do Tocantins (ACIAM).<\/p>\n\n\n\n<p>O Professor Andr\u00e9 Goveia secret\u00e1rio de Educa\u00e7\u00e3o de Tocant\u00ednia, parceiro do projeto Cine Miragem, disse ser esse projeto de grande relev\u00e2ncia para o fortalecimento do processo de ensino e aprendizagem, tendo o cinema como meio para o desenvolvimentos de diversas compet\u00eancias educacionais .<\/p>\n\n\n\n<p>Para a aluna Maria Cec\u00edlia Barbosa de Souza, do quinto ano da Escola Municipal Ant\u00f4nio Benvindo da Luz, a sess\u00e3o de cinema foi um momento muito educativo e legal para as crian\u00e7as da Escola. \u201cFoi um momento incr\u00edvel\u201d, afirmou.<\/p>\n\n\n\n<figure class=\"wp-block-image\"><img decoding=\"async\" src=\"http:\/\/www.kknoticias.com\/wp-content\/uploads\/2021\/11\/CINEMA-2.jpg\" alt=\"\"\/><\/figure>\n\n\n\n<p><\/p>\n","protected":false},"excerpt":{"rendered":"<p>Por Leontina Martins Para comemorar o Dia do Cinema, mais de 75 alunos da rede municipal de Educa\u00e7\u00e3o em Tocant\u00ednia participaram nesta sexta-feira, dia 05 de novembro, do Projeto Cine Miragem, coordenado pelo cineasta tocantinense C\u00e1ssio Cerqueira na cidade de Miracema do Tocantins . O Projeto Cine Miragem acontece h\u00e1 mais de uma d\u00e9cada e &hellip;<\/p>\n","protected":false},"author":5,"featured_media":1850,"comment_status":"open","ping_status":"open","sticky":false,"template":"","format":"standard","meta":{"footnotes":""},"categories":[1],"tags":[],"class_list":["post-1846","post","type-post","status-publish","format-standard","has-post-thumbnail","","category-sem-categoria"],"_links":{"self":[{"href":"https:\/\/focotocantinense.com.br\/index.php?rest_route=\/wp\/v2\/posts\/1846","targetHints":{"allow":["GET"]}}],"collection":[{"href":"https:\/\/focotocantinense.com.br\/index.php?rest_route=\/wp\/v2\/posts"}],"about":[{"href":"https:\/\/focotocantinense.com.br\/index.php?rest_route=\/wp\/v2\/types\/post"}],"author":[{"embeddable":true,"href":"https:\/\/focotocantinense.com.br\/index.php?rest_route=\/wp\/v2\/users\/5"}],"replies":[{"embeddable":true,"href":"https:\/\/focotocantinense.com.br\/index.php?rest_route=%2Fwp%2Fv2%2Fcomments&post=1846"}],"version-history":[{"count":2,"href":"https:\/\/focotocantinense.com.br\/index.php?rest_route=\/wp\/v2\/posts\/1846\/revisions"}],"predecessor-version":[{"id":1849,"href":"https:\/\/focotocantinense.com.br\/index.php?rest_route=\/wp\/v2\/posts\/1846\/revisions\/1849"}],"wp:featuredmedia":[{"embeddable":true,"href":"https:\/\/focotocantinense.com.br\/index.php?rest_route=\/wp\/v2\/media\/1850"}],"wp:attachment":[{"href":"https:\/\/focotocantinense.com.br\/index.php?rest_route=%2Fwp%2Fv2%2Fmedia&parent=1846"}],"wp:term":[{"taxonomy":"category","embeddable":true,"href":"https:\/\/focotocantinense.com.br\/index.php?rest_route=%2Fwp%2Fv2%2Fcategories&post=1846"},{"taxonomy":"post_tag","embeddable":true,"href":"https:\/\/focotocantinense.com.br\/index.php?rest_route=%2Fwp%2Fv2%2Ftags&post=1846"}],"curies":[{"name":"wp","href":"https:\/\/api.w.org\/{rel}","templated":true}]}}