{"id":1844,"date":"2021-11-05T12:34:18","date_gmt":"2021-11-05T15:34:18","guid":{"rendered":"https:\/\/focotocantinense.com.br\/?p=1844"},"modified":"2021-11-06T07:45:50","modified_gmt":"2021-11-06T10:45:50","slug":"antonio-andrade-visita-municipios-do-vale-do-araguaia-levando-a-mensagem-da-importancia-de-um-legislativo-atuante","status":"publish","type":"post","link":"https:\/\/focotocantinense.com.br\/?p=1844","title":{"rendered":"Antonio Andrade visita munic\u00edpios do Vale do Araguaia levando a mensagem da import\u00e2ncia de um legislativo atuante"},"content":{"rendered":"\n<p>O presidente da Assembleia Legislativa do Tocantins (Aleto), deputado Antonio Andrade,&nbsp; cumpriu agenda nesta quarta (03) e quinta-feira (04), na regi\u00e3o do Vale do Araguaia.<\/p>\n\n\n\n<p>Ao passar pelos munic\u00edpios de Dois Irm\u00e3os,&nbsp; Araguacema,&nbsp; Caseara e Marian\u00f3polis, Andrade se reuniu com vereadores, prefeitos e lideran\u00e7as levando a mensagem sobre a import\u00e2ncia do Legislativo na transforma\u00e7\u00e3o da nossa sociedade.<\/p>\n\n\n\n<p>Ele compartilhou cases de sucesso,&nbsp; como o da Escola do Legislativo, que tem oferecido cursos preparat\u00f3rios para vestibular, concursos p\u00fablicos e Enem, al\u00e9m de aul\u00f5es gratuitos para estudantes. Demonstrando assim que \u00e9 poss\u00edvel devolver projetos que v\u00e3o de encontro aos anseios da popula\u00e7\u00e3o.<\/p>\n\n\n\n<p>Buscando atender alguns pedidos dos mun\u00edcipes, o Presidente destinou emendas para aquisi\u00e7\u00e3o de uma ambul\u00e2ncia e para a temporada de praias de 2022 (R$ 100 mil) da cidade de Caseara. O munic\u00edpio de Araguacema tamb\u00e9m foi beneficiado com uma emenda de R$ 100 mil para a temporada de praia do pr\u00f3ximo ano.<\/p>\n\n\n\n<p>\u201cNosso intuito \u00e9 buscar uma integra\u00e7\u00e3o entre os poderes, queremos apoiar os legislativos municipais e os munic\u00edpios na busca de diminuir as dificuldades dos tocantinenses neste momento p\u00f3s-pandemia, fomos eleitos para isso e \u00e9 nossa obriga\u00e7\u00e3o retribuir com trabalho o voto recebido\u201d, pontuou Andrade.<\/p>\n\n\n\n<p>Acompanhou o Deputado, o presidente da Uni\u00e3o de Vereadores do Vale do Araguaia, vereador Clebim, entre outras lideran\u00e7as de diversos munic\u00edpios.<\/p>\n\n\n\n<p><strong>Texto: Rog\u00e9rio Tortola<\/strong><\/p>\n\n\n\n<p><strong>Fotos: Joelma Cristina<\/strong><\/p>\n\n\n\n<figure class=\"wp-block-image\"><img decoding=\"async\" src=\"http:\/\/n1to.com.br\/img\/uploads\/2_TOINHO_1.jpg\" alt=\"\"\/><\/figure>\n","protected":false},"excerpt":{"rendered":"<p>O presidente da Assembleia Legislativa do Tocantins (Aleto), deputado Antonio Andrade,&nbsp; cumpriu agenda nesta quarta (03) e quinta-feira (04), na regi\u00e3o do Vale do Araguaia. Ao passar pelos munic\u00edpios de Dois Irm\u00e3os,&nbsp; Araguacema,&nbsp; Caseara e Marian\u00f3polis, Andrade se reuniu com vereadores, prefeitos e lideran\u00e7as levando a mensagem sobre a import\u00e2ncia do Legislativo na transforma\u00e7\u00e3o da &hellip;<\/p>\n","protected":false},"author":5,"featured_media":1847,"comment_status":"open","ping_status":"open","sticky":false,"template":"","format":"standard","meta":{"footnotes":""},"categories":[1],"tags":[],"class_list":["post-1844","post","type-post","status-publish","format-standard","has-post-thumbnail","","category-sem-categoria"],"_links":{"self":[{"href":"https:\/\/focotocantinense.com.br\/index.php?rest_route=\/wp\/v2\/posts\/1844","targetHints":{"allow":["GET"]}}],"collection":[{"href":"https:\/\/focotocantinense.com.br\/index.php?rest_route=\/wp\/v2\/posts"}],"about":[{"href":"https:\/\/focotocantinense.com.br\/index.php?rest_route=\/wp\/v2\/types\/post"}],"author":[{"embeddable":true,"href":"https:\/\/focotocantinense.com.br\/index.php?rest_route=\/wp\/v2\/users\/5"}],"replies":[{"embeddable":true,"href":"https:\/\/focotocantinense.com.br\/index.php?rest_route=%2Fwp%2Fv2%2Fcomments&post=1844"}],"version-history":[{"count":1,"href":"https:\/\/focotocantinense.com.br\/index.php?rest_route=\/wp\/v2\/posts\/1844\/revisions"}],"predecessor-version":[{"id":1845,"href":"https:\/\/focotocantinense.com.br\/index.php?rest_route=\/wp\/v2\/posts\/1844\/revisions\/1845"}],"wp:featuredmedia":[{"embeddable":true,"href":"https:\/\/focotocantinense.com.br\/index.php?rest_route=\/wp\/v2\/media\/1847"}],"wp:attachment":[{"href":"https:\/\/focotocantinense.com.br\/index.php?rest_route=%2Fwp%2Fv2%2Fmedia&parent=1844"}],"wp:term":[{"taxonomy":"category","embeddable":true,"href":"https:\/\/focotocantinense.com.br\/index.php?rest_route=%2Fwp%2Fv2%2Fcategories&post=1844"},{"taxonomy":"post_tag","embeddable":true,"href":"https:\/\/focotocantinense.com.br\/index.php?rest_route=%2Fwp%2Fv2%2Ftags&post=1844"}],"curies":[{"name":"wp","href":"https:\/\/api.w.org\/{rel}","templated":true}]}}