{"id":1834,"date":"2021-10-26T16:58:55","date_gmt":"2021-10-26T19:58:55","guid":{"rendered":"https:\/\/focotocantinense.com.br\/?p=1834"},"modified":"2021-10-26T17:00:57","modified_gmt":"2021-10-26T20:00:57","slug":"aleto-comemora-dia-do-servidor-com-inauguracao-da-sede-do-sindilegis","status":"publish","type":"post","link":"https:\/\/focotocantinense.com.br\/?p=1834","title":{"rendered":"Aleto comemora Dia do Servidor com inaugura\u00e7\u00e3o da sede do Sindilegis"},"content":{"rendered":"\n<p>A inaugura\u00e7\u00e3o da sede do Sindicato da Assembleia Legislativa (Sindilegis) na manh\u00e3 desta ter\u00e7a-feira, 26, marcou as comemora\u00e7\u00f5es do Dia do Servidor, 28 de outubro. Na ocasi\u00e3o foi inaugurada tamb\u00e9m a capela Nossa Senhora da Paz e festejados os aniversariantes do m\u00eas, entre eles o presidente da Casa, deputado Antonio Andrade (PSL).<\/p>\n\n\n\n<p>Prestigiaram o evento as deputadas Am\u00e1lia Santana e Valderez Castelo Branco, os deputados Nilton Franco e Fabion Gomes, o presidente do Sindilegis, Adilson Domingos, da Associa\u00e7\u00e3o dos Servidores da Assembleia (Asleto), N\u00fabia Fraz\u00e3o, servidores da Casa e convidados.<\/p>\n\n\n\n<p>O presidente do Sindilegis agradeceu ao presidente Antonio Andrade pela sede do Sindicato e parabenizou os servidores da Assembleia Legislativa, \u201cque fizeram do servir uma miss\u00e3o de vida, dedicando o seu dia-a-dia, o seu trabalho, os seus conhecimentos, as suas experi\u00eancias profissionais \u00e0 nobre tarefa de prestar servi\u00e7o \u00e0 sociedade tocantinense\u201d.<\/p>\n\n\n\n<p>J\u00e1 a presidente da Asleto, N\u00fabia Fraz\u00e3o, disse em sua mensagem aos servidores: \u201cvamos continuar trabalhando, nos esfor\u00e7ando para fortalecer todos os poderes. \u00c9 o nosso trabalho que leva o nosso estado, o nosso pa\u00eds sempre \u00e0 frente\u201d.<\/p>\n\n\n\n<p>Em seu discurso o presidente da Casa enalteceu e agradeceu o trabalho de todos os servidores do Legislativo visando a oferecer sempre o melhor de suas compet\u00eancias para a sociedade tocantinense.<\/p>\n\n\n\n<p>A missa em A\u00e7\u00e3o de Gra\u00e7a foi celebrada pelo padre Heldeir Gomes Carneiro, reitor da Igreja Cora\u00e7\u00e3o de Maria, de Porto Nacional.<\/p>\n\n\n\n<figure class=\"wp-block-image\"><img decoding=\"async\" src=\"https:\/\/www.al.to.leg.br\/imagens\/mini\/1130x755\/e173e949644ad7e1bd22ab4c0ec64922.jpeg\" alt=\"O evento aconteceu na manh\u00e3 desta ter\u00e7a-feira, 26\"\/><\/figure>\n","protected":false},"excerpt":{"rendered":"<p>A inaugura\u00e7\u00e3o da sede do Sindicato da Assembleia Legislativa (Sindilegis) na manh\u00e3 desta ter\u00e7a-feira, 26, marcou as comemora\u00e7\u00f5es do Dia do Servidor, 28 de outubro. Na ocasi\u00e3o foi inaugurada tamb\u00e9m a capela Nossa Senhora da Paz e festejados os aniversariantes do m\u00eas, entre eles o presidente da Casa, deputado Antonio Andrade (PSL). Prestigiaram o evento &hellip;<\/p>\n","protected":false},"author":5,"featured_media":1836,"comment_status":"open","ping_status":"open","sticky":false,"template":"","format":"standard","meta":{"footnotes":""},"categories":[1],"tags":[],"class_list":["post-1834","post","type-post","status-publish","format-standard","has-post-thumbnail","","category-sem-categoria"],"_links":{"self":[{"href":"https:\/\/focotocantinense.com.br\/index.php?rest_route=\/wp\/v2\/posts\/1834","targetHints":{"allow":["GET"]}}],"collection":[{"href":"https:\/\/focotocantinense.com.br\/index.php?rest_route=\/wp\/v2\/posts"}],"about":[{"href":"https:\/\/focotocantinense.com.br\/index.php?rest_route=\/wp\/v2\/types\/post"}],"author":[{"embeddable":true,"href":"https:\/\/focotocantinense.com.br\/index.php?rest_route=\/wp\/v2\/users\/5"}],"replies":[{"embeddable":true,"href":"https:\/\/focotocantinense.com.br\/index.php?rest_route=%2Fwp%2Fv2%2Fcomments&post=1834"}],"version-history":[{"count":1,"href":"https:\/\/focotocantinense.com.br\/index.php?rest_route=\/wp\/v2\/posts\/1834\/revisions"}],"predecessor-version":[{"id":1835,"href":"https:\/\/focotocantinense.com.br\/index.php?rest_route=\/wp\/v2\/posts\/1834\/revisions\/1835"}],"wp:featuredmedia":[{"embeddable":true,"href":"https:\/\/focotocantinense.com.br\/index.php?rest_route=\/wp\/v2\/media\/1836"}],"wp:attachment":[{"href":"https:\/\/focotocantinense.com.br\/index.php?rest_route=%2Fwp%2Fv2%2Fmedia&parent=1834"}],"wp:term":[{"taxonomy":"category","embeddable":true,"href":"https:\/\/focotocantinense.com.br\/index.php?rest_route=%2Fwp%2Fv2%2Fcategories&post=1834"},{"taxonomy":"post_tag","embeddable":true,"href":"https:\/\/focotocantinense.com.br\/index.php?rest_route=%2Fwp%2Fv2%2Ftags&post=1834"}],"curies":[{"name":"wp","href":"https:\/\/api.w.org\/{rel}","templated":true}]}}