{"id":1831,"date":"2021-10-26T15:39:55","date_gmt":"2021-10-26T18:39:55","guid":{"rendered":"http:\/\/focotocantinense.com.br\/?p=1831"},"modified":"2021-10-26T15:41:16","modified_gmt":"2021-10-26T18:41:16","slug":"camara-de-vereadores-de-lagoa-da-confusao-derruba-veto-do-prefeito-ao-projeto-de-lei-do-vereador-romivaldo-martins","status":"publish","type":"post","link":"https:\/\/focotocantinense.com.br\/?p=1831","title":{"rendered":"C\u00e2mara de Vereadores de Lagoa da Confus\u00e3o derruba veto do prefeito ao projeto de lei do vereador Romivaldo Martins"},"content":{"rendered":"\n<p>Durante sess\u00e3o realizada na segunda-feira, 25, prefeito de Lagoa da Confus\u00e3o, Thiago Carlos (DEM), sofreu a primeira derrota na C\u00e2mara Municipal de Lagoa da Confus\u00e3o. \u00c9 que os vereadores decidiram derrubar, por unanimidade, o veto integral do prefeito ao Projeto de Lei n\u00ba 006\/2021, de autoria do vereador Romivaldo Jos\u00e9 Martins (SD), que disp\u00f5e sobre a redu\u00e7\u00e3o da carga hor\u00e1ria do servidor p\u00fablico municipal tutor, curador ou respons\u00e1vel por pessoas com defici\u00eancia<\/p>\n\n\n\n<p>O projeto em quest\u00e3o prev\u00ea que ao servidor estatut\u00e1rio, que comprovadamente seja c\u00f4njuge, pai, m\u00e3e, tutor, curador ou respons\u00e1vel pela cria\u00e7\u00e3o, educa\u00e7\u00e3o e prote\u00e7\u00e3o de pessoas com necessidades especiais, ser\u00e1 concedida redu\u00e7\u00e3o da jornada de trabalho por per\u00edodo de at\u00e9 30% (trinta por cento) de sua carga hor\u00e1ria normal cotidiana, sem preju\u00edzo de remunera\u00e7\u00e3o e carreira, enquanto perdurar a depend\u00eancia.<\/p>\n\n\n\n<p>Na justificativa do veto ao Projeto de Lei do vereador Romivaldo, o prefeito alegou que tomou tal medida \u201cpor v\u00edcio insan\u00e1vel de inconstitucionalidade formal por v\u00edcio de iniciativa\u201d, por que se estaria \u201cviolando a separa\u00e7\u00e3o independente dos poderes\u201d.<\/p>\n\n\n\n<p><strong>Contradit\u00f3rio<\/strong><\/p>\n\n\n\n<p>Entretanto, antes de ser aprovado no plen\u00e1rio da C\u00e2mara de Vereadores, as comiss\u00f5es permanentes da casa, ap\u00f3s exaustiva an\u00e1lise do caso, j\u00e1 tinham optado pela constitucionalidade do projeto. Al\u00e9m disso, o vereador Romivaldo Martins buscou apoio na assessoria jur\u00eddica de seu partido, bem como, ouviu outros especialistas na \u00e1rea do Direito, que comprovaram, tamb\u00e9m, que o projeto foi apresentado dentro das normas constitucionais.<\/p>\n\n\n\n<p><br><strong>Seguindo outros exemplos<\/strong><\/p>\n\n\n\n<p>\u201cConstatei, ainda, que v\u00e1rias C\u00e2maras de Vereadores pelo Brasil afora j\u00e1 aprovaram projetos semelhantes, sendo devidamente sancionados pelos prefeitos, bem como, Assembleias Legislativas, pois j\u00e1 existe uma lei federal que trata do tema em quest\u00e3o. Nosso projeto, portanto, visa apenas regulamentar essa lei, que \u00e9 federal, em n\u00edvel municipal\u201d, argumentou o vereador.<\/p>\n\n\n\n<p>O vereador Romivaldo Martins disse ainda que a&nbsp;<a href=\"http:\/\/www.planalto.gov.br\/ccivil_03\/_ato2007-2010\/2009\/decreto\/d6949.htm\">Conven\u00e7\u00e3o Internacional dos Direitos das Pessoas com Defici\u00eancia<\/a>,&nbsp; prescreve que \u201cem todas as a\u00e7\u00f5es relativas \u00e0s crian\u00e7as com defici\u00eancia, o superior interesse da crian\u00e7a receber\u00e1 considera\u00e7\u00e3o primordial\u201d (Art. 7o, 2). O parlamentar ressalta que os princ\u00edpios que regem a Conven\u00e7\u00e3o visam propiciar \u00e0s crian\u00e7as as melhores oportunidades de desenvolvimento. A redu\u00e7\u00e3o de jornada \u00e9 uma adapta\u00e7\u00e3o razo\u00e1vel.<\/p>\n\n\n\n<p><strong>Adequa\u00e7\u00f5es constitucionais<\/strong><\/p>\n\n\n\n<p>\u201c\u00c9 imprescind\u00edvel que a legisla\u00e7\u00e3o se ad\u00e9que \u00e0s normas constitucionais, inclu\u00eddos os termos da Conven\u00e7\u00e3o, e estenda a possibilidade de redu\u00e7\u00e3o da jornada de trabalho a todos os servidores que possuam dependentes com qualquer tipo de defici\u00eancia\u201d , concluiu o vereador.<\/p>\n\n\n\n<figure class=\"wp-block-image\"><img decoding=\"async\" src=\"https:\/\/clebertoledo.com.br\/wp-content\/uploads\/2021\/10\/Romivaldo-Jose-Martins.jpeg\" alt=\"\"\/><\/figure>\n","protected":false},"excerpt":{"rendered":"<p>Durante sess\u00e3o realizada na segunda-feira, 25, prefeito de Lagoa da Confus\u00e3o, Thiago Carlos (DEM), sofreu a primeira derrota na C\u00e2mara Municipal de Lagoa da Confus\u00e3o. \u00c9 que os vereadores decidiram derrubar, por unanimidade, o veto integral do prefeito ao Projeto de Lei n\u00ba 006\/2021, de autoria do vereador Romivaldo Jos\u00e9 Martins (SD), que disp\u00f5e sobre &hellip;<\/p>\n","protected":false},"author":5,"featured_media":1833,"comment_status":"open","ping_status":"open","sticky":false,"template":"","format":"standard","meta":{"footnotes":""},"categories":[1],"tags":[],"class_list":["post-1831","post","type-post","status-publish","format-standard","has-post-thumbnail","","category-sem-categoria"],"_links":{"self":[{"href":"https:\/\/focotocantinense.com.br\/index.php?rest_route=\/wp\/v2\/posts\/1831","targetHints":{"allow":["GET"]}}],"collection":[{"href":"https:\/\/focotocantinense.com.br\/index.php?rest_route=\/wp\/v2\/posts"}],"about":[{"href":"https:\/\/focotocantinense.com.br\/index.php?rest_route=\/wp\/v2\/types\/post"}],"author":[{"embeddable":true,"href":"https:\/\/focotocantinense.com.br\/index.php?rest_route=\/wp\/v2\/users\/5"}],"replies":[{"embeddable":true,"href":"https:\/\/focotocantinense.com.br\/index.php?rest_route=%2Fwp%2Fv2%2Fcomments&post=1831"}],"version-history":[{"count":1,"href":"https:\/\/focotocantinense.com.br\/index.php?rest_route=\/wp\/v2\/posts\/1831\/revisions"}],"predecessor-version":[{"id":1832,"href":"https:\/\/focotocantinense.com.br\/index.php?rest_route=\/wp\/v2\/posts\/1831\/revisions\/1832"}],"wp:featuredmedia":[{"embeddable":true,"href":"https:\/\/focotocantinense.com.br\/index.php?rest_route=\/wp\/v2\/media\/1833"}],"wp:attachment":[{"href":"https:\/\/focotocantinense.com.br\/index.php?rest_route=%2Fwp%2Fv2%2Fmedia&parent=1831"}],"wp:term":[{"taxonomy":"category","embeddable":true,"href":"https:\/\/focotocantinense.com.br\/index.php?rest_route=%2Fwp%2Fv2%2Fcategories&post=1831"},{"taxonomy":"post_tag","embeddable":true,"href":"https:\/\/focotocantinense.com.br\/index.php?rest_route=%2Fwp%2Fv2%2Ftags&post=1831"}],"curies":[{"name":"wp","href":"https:\/\/api.w.org\/{rel}","templated":true}]}}