{"id":1825,"date":"2021-10-23T16:37:44","date_gmt":"2021-10-23T19:37:44","guid":{"rendered":"https:\/\/focotocantinense.com.br\/?p=1825"},"modified":"2021-10-23T16:57:23","modified_gmt":"2021-10-23T19:57:23","slug":"professores-da-rede-municipal-de-tocantinia-comemoram-novas-conquistas","status":"publish","type":"post","link":"https:\/\/focotocantinense.com.br\/?p=1825","title":{"rendered":"Professores da rede municipal de Tocant\u00ednia comemoram novas conquistas"},"content":{"rendered":"\n<p><em><strong>Por Zacarias Martins<\/strong><\/em><\/p>\n\n\n\n<p>A Prefeitura de Tocant\u00ednia, por meio da Secretaria Municipal de Educa\u00e7\u00e3o (Semed), realizou na sexta-feira (22), uma animada confraterniza\u00e7\u00e3o em homenagem aos profissionais da Rede Municipal de Educa\u00e7\u00e3o.<\/p>\n\n\n\n<p>Na oportunidade, o prefeito Manoel Silvino (SD) recebeu uma Mo\u00e7\u00e3o de Aplausos da C\u00e2mara Municipal de Tocant\u00ednia, &nbsp;e que foi entregue&nbsp; pelo vereador Afonso Tavares (PSC), presidente do Legislativo Municipal, &nbsp;&nbsp;em reconhecimento ao&nbsp; relevante trabalho que vem desenvolvendo ao longo de seus mandatos, culminando com a conquista de v\u00e1rios benef\u00edcios&nbsp; para a popula\u00e7\u00e3o.<\/p>\n\n\n\n<p>Nessa noite festiva, o&nbsp; prefeito Manoel Silvino tamb\u00e9m&nbsp; recebeu uma outra&nbsp; homenagem, desta feita, pelo secret\u00e1rio de Educa\u00e7\u00e3o, Andr\u00e9 Goveia, em nome de todos os seus colegas professores,&nbsp; pela gest\u00e3o eficiente, por ser um homem p\u00fablico que sempre olhou para a educa\u00e7\u00e3o municipal de forma carinhosa e comprometida, sobretudo para a figura do professor tocantiniense.<\/p>\n\n\n\n<p><strong>Valoriza\u00e7\u00e3o da educa\u00e7\u00e3o<\/strong><\/p>\n\n\n\n<p>Ao&nbsp; agradecer pelas homenagens recebidas, o prefeito Manoel Silvino disse que os &nbsp;professores s\u00e3o os principais personagens na melhoria da educa\u00e7\u00e3o, e destacou que no munic\u00edpio j\u00e1 houve muitos avan\u00e7os como a frota do transporte escolar, constru\u00e7\u00e3o de escolas, concursos p\u00fablicos e a Plano Cargos&nbsp; Carreira e Remunera\u00e7\u00e3o que \u00e9 cumprido, uma vez que, todos os professores t\u00eam seus direitos garantias com progress\u00e3o em dia e os que estavam em est\u00e1gio probat\u00f3rio a homologa\u00e7\u00e3o de sua estabilidade, respeitando sempre o que manda a legisla\u00e7\u00e3o.<\/p>\n\n\n\n<p><strong>Abono salarial<\/strong><\/p>\n\n\n\n<p>Manoel Silvino tamb\u00e9m aproveitou para anunciar &nbsp;que na pr\u00f3xima folha de pagamento ser\u00e1 pago um abono salarial aos profissionais da educa\u00e7\u00e3o, para que sejam reconhecidos pelo que fizeram durante esse per\u00edodo de pandemia.<\/p>\n\n\n\n<p>\u201cAl\u00e9m do abono salarial, est\u00e1 sendo estudado o pagamento de um abono natalino, para que os servidores se sintam motivados a desenvolverem com excel\u00eancia seu trabalho. Agrade\u00e7o imensamente \u00a0pelo comprometimento de nossos\u00a0 professor para com a\u00a0 educa\u00e7\u00e3o municipal. Gest\u00e3o p\u00fablica se faz com compromisso e dedica\u00e7\u00e3o&#8221;, finalizou o prefeito.<\/p>\n\n\n\n<figure class=\"wp-block-image\"><img decoding=\"async\" src=\"http:\/\/n1to.com.br\/img\/uploads\/toca_2.jpg\" alt=\"\"\/><\/figure>\n\n\n\n<p><strong>Prefeito Manoel Silvino foi homenageado pelo trabalho de valoriza\u00e7\u00e3o da educa\u00e7\u00e3o municipal.<\/strong><\/p>\n\n\n\n<figure class=\"wp-block-image\"><img decoding=\"async\" src=\"http:\/\/n1to.com.br\/img\/uploads\/toca_12.jpg\" alt=\"\"\/><\/figure>\n\n\n\n<figure class=\"wp-block-image\"><img decoding=\"async\" src=\"http:\/\/n1to.com.br\/img\/uploads\/toca_3.jpg\" alt=\"\"\/><\/figure>\n\n\n\n<figure class=\"wp-block-image\"><img decoding=\"async\" src=\"http:\/\/n1to.com.br\/img\/uploads\/toca_10.jpg\" alt=\"\"\/><\/figure>\n\n\n\n<figure class=\"wp-block-image\"><img decoding=\"async\" src=\"http:\/\/n1to.com.br\/img\/uploads\/toca_4.jpg\" alt=\"\"\/><\/figure>\n\n\n\n<figure class=\"wp-block-image\"><img decoding=\"async\" src=\"http:\/\/n1to.com.br\/img\/uploads\/toca_9.jpg\" alt=\"\"\/><\/figure>\n\n\n\n<figure class=\"wp-block-image\"><img decoding=\"async\" src=\"http:\/\/n1to.com.br\/img\/uploads\/toca_8_1.jpg\" alt=\"\"\/><\/figure>\n\n\n\n<figure class=\"wp-block-image\"><img decoding=\"async\" src=\"http:\/\/n1to.com.br\/img\/uploads\/toca_7.jpg\" alt=\"\"\/><\/figure>\n\n\n\n<figure class=\"wp-block-image\"><img decoding=\"async\" src=\"http:\/\/n1to.com.br\/img\/uploads\/toca_6.jpg\" alt=\"\"\/><\/figure>\n\n\n\n<figure class=\"wp-block-image\"><img decoding=\"async\" src=\"http:\/\/n1to.com.br\/img\/uploads\/toca_5.jpg\" alt=\"\"\/><\/figure>\n\n\n\n<figure class=\"wp-block-image\"><img decoding=\"async\" src=\"http:\/\/n1to.com.br\/img\/uploads\/TOC_13.jpg\" alt=\"\"\/><\/figure>\n\n\n\n<figure class=\"wp-block-image\"><img decoding=\"async\" src=\"http:\/\/n1to.com.br\/img\/uploads\/TOC_14.jpg\" alt=\"\"\/><\/figure>\n\n\n\n<figure class=\"wp-block-image\"><img decoding=\"async\" src=\"https:\/\/www.n1to.com.br\/img\/cache\/800x400\/80\/crop\/Imagem-1f5767b0186d1224c19838faf37f714e.jpg\" alt=\"\"\/><\/figure>\n","protected":false},"excerpt":{"rendered":"<p>Por Zacarias Martins A Prefeitura de Tocant\u00ednia, por meio da Secretaria Municipal de Educa\u00e7\u00e3o (Semed), realizou na sexta-feira (22), uma animada confraterniza\u00e7\u00e3o em homenagem aos profissionais da Rede Municipal de Educa\u00e7\u00e3o. Na oportunidade, o prefeito Manoel Silvino (SD) recebeu uma Mo\u00e7\u00e3o de Aplausos da C\u00e2mara Municipal de Tocant\u00ednia, &nbsp;e que foi entregue&nbsp; pelo vereador Afonso &hellip;<\/p>\n","protected":false},"author":5,"featured_media":1827,"comment_status":"open","ping_status":"open","sticky":false,"template":"","format":"standard","meta":{"footnotes":""},"categories":[1],"tags":[],"class_list":["post-1825","post","type-post","status-publish","format-standard","has-post-thumbnail","","category-sem-categoria"],"_links":{"self":[{"href":"https:\/\/focotocantinense.com.br\/index.php?rest_route=\/wp\/v2\/posts\/1825","targetHints":{"allow":["GET"]}}],"collection":[{"href":"https:\/\/focotocantinense.com.br\/index.php?rest_route=\/wp\/v2\/posts"}],"about":[{"href":"https:\/\/focotocantinense.com.br\/index.php?rest_route=\/wp\/v2\/types\/post"}],"author":[{"embeddable":true,"href":"https:\/\/focotocantinense.com.br\/index.php?rest_route=\/wp\/v2\/users\/5"}],"replies":[{"embeddable":true,"href":"https:\/\/focotocantinense.com.br\/index.php?rest_route=%2Fwp%2Fv2%2Fcomments&post=1825"}],"version-history":[{"count":3,"href":"https:\/\/focotocantinense.com.br\/index.php?rest_route=\/wp\/v2\/posts\/1825\/revisions"}],"predecessor-version":[{"id":1830,"href":"https:\/\/focotocantinense.com.br\/index.php?rest_route=\/wp\/v2\/posts\/1825\/revisions\/1830"}],"wp:featuredmedia":[{"embeddable":true,"href":"https:\/\/focotocantinense.com.br\/index.php?rest_route=\/wp\/v2\/media\/1827"}],"wp:attachment":[{"href":"https:\/\/focotocantinense.com.br\/index.php?rest_route=%2Fwp%2Fv2%2Fmedia&parent=1825"}],"wp:term":[{"taxonomy":"category","embeddable":true,"href":"https:\/\/focotocantinense.com.br\/index.php?rest_route=%2Fwp%2Fv2%2Fcategories&post=1825"},{"taxonomy":"post_tag","embeddable":true,"href":"https:\/\/focotocantinense.com.br\/index.php?rest_route=%2Fwp%2Fv2%2Ftags&post=1825"}],"curies":[{"name":"wp","href":"https:\/\/api.w.org\/{rel}","templated":true}]}}