{"id":1817,"date":"2021-10-21T16:27:17","date_gmt":"2021-10-21T19:27:17","guid":{"rendered":"https:\/\/focotocantinense.com.br\/?p=1817"},"modified":"2021-10-21T16:28:25","modified_gmt":"2021-10-21T19:28:25","slug":"com-espetaculo-o-cabra-que-matou-as-cabras-cia-de-teatro-nu-no-escuro-chega-a-gurupi-por-meio-do-projeto-de-circulacao-online","status":"publish","type":"post","link":"https:\/\/focotocantinense.com.br\/?p=1817","title":{"rendered":"Com espet\u00e1culo \u201c O Cabra que matou as cabras\u201d, Cia de Teatro Nu no escuro chega \u00e0 Gurupi por meio do Projeto de Circula\u00e7\u00e3o Online"},"content":{"rendered":"\n<p><em>No dia 30 de outubro o canal&nbsp; do Grupo Motir\u00f5 de Teatro recebe o espet\u00e1culo de teatro da companhia goiana Nu Escuro, uma transmiss\u00e3o online seguida de um bate-papo entre realizadoras e realizadores das duas companhias.<\/em><\/p>\n\n\n\n<p>Com 25 anos de estrada, a companhia goiana Nu Escuro, chega a Gurupi de maneira virtual, estreando no pr\u00f3ximo dia 30 de outubro o seu mais recente projeto,&nbsp;<em>De Dentro do Centro<\/em>, uma experi\u00eancia de circula\u00e7\u00e3o online de espet\u00e1culos teatrais. Em parceria com o grupo gurupiense, o projeto estreia com o espet\u00e1culo&nbsp;<em>Plural,&nbsp;<\/em>uma montagem dirigida por Izabela Nascente, que ser\u00e1 seguida de um bate-papo ao vivo onde a diretora e a atriz Adriana Brito, da Nu Escuro, recebem Fernando Fran\u00e7a, do Grupo Motir\u00f5.<\/p>\n\n\n\n<p>O espet\u00e1culo&nbsp;<em>\u201cO Cabra que Matou as cabras\u201d&nbsp;<\/em>traz um advogado vigarista, que sobrevive dando pequenos golpes em seus clientes, se v\u00ea envolvido em um caso de assassinatos de cabras e bodes. Uma trama cheia de trai\u00e7\u00f5es, trapa\u00e7as e reviravoltas, onde uma esposa maliciosa engana seu marido advogado que engana um comerciante ganancioso que engana seu empregado que engana um juiz que quer enganar todo mundo.<\/p>\n\n\n\n<p>Uma com\u00e9dia visceral que lida com as rela\u00e7\u00f5es de poder e hierarquia impl\u00edcitas no cotidiano das pessoas e tr\u00e1s o riso como for\u00e7a reveladora e de liberta\u00e7\u00e3o, um riso festivo que n\u00e3o forja dogmas nem \u00e9 autorit\u00e1rio, que exorciza os nossos medos e a nossas angustias.<\/p>\n\n\n\n<p>O texto do espet\u00e1culo \u00e9 uma livre adapta\u00e7\u00e3o da pe\u00e7a medieval francesa A Farsa do Advogado Pathelin, de autor desconhecido, mesclado com textos de cord\u00e9is nordestinos, esquetes de picadeiro, f\u00e1bulas medievais, ditos populares e v\u00e1rios elementos da cultura popular brasileira. Produzindo, assim, um texto original, inquieto e \u00e1gil, contendo bastante versatilidade e surpresas.<\/p>\n\n\n\n<p>A encena\u00e7\u00e3o tamb\u00e9m busca essa pluralidade, trabalhando com diversas linguagens, como o teatro de bonecos, circo e m\u00fasicas cantadas e tocadas ao vivo. Elementos que ajudam a construir um universo de encantamento regido somente pelas leis do teatro e do carnaval.<\/p>\n\n\n\n<p>Os atores na constru\u00e7\u00e3o dos personagens partiram de imagens de corpos em transforma\u00e7\u00e3o, de uma metamorfose ainda incompleta, trabalhando com membros corporais atrofiados ou exagerados, produzindo imagens de corpos grotescos. Essa vis\u00e3o de corpo, al\u00e9m de toda est\u00e9tica da montagem, tenta negar a vis\u00e3o dos c\u00e2nones modernos de um modo preestabelecido, ideal e acabado da vida cotidiana, do mundo.<\/p>\n\n\n\n<p>O que o espet\u00e1culo anseia \u00e9 um car\u00e1ter regenerador, transcendente, renovador. Um f\u00f4lego de vida marcado pela ambival\u00eancia entre o antigo e o novo, o que morre e o que nasce, o principio e o fim dos rituais.<\/p>\n\n\n\n<p><strong>Um novo jeito de fazer teatro<\/strong><\/p>\n\n\n\n<p>Desde o in\u00edcio da pandemia a Cia de Teatro Nu Escuro vem se aventurando no exerc\u00edcio de reinventar os processos de cria\u00e7\u00e3o, montagem e circula\u00e7\u00e3o de espet\u00e1culos. \u201cAcabamos de concluir uma jornada de cria\u00e7\u00e3o e produ\u00e7\u00e3o muito intensa com o nosso mais novo espet\u00e1culo,&nbsp;<em>Barbas<\/em>, que foi uma imers\u00e3o nessa linguagem de webs\u00e9rie, e agora come\u00e7amos esta nova experi\u00eancia de circula\u00e7\u00e3o online\u201d, comentou o produtor da Nu Escuro L\u00e1zaro Tuim.<\/p>\n\n\n\n<p>O projeto&nbsp;<em>Dentro do Centro<\/em>&nbsp;\u00e9 uma realiza\u00e7\u00e3o atrav\u00e9s do Fundo de Arte e Cultura do Estado de Goi\u00e1s, que levar\u00e1 uma programa\u00e7\u00e3o gratuita com 13 transmiss\u00f5es de espet\u00e1culos, al\u00e9m de 4 oficinas. O projeto estreio em Presidente Prudente (SP) e segue para Palmas (TO), Gurupi (TO), Campo Grande (MS), Itaja\u00ed (SC), Alagoinhas (BA) e Salvador (BA). Al\u00e9m de&nbsp;<em>Plural<\/em>, a Nu Escuro apresentar\u00e1 sua mais nova montagem,&nbsp;<em>Barbas,&nbsp;<\/em>al\u00e9m dos espet\u00e1culos<em>&nbsp;O cabra que matou as cabras<\/em>&nbsp;e&nbsp;<em>Gato Negro.<\/em><\/p>\n\n\n\n<p><strong>Sobre a Cia Nu Escuro<\/strong><\/p>\n\n\n\n<p>A Cia de Teatro Nu Escuro \u00e9 um grupo de atores-encenadores que trabalha coletivamente, de forma horizontal desde 1996, tendo montado 16 espet\u00e1culos e realizado in\u00fameras oficinas de forma\u00e7\u00e3o profissional e de p\u00fablico em diversos estados brasileiros e tamb\u00e9m no exterior, consolidando-se como uma das principais companhias de teatro do Centro-Oeste.<\/p>\n\n\n\n<p>O trabalho cont\u00ednuo, a trajet\u00f3ria de pesquisas, os investimentos em novas linguagens e a cumplicidade com o p\u00fablico vem rendendo importantes frutos como a Caravana Funarte (2004); Pr\u00eamio Agepel de Teatro (2005 e 06); Destaque Cultural do Ano (2005) e Medalha de M\u00e9rito Cultural (2010) pelo Conselho Estadual de Cultura de Goi\u00e1s; Procultura\/ Minist\u00e9rio da Cultura (2010); Pr\u00eamio Funarte Myriam Muniz (2006, 10 e 11); Pr\u00eamio Artes C\u00eanicas na Rua (2009, 11, 12 e 13); Palco Girat\u00f3rio\/ Sesc (2015), patroc\u00ednio Petrobras entre os anos 2013 \u00e0 2016 e Pr\u00e9mio Juriti, pelo Conselho Municipal de Cultura de Goi\u00e2nia (2019).<\/p>\n\n\n\n<figure class=\"wp-block-image\"><img decoding=\"async\" src=\"http:\/\/n1to.com.br\/img\/uploads\/2_TEATRO_2.jpg\" alt=\"\"\/><\/figure>\n","protected":false},"excerpt":{"rendered":"<p>No dia 30 de outubro o canal&nbsp; do Grupo Motir\u00f5 de Teatro recebe o espet\u00e1culo de teatro da companhia goiana Nu Escuro, uma transmiss\u00e3o online seguida de um bate-papo entre realizadoras e realizadores das duas companhias. Com 25 anos de estrada, a companhia goiana Nu Escuro, chega a Gurupi de maneira virtual, estreando no pr\u00f3ximo &hellip;<\/p>\n","protected":false},"author":5,"featured_media":1819,"comment_status":"open","ping_status":"open","sticky":false,"template":"","format":"standard","meta":{"footnotes":""},"categories":[1],"tags":[],"class_list":["post-1817","post","type-post","status-publish","format-standard","has-post-thumbnail","","category-sem-categoria"],"_links":{"self":[{"href":"https:\/\/focotocantinense.com.br\/index.php?rest_route=\/wp\/v2\/posts\/1817","targetHints":{"allow":["GET"]}}],"collection":[{"href":"https:\/\/focotocantinense.com.br\/index.php?rest_route=\/wp\/v2\/posts"}],"about":[{"href":"https:\/\/focotocantinense.com.br\/index.php?rest_route=\/wp\/v2\/types\/post"}],"author":[{"embeddable":true,"href":"https:\/\/focotocantinense.com.br\/index.php?rest_route=\/wp\/v2\/users\/5"}],"replies":[{"embeddable":true,"href":"https:\/\/focotocantinense.com.br\/index.php?rest_route=%2Fwp%2Fv2%2Fcomments&post=1817"}],"version-history":[{"count":1,"href":"https:\/\/focotocantinense.com.br\/index.php?rest_route=\/wp\/v2\/posts\/1817\/revisions"}],"predecessor-version":[{"id":1818,"href":"https:\/\/focotocantinense.com.br\/index.php?rest_route=\/wp\/v2\/posts\/1817\/revisions\/1818"}],"wp:featuredmedia":[{"embeddable":true,"href":"https:\/\/focotocantinense.com.br\/index.php?rest_route=\/wp\/v2\/media\/1819"}],"wp:attachment":[{"href":"https:\/\/focotocantinense.com.br\/index.php?rest_route=%2Fwp%2Fv2%2Fmedia&parent=1817"}],"wp:term":[{"taxonomy":"category","embeddable":true,"href":"https:\/\/focotocantinense.com.br\/index.php?rest_route=%2Fwp%2Fv2%2Fcategories&post=1817"},{"taxonomy":"post_tag","embeddable":true,"href":"https:\/\/focotocantinense.com.br\/index.php?rest_route=%2Fwp%2Fv2%2Ftags&post=1817"}],"curies":[{"name":"wp","href":"https:\/\/api.w.org\/{rel}","templated":true}]}}