{"id":1813,"date":"2021-10-21T12:58:39","date_gmt":"2021-10-21T15:58:39","guid":{"rendered":"https:\/\/focotocantinense.com.br\/?p=1813"},"modified":"2021-10-21T12:59:41","modified_gmt":"2021-10-21T15:59:41","slug":"presidente-da-aleto-abre-capacitacao-de-vereadores-em-divinopolis","status":"publish","type":"post","link":"https:\/\/focotocantinense.com.br\/?p=1813","title":{"rendered":"Presidente da Aleto abre capacita\u00e7\u00e3o de vereadores em Divin\u00f3polis"},"content":{"rendered":"\n<p>O presidente da Assembleia Legislativa do Tocantins (Aleto), deputado Antonio Andrade (Uni\u00e3o Brasil), proferiu na manh\u00e3 desta quarta-feira, 20, palestra de abertura da 1\u00aa Capacita\u00e7\u00e3o dos Vereadores do Vale do Araguaia e Regi\u00e3o, abordando o tema &#8220;A Relev\u00e2ncia do Legislativo para a Sociedade&#8221;.<\/p>\n\n\n\n<p>Uma realiza\u00e7\u00e3o da Escola do Legislativo em parceria com a Uni\u00e3o dos Vereadores do Vale do Araguaia do Estado do Tocantins (UVVAET), a prefeitura e a C\u00e2mara de Vereadores de Divin\u00f3polis, o evento tem como objetivo o desenvolvimento cont\u00ednuo dos vereadores.<\/p>\n\n\n\n<p>Em sua exposi\u00e7\u00e3o, Andrade disse que, num momento dif\u00edcil para o pa\u00eds e, em consequ\u00eancia, aos Estados e munic\u00edpios, \u00e9 preciso haver parceria entre os poderes a fim de diminuir o sofrimento da pessoa que est\u00e1 na ponta. &#8220;Parceria n\u00e3o \u00e9 submiss\u00e3o&#8221;, afirmou.<\/p>\n\n\n\n<p>O deputado tamb\u00e9m revelou seu orgulho por ter sido vereador. &#8220;\u00c9 uma satisfa\u00e7\u00e3o estar aqui hoje. N\u00e3o existe melhor escola. Todo mundo tem uma miss\u00e3o. Tenho orgulho de ter sa\u00eddo de uma c\u00e2mara municipal, eleger-me deputado por quatro vezes e presidente da Assembleia Legislativa por duas, a \u00faltima delas por unanimidade dos meus pares&#8221;, salientou Antonio Andrade.<\/p>\n\n\n\n<p>Ao discorrer sobre o papel do Legislativo para a sociedade, o presidente citou como exemplo a abertura da Escola do Legislativo, com a oferta de cursinhos preparat\u00f3rios&nbsp;para vestibular, concurso p\u00fablico e prova do Enem. &#8220;Antes da pandemia, atendemos cerca de 1200 alunos na Escola do Legislativo, oferecendo os melhores professores de Palmas. Aproximadamente 150 alunos foram aprovados nos concursos que fizeram, inclusive uma aluna no rec\u00e9m-criado curso de Medicina em Augustin\u00f3polis, realizando o sonho de muitas pessoas&#8221;, explicou.<\/p>\n\n\n\n<p>Outro exemplo citado foi a inclus\u00e3o, pelos deputados estaduais, da obrigatoriedade de que cinquenta por cento das vagas da Faculdade de Medicina&nbsp;de Augustin\u00f3polis seriam disponibilizadas para tocantinenses oriundos de escola p\u00fablica, no projeto de lei do Executivo que criou o curso.<\/p>\n\n\n\n<p>&#8220;Pretendemos agora, com a retomada das atividades no p\u00f3s-pandemia, firmar parceria com a Assembleia Legislativa para estender a todas as c\u00e2maras municipais os cursinhos da Escola do Legislativo, ampliando oportunidades a jovens de todo o Estado, pois sabemos que os vereadores trabalham muito, sempre lado a lado com a comunidade. Mas \u00e9 uma miss\u00e3o gratificante e que nos orgulha muito&#8221;, encerrou.<\/p>\n\n\n\n<p>Al\u00e9m do presidente da Aleto, compuseram a mesa de honra do evento os deputados Nilton Franco (MDB) e Cl\u00e1udia L\u00e9lis (PV); o&nbsp;presidente da UVVAET, Cleber Pinto Cavalcante; o presidente da C\u00e2mara Municipal de Divin\u00f3polis, Valdivan Alves da Silva; o presidente da Uni\u00e3o de Vereadores do Brasil, Gilson Gonzatti;&nbsp;o prefeito de Divin\u00f3polis, Fl\u00e1vio Rodrigues da Silva; e o prefeito de Marian\u00f3polis, Isa\u00edas Piagem, presidente do Cons\u00f3rcio de Munic\u00edpios do Vale do Araguaia. Vereadores e prefeitos s\u00e3o parceiros na iniciativa.<\/p>\n\n\n\n<p>Tamb\u00e9m prestigiaram o evento Janadi Valcari, presidente da C\u00e2mara de Vereadores de Palmas; Homero Barreto J\u00fanior, diretor da Escola do Legislativo; prefeitos, vice-prefeitos, vereadores e lideran\u00e7as da regi\u00e3o.<\/p>\n\n\n\n<figure class=\"wp-block-image\"><img decoding=\"async\" src=\"https:\/\/www.n1to.com.br\/img\/cache\/800x400\/80\/crop\/Imagem-b2b78dafba294b0e51e03b955706e15b.jpg\" alt=\"\"\/><\/figure>\n","protected":false},"excerpt":{"rendered":"<p>O presidente da Assembleia Legislativa do Tocantins (Aleto), deputado Antonio Andrade (Uni\u00e3o Brasil), proferiu na manh\u00e3 desta quarta-feira, 20, palestra de abertura da 1\u00aa Capacita\u00e7\u00e3o dos Vereadores do Vale do Araguaia e Regi\u00e3o, abordando o tema &#8220;A Relev\u00e2ncia do Legislativo para a Sociedade&#8221;. Uma realiza\u00e7\u00e3o da Escola do Legislativo em parceria com a Uni\u00e3o dos &hellip;<\/p>\n","protected":false},"author":5,"featured_media":1815,"comment_status":"open","ping_status":"open","sticky":false,"template":"","format":"standard","meta":{"footnotes":""},"categories":[1],"tags":[],"class_list":["post-1813","post","type-post","status-publish","format-standard","has-post-thumbnail","","category-sem-categoria"],"_links":{"self":[{"href":"https:\/\/focotocantinense.com.br\/index.php?rest_route=\/wp\/v2\/posts\/1813","targetHints":{"allow":["GET"]}}],"collection":[{"href":"https:\/\/focotocantinense.com.br\/index.php?rest_route=\/wp\/v2\/posts"}],"about":[{"href":"https:\/\/focotocantinense.com.br\/index.php?rest_route=\/wp\/v2\/types\/post"}],"author":[{"embeddable":true,"href":"https:\/\/focotocantinense.com.br\/index.php?rest_route=\/wp\/v2\/users\/5"}],"replies":[{"embeddable":true,"href":"https:\/\/focotocantinense.com.br\/index.php?rest_route=%2Fwp%2Fv2%2Fcomments&post=1813"}],"version-history":[{"count":1,"href":"https:\/\/focotocantinense.com.br\/index.php?rest_route=\/wp\/v2\/posts\/1813\/revisions"}],"predecessor-version":[{"id":1814,"href":"https:\/\/focotocantinense.com.br\/index.php?rest_route=\/wp\/v2\/posts\/1813\/revisions\/1814"}],"wp:featuredmedia":[{"embeddable":true,"href":"https:\/\/focotocantinense.com.br\/index.php?rest_route=\/wp\/v2\/media\/1815"}],"wp:attachment":[{"href":"https:\/\/focotocantinense.com.br\/index.php?rest_route=%2Fwp%2Fv2%2Fmedia&parent=1813"}],"wp:term":[{"taxonomy":"category","embeddable":true,"href":"https:\/\/focotocantinense.com.br\/index.php?rest_route=%2Fwp%2Fv2%2Fcategories&post=1813"},{"taxonomy":"post_tag","embeddable":true,"href":"https:\/\/focotocantinense.com.br\/index.php?rest_route=%2Fwp%2Fv2%2Ftags&post=1813"}],"curies":[{"name":"wp","href":"https:\/\/api.w.org\/{rel}","templated":true}]}}