{"id":1810,"date":"2021-10-19T16:48:00","date_gmt":"2021-10-19T19:48:00","guid":{"rendered":"https:\/\/focotocantinense.com.br\/?p=1810"},"modified":"2021-10-19T16:49:25","modified_gmt":"2021-10-19T19:49:25","slug":"escola-municipal-de-educacao-infantil-em-tocantinia-volta-as-aulas-no-sistema-hibrido","status":"publish","type":"post","link":"https:\/\/focotocantinense.com.br\/?p=1810","title":{"rendered":"Escola municipal de educa\u00e7\u00e3o infantil em Tocant\u00ednia volta \u00e0s aulas no sistema h\u00edbrido"},"content":{"rendered":"\n<p><strong>Por Leontina Martins<\/strong><\/p>\n\n\n\n<p>A Escola Municipal de Educa\u00e7\u00e3o Infantil Tereza Hil\u00e1rio Ribeiro, em Tocant\u00ednia, iniciou na segunda-feira (18), as aulas no sistema h\u00edbrido.<\/p>\n\n\n\n<p>O secret\u00e1rio de educa\u00e7\u00e3o do munic\u00edpio, Andr\u00e9&nbsp; Goveia, &nbsp;informou&nbsp; que est\u00e3o sendo &nbsp;colocados em pr\u00e1tica&nbsp; todos os protocolos sanit\u00e1rios recomendados pelos \u00f3rg\u00e3os de sa\u00fade.<\/p>\n\n\n\n<p>O pr\u00f3prio secret\u00e1rio de Educa\u00e7\u00e3o fez quest\u00e3o de recepcionar, de forma calorosa, &nbsp;&nbsp;os alunos,&nbsp;&nbsp; juntamente&nbsp; com os professores e demais servidores da unidade escolar.<\/p>\n\n\n\n<p>&#8220;Discutimos a melhor forma de fazer o retorno da maneira mais segura. Uma das mudan\u00e7as refere-se ao distanciamento social nas salas de aula, que ser\u00e1 abolido. Atualmente, vale a regra de um metro de dist\u00e2ncia. O uso das m\u00e1scaras e \u00e1lcool em gel continua mantido&#8221;, destacou o secret\u00e1rio Andr\u00e9 Goveia.<\/p>\n\n\n\n<figure class=\"wp-block-image\"><img decoding=\"async\" src=\"http:\/\/n1to.com.br\/img\/uploads\/2_VOLTA_AS_AULAS_TOCANTINIA.jpg\" alt=\"\"\/><\/figure>\n\n\n\n<figure class=\"wp-block-image\"><img decoding=\"async\" src=\"http:\/\/n1to.com.br\/img\/uploads\/3_VOLTA_AS_AULAS_TOCANTINIA.jpg\" alt=\"\"\/><\/figure>\n","protected":false},"excerpt":{"rendered":"<p>Por Leontina Martins A Escola Municipal de Educa\u00e7\u00e3o Infantil Tereza Hil\u00e1rio Ribeiro, em Tocant\u00ednia, iniciou na segunda-feira (18), as aulas no sistema h\u00edbrido. O secret\u00e1rio de educa\u00e7\u00e3o do munic\u00edpio, Andr\u00e9&nbsp; Goveia, &nbsp;informou&nbsp; que est\u00e3o sendo &nbsp;colocados em pr\u00e1tica&nbsp; todos os protocolos sanit\u00e1rios recomendados pelos \u00f3rg\u00e3os de sa\u00fade. O pr\u00f3prio secret\u00e1rio de Educa\u00e7\u00e3o fez quest\u00e3o de &hellip;<\/p>\n","protected":false},"author":5,"featured_media":1812,"comment_status":"open","ping_status":"open","sticky":false,"template":"","format":"standard","meta":{"footnotes":""},"categories":[1],"tags":[],"class_list":["post-1810","post","type-post","status-publish","format-standard","has-post-thumbnail","","category-sem-categoria"],"_links":{"self":[{"href":"https:\/\/focotocantinense.com.br\/index.php?rest_route=\/wp\/v2\/posts\/1810","targetHints":{"allow":["GET"]}}],"collection":[{"href":"https:\/\/focotocantinense.com.br\/index.php?rest_route=\/wp\/v2\/posts"}],"about":[{"href":"https:\/\/focotocantinense.com.br\/index.php?rest_route=\/wp\/v2\/types\/post"}],"author":[{"embeddable":true,"href":"https:\/\/focotocantinense.com.br\/index.php?rest_route=\/wp\/v2\/users\/5"}],"replies":[{"embeddable":true,"href":"https:\/\/focotocantinense.com.br\/index.php?rest_route=%2Fwp%2Fv2%2Fcomments&post=1810"}],"version-history":[{"count":1,"href":"https:\/\/focotocantinense.com.br\/index.php?rest_route=\/wp\/v2\/posts\/1810\/revisions"}],"predecessor-version":[{"id":1811,"href":"https:\/\/focotocantinense.com.br\/index.php?rest_route=\/wp\/v2\/posts\/1810\/revisions\/1811"}],"wp:featuredmedia":[{"embeddable":true,"href":"https:\/\/focotocantinense.com.br\/index.php?rest_route=\/wp\/v2\/media\/1812"}],"wp:attachment":[{"href":"https:\/\/focotocantinense.com.br\/index.php?rest_route=%2Fwp%2Fv2%2Fmedia&parent=1810"}],"wp:term":[{"taxonomy":"category","embeddable":true,"href":"https:\/\/focotocantinense.com.br\/index.php?rest_route=%2Fwp%2Fv2%2Fcategories&post=1810"},{"taxonomy":"post_tag","embeddable":true,"href":"https:\/\/focotocantinense.com.br\/index.php?rest_route=%2Fwp%2Fv2%2Ftags&post=1810"}],"curies":[{"name":"wp","href":"https:\/\/api.w.org\/{rel}","templated":true}]}}