{"id":1807,"date":"2021-10-15T20:38:51","date_gmt":"2021-10-15T23:38:51","guid":{"rendered":"https:\/\/focotocantinense.com.br\/?p=1807"},"modified":"2021-10-15T20:40:33","modified_gmt":"2021-10-15T23:40:33","slug":"com-apoio-do-sebrae-prefeitura-disponibiliza-o-projeto-forca-mulher-em-tocantinia","status":"publish","type":"post","link":"https:\/\/focotocantinense.com.br\/?p=1807","title":{"rendered":"Com apoio do Sebrae, prefeitura disponibiliza o projeto For\u00e7a Mulher em Tocant\u00ednia"},"content":{"rendered":"\n<p><em><strong>Por Zacarias Martins<\/strong><\/em><\/p>\n\n\n\n<p>A Prefeitura &nbsp;de Tocant\u00ednia, por meio da&nbsp; Secretaria Municipal de Assist\u00eancia Social, atrav\u00e9s do CRAS (Centro de Refer\u00eancia da Assist\u00eancia Social), &nbsp;est\u00e1 com uma &nbsp;parceria com o SEBRAE Tocantins, que trouxe \u00e0 cidade o&nbsp;&nbsp;<em>Projeto&nbsp;For\u00e7a&nbsp;Mulher.<\/em><\/p>\n\n\n\n<p>A secret\u00e1ria de Assist\u00eancia Social de Tocant\u00ednia, Ana Paula Ribeiro,&nbsp; explica que o&nbsp; principal objetivo desse projeto \u00e9 promover a inclus\u00e3o produtiva de mulheres em estado de vulnerabilidade nosso munic\u00edpio, por meio do empreendedorismo, contribuindo, assim, &nbsp;para a conquista do trabalho como oportunidade de resgate da dignidade e gera\u00e7\u00e3o de emprego e renda.<\/p>\n\n\n\n<p>\u201cSeguindo determina\u00e7\u00e3o do prefeito Manoel Silvino, estamos buscando o fortalecer do empreendedorismo em Tocant\u00ednia, criando mecanismos que possibilitem o fomento da gera\u00e7\u00e3o de novas oportunidades&nbsp;&nbsp; de emprego e renda\u201d, informou a secret\u00e1ria.<\/p>\n\n\n\n<p>Em Tocant\u00ednia, o &nbsp;projeto For\u00e7a Mulher est\u00e1 trabalhando na &nbsp;inclus\u00e3o produtiva de mulheres benefici\u00e1rias do Programa Bolsa Fam\u00edlia. Dez mulheres est\u00e3o fazendo o curso&nbsp;<em>\u201cLucre com o Sabor &#8211; P\u00e3es, Pizzas e Cupcake&#8217;s<\/em>\u201d, sob a coordena\u00e7\u00e3o da &nbsp;instrutora Maria Luiza Moraes Martins Freitas.<\/p>\n\n\n\n<figure class=\"wp-block-image\"><img decoding=\"async\" src=\"http:\/\/n1to.com.br\/img\/uploads\/2_TOCANTININIA_OK.jpg\" alt=\"\"\/><\/figure>\n","protected":false},"excerpt":{"rendered":"<p>Por Zacarias Martins A Prefeitura &nbsp;de Tocant\u00ednia, por meio da&nbsp; Secretaria Municipal de Assist\u00eancia Social, atrav\u00e9s do CRAS (Centro de Refer\u00eancia da Assist\u00eancia Social), &nbsp;est\u00e1 com uma &nbsp;parceria com o SEBRAE Tocantins, que trouxe \u00e0 cidade o&nbsp;&nbsp;Projeto&nbsp;For\u00e7a&nbsp;Mulher. A secret\u00e1ria de Assist\u00eancia Social de Tocant\u00ednia, Ana Paula Ribeiro,&nbsp; explica que o&nbsp; principal objetivo desse projeto \u00e9 &hellip;<\/p>\n","protected":false},"author":5,"featured_media":1809,"comment_status":"open","ping_status":"open","sticky":false,"template":"","format":"standard","meta":{"footnotes":""},"categories":[1],"tags":[],"class_list":["post-1807","post","type-post","status-publish","format-standard","has-post-thumbnail","","category-sem-categoria"],"_links":{"self":[{"href":"https:\/\/focotocantinense.com.br\/index.php?rest_route=\/wp\/v2\/posts\/1807","targetHints":{"allow":["GET"]}}],"collection":[{"href":"https:\/\/focotocantinense.com.br\/index.php?rest_route=\/wp\/v2\/posts"}],"about":[{"href":"https:\/\/focotocantinense.com.br\/index.php?rest_route=\/wp\/v2\/types\/post"}],"author":[{"embeddable":true,"href":"https:\/\/focotocantinense.com.br\/index.php?rest_route=\/wp\/v2\/users\/5"}],"replies":[{"embeddable":true,"href":"https:\/\/focotocantinense.com.br\/index.php?rest_route=%2Fwp%2Fv2%2Fcomments&post=1807"}],"version-history":[{"count":1,"href":"https:\/\/focotocantinense.com.br\/index.php?rest_route=\/wp\/v2\/posts\/1807\/revisions"}],"predecessor-version":[{"id":1808,"href":"https:\/\/focotocantinense.com.br\/index.php?rest_route=\/wp\/v2\/posts\/1807\/revisions\/1808"}],"wp:featuredmedia":[{"embeddable":true,"href":"https:\/\/focotocantinense.com.br\/index.php?rest_route=\/wp\/v2\/media\/1809"}],"wp:attachment":[{"href":"https:\/\/focotocantinense.com.br\/index.php?rest_route=%2Fwp%2Fv2%2Fmedia&parent=1807"}],"wp:term":[{"taxonomy":"category","embeddable":true,"href":"https:\/\/focotocantinense.com.br\/index.php?rest_route=%2Fwp%2Fv2%2Fcategories&post=1807"},{"taxonomy":"post_tag","embeddable":true,"href":"https:\/\/focotocantinense.com.br\/index.php?rest_route=%2Fwp%2Fv2%2Ftags&post=1807"}],"curies":[{"name":"wp","href":"https:\/\/api.w.org\/{rel}","templated":true}]}}