{"id":1802,"date":"2021-10-12T17:46:58","date_gmt":"2021-10-12T20:46:58","guid":{"rendered":"https:\/\/focotocantinense.com.br\/?p=1802"},"modified":"2021-10-12T17:53:00","modified_gmt":"2021-10-12T20:53:00","slug":"vereadores-di-bitom-e-welice-distribuem-brinquedos-as-criancas-das-aldeias-santa-isabel-e-fontoura","status":"publish","type":"post","link":"https:\/\/focotocantinense.com.br\/?p=1802","title":{"rendered":"Vereadores Di, Bitom e W\u00e9lice distribuem brinquedos \u00e0s crian\u00e7as das aldeias Santa Isabel e Fontoura"},"content":{"rendered":"\n<p>Parlamentares atuantes na C\u00e2mara Municipal de Lagoa da Confus\u00e3o, o vereador Denito Pereira de Carvalho \u2013 o popular Bitom (PP), W\u00e9lice Cardoso Costa (Solidariedade) e o presidente da Casa, Luiz Edvaldo Coelho dos Santos \u2013 Vereador Di (PTB), estiveram nesta ter\u00e7a-feira (12), nas aldeias ind\u00edgenas de Santa Isabel do Morro e Fontoura, na Ilha do Bananal, levando muita alegria para a gurizada por conta do Dia das Crian\u00e7as.<\/p>\n\n\n\n<p>Os vereadores levaram brinquedos que foram distribu\u00eddos para as crian\u00e7as dessas duas aldeias. Na oportunidade, fizeram quest\u00e3o de agradecer o imprescind\u00edvel apoio do presidente da Assembleia legislativa do Estado do Tocantins, deputado Antonio Andrade (PSL), que viabilizou a aquisi\u00e7\u00e3o dos brinquedos.&nbsp;<em><strong>(Zacarias Martins)<\/strong><\/em><\/p>\n\n\n\n<figure class=\"wp-block-image\"><img decoding=\"async\" src=\"http:\/\/n1to.com.br\/img\/uploads\/GENTE_5.jpg\" alt=\"\"\/><\/figure>\n\n\n\n<figure class=\"wp-block-image\"><img decoding=\"async\" src=\"http:\/\/n1to.com.br\/img\/uploads\/FUTEBOL.jpg\" alt=\"\"\/><\/figure>\n\n\n\n<figure class=\"wp-block-image\"><img decoding=\"async\" src=\"http:\/\/n1to.com.br\/img\/uploads\/GENTE_1.jpg\" alt=\"\"\/><\/figure>\n\n\n\n<figure class=\"wp-block-image\"><img decoding=\"async\" src=\"http:\/\/n1to.com.br\/img\/uploads\/GENTE_3.jpg\" alt=\"\"\/><\/figure>\n\n\n\n<figure class=\"wp-block-image\"><img decoding=\"async\" src=\"http:\/\/n1to.com.br\/img\/uploads\/GENTE_4.jpg\" alt=\"\"\/><\/figure>\n\n\n\n<figure class=\"wp-block-image\"><img decoding=\"async\" src=\"http:\/\/n1to.com.br\/img\/uploads\/GENTE_2.jpg\" alt=\"\"\/><\/figure>\n","protected":false},"excerpt":{"rendered":"<p>Parlamentares atuantes na C\u00e2mara Municipal de Lagoa da Confus\u00e3o, o vereador Denito Pereira de Carvalho \u2013 o popular Bitom (PP), W\u00e9lice Cardoso Costa (Solidariedade) e o presidente da Casa, Luiz Edvaldo Coelho dos Santos \u2013 Vereador Di (PTB), estiveram nesta ter\u00e7a-feira (12), nas aldeias ind\u00edgenas de Santa Isabel do Morro e Fontoura, na Ilha do &hellip;<\/p>\n","protected":false},"author":5,"featured_media":1804,"comment_status":"open","ping_status":"open","sticky":false,"template":"","format":"standard","meta":{"footnotes":""},"categories":[1],"tags":[],"class_list":["post-1802","post","type-post","status-publish","format-standard","has-post-thumbnail","","category-sem-categoria"],"_links":{"self":[{"href":"https:\/\/focotocantinense.com.br\/index.php?rest_route=\/wp\/v2\/posts\/1802","targetHints":{"allow":["GET"]}}],"collection":[{"href":"https:\/\/focotocantinense.com.br\/index.php?rest_route=\/wp\/v2\/posts"}],"about":[{"href":"https:\/\/focotocantinense.com.br\/index.php?rest_route=\/wp\/v2\/types\/post"}],"author":[{"embeddable":true,"href":"https:\/\/focotocantinense.com.br\/index.php?rest_route=\/wp\/v2\/users\/5"}],"replies":[{"embeddable":true,"href":"https:\/\/focotocantinense.com.br\/index.php?rest_route=%2Fwp%2Fv2%2Fcomments&post=1802"}],"version-history":[{"count":2,"href":"https:\/\/focotocantinense.com.br\/index.php?rest_route=\/wp\/v2\/posts\/1802\/revisions"}],"predecessor-version":[{"id":1806,"href":"https:\/\/focotocantinense.com.br\/index.php?rest_route=\/wp\/v2\/posts\/1802\/revisions\/1806"}],"wp:featuredmedia":[{"embeddable":true,"href":"https:\/\/focotocantinense.com.br\/index.php?rest_route=\/wp\/v2\/media\/1804"}],"wp:attachment":[{"href":"https:\/\/focotocantinense.com.br\/index.php?rest_route=%2Fwp%2Fv2%2Fmedia&parent=1802"}],"wp:term":[{"taxonomy":"category","embeddable":true,"href":"https:\/\/focotocantinense.com.br\/index.php?rest_route=%2Fwp%2Fv2%2Fcategories&post=1802"},{"taxonomy":"post_tag","embeddable":true,"href":"https:\/\/focotocantinense.com.br\/index.php?rest_route=%2Fwp%2Fv2%2Ftags&post=1802"}],"curies":[{"name":"wp","href":"https:\/\/api.w.org\/{rel}","templated":true}]}}