{"id":1795,"date":"2021-10-07T17:30:36","date_gmt":"2021-10-07T20:30:36","guid":{"rendered":"https:\/\/focotocantinense.com.br\/?p=1795"},"modified":"2021-10-07T17:31:44","modified_gmt":"2021-10-07T20:31:44","slug":"apos-22-meses-de-luta-hospital-dom-orione-tem-poucos-pacientes-internados-com-covid-19","status":"publish","type":"post","link":"https:\/\/focotocantinense.com.br\/?p=1795","title":{"rendered":"Ap\u00f3s 22 meses de luta, Hospital Dom Orione tem poucos pacientes internados com Covid-19"},"content":{"rendered":"\n<p><strong>Por Rodrigo Martins&nbsp;<\/strong><\/p>\n\n\n\n<p>O&nbsp;Hospital Dom Orione, em Aragua\u00edna\/TO, \u00e9 umas das principais unidades de combate \u00e0 Covid-19 no Tocantins. Desde o in\u00edcio da pandemia, a institui\u00e7\u00e3o adotou uma s\u00e9rie de medidas para contribuir com a sa\u00fade p\u00fablica na regi\u00e3o, dentre elas a cria\u00e7\u00e3o de leitos cl\u00ednicos e de UTI exclusivos para pacientes com coronav\u00edrus. Ap\u00f3s um per\u00edodo conturbado, na data de hoje 07\/10, a unidade tem apenas 06 seis pacientes internados.<\/p>\n\n\n\n<p>Para o diretor presidente do Hospital Dom Orione, Padre Bruno Rodrigues, a redu\u00e7\u00e3o do n\u00famero de interna\u00e7\u00f5es \u00e9 um motivo para comemorar. \u201cFoi quase um ano e meio de muita luta, aprendizado e readequa\u00e7\u00f5es, mas finalmente estamos vencendo esta batalha\u201d, destacou. O diretor ressalta que apesar da diminui\u00e7\u00e3o das interna\u00e7\u00f5es, os cuidados preventivos devem continuar, como a vacina\u00e7\u00e3o, o uso de m\u00e1scaras e a higieniza\u00e7\u00e3o constante das m\u00e3os.<\/p>\n\n\n\n<p>Desde o in\u00edcio da pandemia, o Hospital Dom Orione j\u00e1 atendeu mais de 15 mil pacientes com a Covid-19 de mais de 120 cidades do Tocantins e outros estados. Para atender a demanda, foram contratados mais de 400 profissionais, entre m\u00e9dicos, enfermeiros, t\u00e9cnicos de Enfermagem, fisioterapeutas, entre outros. Al\u00e9m do atendimento particular, a unidade atende pacientes do Sistema \u00danico de Sa\u00fade (SUS).<\/p>\n\n\n\n<p>Para chegar a este resultado, o Hospital Dom Orione passou por muitas mudan\u00e7as. Dentre as principais medidas adotadas para o combate da Covid-19, destacam-se a implanta\u00e7\u00e3o de novos protocolos de atendimento, treinamentos para m\u00e9dicos e colaboradores, aquisi\u00e7\u00e3o de equipamentos e m\u00f3veis hospitalares para diagn\u00f3stico e tratamento da doen\u00e7a e incentivo das medidas de seguran\u00e7a para todos que transitam no hospital.<\/p>\n\n\n\n<figure class=\"wp-block-image\"><img decoding=\"async\" src=\"http:\/\/n1to.com.br\/img\/uploads\/bbbb_8.jpg\" alt=\"\"\/><\/figure>\n\n\n\n<figure class=\"wp-block-image\"><img decoding=\"async\" src=\"https:\/\/www.n1to.com.br\/img\/cache\/800x400\/80\/crop\/Imagem-04c14961c96aef01bce4ab5d21bfebcf.jpg\" alt=\"\"\/><\/figure>\n\n\n\n<p><\/p>\n","protected":false},"excerpt":{"rendered":"<p>Por Rodrigo Martins&nbsp; O&nbsp;Hospital Dom Orione, em Aragua\u00edna\/TO, \u00e9 umas das principais unidades de combate \u00e0 Covid-19 no Tocantins. Desde o in\u00edcio da pandemia, a institui\u00e7\u00e3o adotou uma s\u00e9rie de medidas para contribuir com a sa\u00fade p\u00fablica na regi\u00e3o, dentre elas a cria\u00e7\u00e3o de leitos cl\u00ednicos e de UTI exclusivos para pacientes com coronav\u00edrus. Ap\u00f3s &hellip;<\/p>\n","protected":false},"author":5,"featured_media":1797,"comment_status":"open","ping_status":"open","sticky":false,"template":"","format":"standard","meta":{"footnotes":""},"categories":[1],"tags":[],"class_list":["post-1795","post","type-post","status-publish","format-standard","has-post-thumbnail","","category-sem-categoria"],"_links":{"self":[{"href":"https:\/\/focotocantinense.com.br\/index.php?rest_route=\/wp\/v2\/posts\/1795","targetHints":{"allow":["GET"]}}],"collection":[{"href":"https:\/\/focotocantinense.com.br\/index.php?rest_route=\/wp\/v2\/posts"}],"about":[{"href":"https:\/\/focotocantinense.com.br\/index.php?rest_route=\/wp\/v2\/types\/post"}],"author":[{"embeddable":true,"href":"https:\/\/focotocantinense.com.br\/index.php?rest_route=\/wp\/v2\/users\/5"}],"replies":[{"embeddable":true,"href":"https:\/\/focotocantinense.com.br\/index.php?rest_route=%2Fwp%2Fv2%2Fcomments&post=1795"}],"version-history":[{"count":1,"href":"https:\/\/focotocantinense.com.br\/index.php?rest_route=\/wp\/v2\/posts\/1795\/revisions"}],"predecessor-version":[{"id":1796,"href":"https:\/\/focotocantinense.com.br\/index.php?rest_route=\/wp\/v2\/posts\/1795\/revisions\/1796"}],"wp:featuredmedia":[{"embeddable":true,"href":"https:\/\/focotocantinense.com.br\/index.php?rest_route=\/wp\/v2\/media\/1797"}],"wp:attachment":[{"href":"https:\/\/focotocantinense.com.br\/index.php?rest_route=%2Fwp%2Fv2%2Fmedia&parent=1795"}],"wp:term":[{"taxonomy":"category","embeddable":true,"href":"https:\/\/focotocantinense.com.br\/index.php?rest_route=%2Fwp%2Fv2%2Fcategories&post=1795"},{"taxonomy":"post_tag","embeddable":true,"href":"https:\/\/focotocantinense.com.br\/index.php?rest_route=%2Fwp%2Fv2%2Ftags&post=1795"}],"curies":[{"name":"wp","href":"https:\/\/api.w.org\/{rel}","templated":true}]}}