{"id":1791,"date":"2021-10-05T17:12:38","date_gmt":"2021-10-05T20:12:38","guid":{"rendered":"https:\/\/focotocantinense.com.br\/?p=1791"},"modified":"2021-10-05T17:13:37","modified_gmt":"2021-10-05T20:13:37","slug":"comunicadores-criam-entidade-para-ampliar-a-divulgacao-do-turismo-tocantinense","status":"publish","type":"post","link":"https:\/\/focotocantinense.com.br\/?p=1791","title":{"rendered":"Comunicadores criam entidade para ampliar a divulga\u00e7\u00e3o do turismo tocantinense"},"content":{"rendered":"\n<p>Ao defender maior participa\u00e7\u00e3o em projetos e decis\u00f5es voltadas ao desenvolvimento do turismo e de todos os setores a ele relacionados, um grupo de profissionais de comunica\u00e7\u00e3o referendou, na noite de sexta, 1 de outubro, a cria\u00e7\u00e3o da Federa\u00e7\u00e3o Brasileira de Jornalistas de Turismo (FEBTUR). A primeira diretoria da entidade, j\u00e1 constitu\u00edda, ser\u00e1 encabe\u00e7ada pela jornalista Seleucia Fontes e conta com a participa\u00e7\u00e3o de comunicadores com atua\u00e7\u00e3o reconhecida na divulga\u00e7\u00e3o tur\u00edstica em ve\u00edculos de comunica\u00e7\u00e3o tradicionais, redes sociais e assessoramento.<\/p>\n\n\n\n<p>De acordo com texto de apresenta\u00e7\u00e3o da entidade, a FEBTUR surge para valorizar e qualificar a comunica\u00e7\u00e3o especializada em Turismo; desenvolver uma rede de informa\u00e7\u00f5es entre associados em n\u00edvel nacional; promover o interc\u00e2mbio de experi\u00eancias; facilitar a concretiza\u00e7\u00e3o de projetos regionais e nacionais; estabelecer parcerias com o prop\u00f3sito de estimular o turismo como um meio de desenvolvimento econ\u00f4mico e social, aliado a preserva\u00e7\u00e3o ambiental, cultural e patrimonial.<\/p>\n\n\n\n<p>Compreendendo o futuro da comunica\u00e7\u00e3o especializada em turismo como um meio democr\u00e1tico e inovador, sempre em busca de novas ferramentas e estrat\u00e9gias de difus\u00e3o, a FEBTUR est\u00e1 aberta a participa\u00e7\u00e3o de profissionais da \u00e1rea de comunica\u00e7\u00e3o social com atividade relacionada ao setor, assim como profissionais de outras \u00e1reas que possuam atua\u00e7\u00e3o comprovada na difus\u00e3o tur\u00edstica; pessoas que sempre se fizeram presentes na din\u00e2mica das entidades, sem poder integr\u00e1-las de fato, e agora ser\u00e3o reconhecidas na categoria Colaborador. Al\u00e9m disso, empres\u00e1rios que estejam dispostos a abrir espa\u00e7o para o turismo em seus ve\u00edculos tamb\u00e9m poder\u00e3o se associar e contar com os benef\u00edcios que os projetos da entidade poder\u00e3o trazer.<\/p>\n\n\n\n<p>\u201cQueremos ser mais uma for\u00e7a unida \u00e0s entidades do trade tur\u00edstico j\u00e1 existentes no Estado\u201d, explica a jornalista Seleucia Fontes, que desligou-se da Abrajet-TO para assumir o novo desafio. \u201cFormamos um grupo de profissionais de comunica\u00e7\u00e3o &nbsp;que decidiu sair do papel \u00fanico de replicadores de informa\u00e7\u00f5es para assumir uma posi\u00e7\u00e3o ativa, agregando valor a todas as iniciativas de crescimento do turismo local, respeitando elementos transversais como cultura, meio ambiente, educa\u00e7\u00e3o e esportes\u201d, completa.<\/p>\n\n\n\n<figure class=\"wp-block-image\"><img decoding=\"async\" src=\"https:\/\/www.jornalcocktail.com.br\/images\/noticias\/2766\/0a498e219dede33dbba2c64edbd639a5.jpg\" alt=\"\"\/><\/figure>\n","protected":false},"excerpt":{"rendered":"<p>Ao defender maior participa\u00e7\u00e3o em projetos e decis\u00f5es voltadas ao desenvolvimento do turismo e de todos os setores a ele relacionados, um grupo de profissionais de comunica\u00e7\u00e3o referendou, na noite de sexta, 1 de outubro, a cria\u00e7\u00e3o da Federa\u00e7\u00e3o Brasileira de Jornalistas de Turismo (FEBTUR). A primeira diretoria da entidade, j\u00e1 constitu\u00edda, ser\u00e1 encabe\u00e7ada pela &hellip;<\/p>\n","protected":false},"author":5,"featured_media":1793,"comment_status":"open","ping_status":"open","sticky":false,"template":"","format":"standard","meta":{"footnotes":""},"categories":[1],"tags":[],"class_list":["post-1791","post","type-post","status-publish","format-standard","has-post-thumbnail","","category-sem-categoria"],"_links":{"self":[{"href":"https:\/\/focotocantinense.com.br\/index.php?rest_route=\/wp\/v2\/posts\/1791","targetHints":{"allow":["GET"]}}],"collection":[{"href":"https:\/\/focotocantinense.com.br\/index.php?rest_route=\/wp\/v2\/posts"}],"about":[{"href":"https:\/\/focotocantinense.com.br\/index.php?rest_route=\/wp\/v2\/types\/post"}],"author":[{"embeddable":true,"href":"https:\/\/focotocantinense.com.br\/index.php?rest_route=\/wp\/v2\/users\/5"}],"replies":[{"embeddable":true,"href":"https:\/\/focotocantinense.com.br\/index.php?rest_route=%2Fwp%2Fv2%2Fcomments&post=1791"}],"version-history":[{"count":2,"href":"https:\/\/focotocantinense.com.br\/index.php?rest_route=\/wp\/v2\/posts\/1791\/revisions"}],"predecessor-version":[{"id":1794,"href":"https:\/\/focotocantinense.com.br\/index.php?rest_route=\/wp\/v2\/posts\/1791\/revisions\/1794"}],"wp:featuredmedia":[{"embeddable":true,"href":"https:\/\/focotocantinense.com.br\/index.php?rest_route=\/wp\/v2\/media\/1793"}],"wp:attachment":[{"href":"https:\/\/focotocantinense.com.br\/index.php?rest_route=%2Fwp%2Fv2%2Fmedia&parent=1791"}],"wp:term":[{"taxonomy":"category","embeddable":true,"href":"https:\/\/focotocantinense.com.br\/index.php?rest_route=%2Fwp%2Fv2%2Fcategories&post=1791"},{"taxonomy":"post_tag","embeddable":true,"href":"https:\/\/focotocantinense.com.br\/index.php?rest_route=%2Fwp%2Fv2%2Ftags&post=1791"}],"curies":[{"name":"wp","href":"https:\/\/api.w.org\/{rel}","templated":true}]}}