{"id":1787,"date":"2021-10-04T22:43:39","date_gmt":"2021-10-05T01:43:39","guid":{"rendered":"https:\/\/focotocantinense.com.br\/?p=1787"},"modified":"2021-10-04T22:48:43","modified_gmt":"2021-10-05T01:48:43","slug":"com-33-anos-de-criacao-tocantins-e-referencia-em-saude-publica-para-a-regiao-norte-do-pais","status":"publish","type":"post","link":"https:\/\/focotocantinense.com.br\/?p=1787","title":{"rendered":"Com 33 anos de cria\u00e7\u00e3o, Tocantins \u00e9 refer\u00eancia em sa\u00fade p\u00fablica para a regi\u00e3o Norte do pa\u00eds"},"content":{"rendered":"\n<p>Com grandes investimentos e boa gest\u00e3o, o Tocantins celebra 33 anos tendo a sa\u00fade como uma das prioridades do Governo de Mauro Carlesse. Ap\u00f3s anos sem investimentos, a \u00e1rea passa, neste momento, por transforma\u00e7\u00f5es para garantir assist\u00eancia de qualidade e o acesso amplo para toda a popula\u00e7\u00e3o usu\u00e1ria do Sistema \u00danico de Sa\u00fade (SUS). O Estado conta agora com espa\u00e7os novos e bem equipados e se prepara para a entrega de dois grandes hospitais &#8211; em Gurupi e Augustin\u00f3polis, al\u00e9m do planejamento e da execu\u00e7\u00e3o dos hospitais de Aragua\u00edna, materno-infantil de Palmas e maternidade estadual de Augustin\u00f3polis.<\/p>\n\n\n\n<p>A Secretaria de Estado da Sa\u00fade (SES) tem promovido a\u00e7\u00f5es, investimentos e mudan\u00e7as que alavancaram o cen\u00e1rio estadual. \u201cAtualmente, o Tocantins acolhe sua popula\u00e7\u00e3o dentro do Estado, j\u00e1 vivemos cen\u00e1rios tristes quando nossos pacientes precisavam ir para fora na inten\u00e7\u00e3o de buscar atendimento. Isso aconteceu com a radioterapia, as cirurgias card\u00edacas e outros servi\u00e7os que n\u00e3o eram ofertados aqui. Hoje, vivemos um novo momento, o Tocantins passou a ser refer\u00eancia para outros estados, conseguimos, mesmo em meio \u00e0 pandemia da covid-19, atender nossa popula\u00e7\u00e3o. Isso \u00e9 planejamento e organiza\u00e7\u00e3o dos servi\u00e7os\u201d, ressaltou o titular da SES, Edgar Tollini.<\/p>\n\n\n\n<p>Dentre os destaques mencionados pelo gestor da SES est\u00e1 a amplia\u00e7\u00e3o da oferta de cirurgias card\u00edacas neonatais e pedi\u00e1tricas pelo SUS. Em funcionamento desde setembro de 2019, o servi\u00e7o de cirurgias card\u00edacas pedi\u00e1tricas do Tocantins j\u00e1 salvou mais de uma centena de crian\u00e7as que necessitavam de procedimentos de urg\u00eancia ou eletivos. Os ganhos tamb\u00e9m perpassam pela economicidade de recursos financeiros \u2013 de R$ 187 mil para R$ 63 mil por procedimento &#8211; e a redu\u00e7\u00e3o da mortalidade de 20,51% para 6% dos pacientes atendidos. De 2019 a 2021, j\u00e1 foram 155 procedimentos, sendo 96 cirurgias card\u00edacas pedi\u00e1tricas abertas e 59 cateterismos &#8211; de diagn\u00f3stico ou resolutivo.<\/p>\n\n\n\n<p><strong>Leitos<\/strong><\/p>\n\n\n\n<p>O Estado tamb\u00e9m ampliou a oferta de leitos. Na regi\u00e3o norte, foram 10 leitos de UTI pedi\u00e1trica, no Hospital Municipal Eduardo Medrado (HMEM), em Aragua\u00edna, com valor mensal de R$ 250 mil, provenientes do Teto Financeiro da Gest\u00e3o Estadual (Teto MAC) para o Teto Financeiro da Gest\u00e3o Municipal de Aragua\u00edna, os quais atendem principalmente os pacientes card\u00edacos. O Hospital Regional de Porto Nacional (HRPN) e o Hospital de Regional de Augustin\u00f3polis tamb\u00e9m receberam 10 leitos de Unidade de Tratamento Intensivo (UTI), inicialmente para pacientes com covid-19, que ser\u00e3o transformados em leitos convencionais, ap\u00f3s a redu\u00e7\u00e3o dos casos da doen\u00e7a.<\/p>\n\n\n\n<p>O Governo do Tocantins tamb\u00e9m instalou, em 2020, no Hospital Geral de Gurupi (HGG), 25 leitos cl\u00ednicos, que foram transformados em leitos de UTI e seguem atendendo a popula\u00e7\u00e3o da regi\u00e3o sul. A cidade de Gurupi passou a contar com 70 leitos (covid-19), dos quais 40 s\u00e3o Unidades de Tratamento Intensivo.<\/p>\n\n\n\n<p><strong>Oncologia<\/strong><\/p>\n\n\n\n<p>Ainda em Aragua\u00edna, demandas, que h\u00e1 anos aguardavam para serem resolvidas, foram sanadas, como a retomada da radioterapia paralisada h\u00e1 mais de 5 anos. A estrutura atual do servi\u00e7o tem capacidade para atender at\u00e9 80 pacientes por dia.<\/p>\n\n\n\n<p>Al\u00e9m disso, houve a reestrutura\u00e7\u00e3o do atendimento oncol\u00f3gico no Hospital Geral de Palmas (HGP), por meio da Unidade de Assist\u00eancia de Alta complexidade em Oncologia (Unacon), assistindo pacientes nas \u00e1reas de oncologia cl\u00ednica, onco-hematologia e cuidados paliativos.<\/p>\n\n\n\n<p><strong>Vacina\u00e7\u00e3o<\/strong><\/p>\n\n\n\n<p>O Tocantins possui 31,85% da popula\u00e7\u00e3o com ciclo vacinal completo &#8211; que recebeu duas doses ou dose \u00fanica de vacina contra a covid-19, dados at\u00e9 30 de setembro. Segundo a Organiza\u00e7\u00e3o Pan-Americana da Sa\u00fade (Opas), o Estado possui apenas 3% de segunda dose atrasada e apenas 1,68% de taxa de letalidade, \u00edndice entre os quatro menores do Brasil. Os n\u00fameros s\u00e3o resultados do esfor\u00e7o da Gest\u00e3o, por meio de diversas estrat\u00e9gias como a amplia\u00e7\u00e3o da distribui\u00e7\u00e3o de vacinas com caminh\u00f5es refrigerados.<\/p>\n\n\n\n<p><strong>Avan\u00e7os<\/strong><\/p>\n\n\n\n<p>Outras a\u00e7\u00f5es relevantes foram executadas pelo Governo do Tocantins, como a amplia\u00e7\u00e3o do centro cir\u00fargico do HGP, de seis para 16, com 12 em pleno funcionamento; a regulariza\u00e7\u00e3o da falta de medicamentos, mesmo durante a pandemia; a retomada das cirurgias neurol\u00f3gicas e o come\u00e7o da emboliza\u00e7\u00e3o por neuronavega\u00e7\u00e3o (processo minimamente invasivo).<\/p>\n\n\n\n<p>A SES tamb\u00e9m efetivou a redu\u00e7\u00e3o dos plant\u00f5es extras em suas unidades hospitalares e recuperou emendas parlamentares perdidas no valor de R$ 25 milh\u00f5es. Al\u00e9m disso, foi zerada a fila para cirurgias hemodin\u00e2micas no HGP, com 10 mil procedimentos nos \u00faltimos dois anos; aquisi\u00e7\u00e3o do segundo equipamento de hemodin\u00e2mica com prazo de 90 dias para instala\u00e7\u00e3o; implanta\u00e7\u00e3o da teleradiologia e implanta\u00e7\u00e3o dos servi\u00e7os de radiologia e tomografia computadorizada no Hospital Regional de Aragua\u00edna (HRA), com laudos que saem em 20 minutos.<\/p>\n\n\n\n<p>Retomada em junho deste ano, a obra da maternidade estadual ligada ao Hospital Regional de Augustin\u00f3polis est\u00e1 a todo vapor e tem previs\u00e3o para ser entregue em mar\u00e7o de 2022. Ser\u00e3o 3.105,28 m\u00b2 de \u00e1rea constru\u00edda, com salas, alas, leitos e espa\u00e7os necess\u00e1rios ao bom atendimento das usu\u00e1rias do SUS, da regi\u00e3o do Bico do Papagaio, extremo norte do Tocantins.<\/p>\n\n\n\n<p><strong>Infantil<\/strong><\/p>\n\n\n\n<p>O Governo do Tocantins tamb\u00e9m entregou a nova estrutura do Hospital Infantil de Palmas, que passou a fazer parte do HGP, mas com acesso e funcionamento independentes. A ala conta com estrutura moderna, ampla, climatizada, ilumina\u00e7\u00e3o adequada; e contar\u00e1 com 48 leitos de interna\u00e7\u00e3o geral; 20 leitos de UTI; um leito de estabiliza\u00e7\u00e3o; tr\u00eas leitos na sala vermelha; cinco na sala amarela; um de isolamento e 16 de observa\u00e7\u00e3o. O valor investido, por meio dos Termos de Coopera\u00e7\u00e3o Institucional firmados entre o Governo do Tocantins e o Instituto Tocantinense Presidente Ant\u00f4nio Carlos de Palmas (Itpac), foi de R$ 6.597.351, gerando uma economia mensal de R$ 70 mil com o aluguel do antigo pr\u00e9dio.<\/p>\n\n\n\n<figure class=\"wp-block-image\"><img decoding=\"async\" src=\"https:\/\/central.to.gov.br\/image\/265021?w=565&amp;h=349\" alt=\"\"\/><figcaption>Obras do Hospital de Gurupi est\u00e3o em ritmo acelerado &#8211; Esequias Ara\u00fajo\/Governo do Tocantins<\/figcaption><\/figure>\n\n\n\n<p><\/p>\n\n\n\n<figure class=\"wp-block-image\"><img decoding=\"async\" src=\"http:\/\/n1to.com.br\/img\/uploads\/veloso_banner_13.jpeg\" alt=\"\"\/><\/figure>\n","protected":false},"excerpt":{"rendered":"<p>Com grandes investimentos e boa gest\u00e3o, o Tocantins celebra 33 anos tendo a sa\u00fade como uma das prioridades do Governo de Mauro Carlesse. Ap\u00f3s anos sem investimentos, a \u00e1rea passa, neste momento, por transforma\u00e7\u00f5es para garantir assist\u00eancia de qualidade e o acesso amplo para toda a popula\u00e7\u00e3o usu\u00e1ria do Sistema \u00danico de Sa\u00fade (SUS). O &hellip;<\/p>\n","protected":false},"author":5,"featured_media":1789,"comment_status":"open","ping_status":"open","sticky":false,"template":"","format":"standard","meta":{"footnotes":""},"categories":[1],"tags":[],"class_list":["post-1787","post","type-post","status-publish","format-standard","has-post-thumbnail","","category-sem-categoria"],"_links":{"self":[{"href":"https:\/\/focotocantinense.com.br\/index.php?rest_route=\/wp\/v2\/posts\/1787","targetHints":{"allow":["GET"]}}],"collection":[{"href":"https:\/\/focotocantinense.com.br\/index.php?rest_route=\/wp\/v2\/posts"}],"about":[{"href":"https:\/\/focotocantinense.com.br\/index.php?rest_route=\/wp\/v2\/types\/post"}],"author":[{"embeddable":true,"href":"https:\/\/focotocantinense.com.br\/index.php?rest_route=\/wp\/v2\/users\/5"}],"replies":[{"embeddable":true,"href":"https:\/\/focotocantinense.com.br\/index.php?rest_route=%2Fwp%2Fv2%2Fcomments&post=1787"}],"version-history":[{"count":2,"href":"https:\/\/focotocantinense.com.br\/index.php?rest_route=\/wp\/v2\/posts\/1787\/revisions"}],"predecessor-version":[{"id":1790,"href":"https:\/\/focotocantinense.com.br\/index.php?rest_route=\/wp\/v2\/posts\/1787\/revisions\/1790"}],"wp:featuredmedia":[{"embeddable":true,"href":"https:\/\/focotocantinense.com.br\/index.php?rest_route=\/wp\/v2\/media\/1789"}],"wp:attachment":[{"href":"https:\/\/focotocantinense.com.br\/index.php?rest_route=%2Fwp%2Fv2%2Fmedia&parent=1787"}],"wp:term":[{"taxonomy":"category","embeddable":true,"href":"https:\/\/focotocantinense.com.br\/index.php?rest_route=%2Fwp%2Fv2%2Fcategories&post=1787"},{"taxonomy":"post_tag","embeddable":true,"href":"https:\/\/focotocantinense.com.br\/index.php?rest_route=%2Fwp%2Fv2%2Ftags&post=1787"}],"curies":[{"name":"wp","href":"https:\/\/api.w.org\/{rel}","templated":true}]}}