{"id":1782,"date":"2021-10-04T12:36:37","date_gmt":"2021-10-04T15:36:37","guid":{"rendered":"https:\/\/focotocantinense.com.br\/?p=1782"},"modified":"2021-10-04T12:39:37","modified_gmt":"2021-10-04T15:39:37","slug":"mostra-toca-de-teatro-coloca-apresentacoes-cenicas-regionais-em-evidencia","status":"publish","type":"post","link":"https:\/\/focotocantinense.com.br\/?p=1782","title":{"rendered":"Mostra Toca de Teatro coloca apresenta\u00e7\u00f5es c\u00eanicas regionais em evid\u00eancia"},"content":{"rendered":"\n<p><em><strong>Por Zacarias Martins<\/strong><\/em><\/p>\n\n\n\n<p>Come\u00e7a em Gurupi, nesta quarta-feira, &nbsp;dia 6 e vai at\u00e9 a pr\u00f3xima sexta, dia 8, a<em>&nbsp;<\/em><strong><em>1\u00aa Mostra Toca de Teatro<\/em>.<\/strong> O &nbsp;&nbsp;projeto dessa Mostra&nbsp; foi contemplado por Edital da Ag\u00eancia do Desenvolvimento do Turismo, Cultura e Economia Criativa (Adetuc), por meio da Lei Aldir Blanc, com recursos do Governo Federal, por meio do Minist\u00e9rio do Turismo\/Secretaria Especial da Cultura. A Mostra ter\u00e1 a execu\u00e7\u00e3o pelo Grupo Motir\u00f5 de Teatro, grupo coordenado em Gurupi &nbsp;pelo ator e diretor teatral &nbsp;Fernando Fran\u00e7a.<\/p>\n\n\n\n<p>Em fun\u00e7\u00e3o da situa\u00e7\u00e3o pand\u00eamica e as necessidades sanit\u00e1rias a realiza\u00e7\u00e3o do evento, &nbsp;acontece&nbsp; pelos moldes virtuais, sendo os espet\u00e1culos teatrais e oficinas transmitidas no canal do Youtube do Grupo Motir\u00f5 de Teatro, conforme link<strong>:&nbsp;<a href=\"https:\/\/www.youtube.com\/channel\/UC9tYqTByBNDGg_jhcie4YzA\">https:\/\/www.youtube.com\/channel\/UC9tYqTByBNDGg_jhcie4YzA<\/a><\/strong><\/p>\n\n\n\n<p>A 1\u00aa Mostra Toca de Teatro, em sua primeira edi\u00e7\u00e3o, conta com a participa\u00e7\u00e3o de seis espet\u00e1culos, sendo destes, &nbsp;cinco selecionados por meio de edital e um convidado, al\u00e9m de duas oficinas de teatro, tamb\u00e9m convidadas. Toda a comunidade pode se inscrever e participar das oficinas de capacita\u00e7\u00e3o.<\/p>\n\n\n\n<p><strong>Como surgiu<\/strong><\/p>\n\n\n\n<p>O diretor Fernando Fran\u00e7a, proponente do projeto, &nbsp;explica &nbsp;que a Mostra surgiu de uma necessidade de contribuir e unir os grupos de teatro aqui do Tocantins, possibilitando aos grupos e &nbsp;companhias de teatro do estado a apresentarem seus trabalhos e que foram interrompidos &nbsp;devido a pandemia.<\/p>\n\n\n\n<p><strong>Ferramenta<\/strong><\/p>\n\n\n\n<p>\u201cAl\u00e9m de ser um dispositivo de sustentabilidade para os grupos, a 1\u00aa Mostra Toca de Teatro ir\u00e1 proporcionar um cach\u00ea justo aos espet\u00e1culos e oficineiros, ajudando assim nesse momento t\u00e3o \u00e1rduo que estamos vivendo. \u00c9, &nbsp;sem d\u00favida, uma ferramenta importante para a transforma\u00e7\u00e3o social e tamb\u00e9m para que as pessoas conhe\u00e7am o primoroso trabalho art\u00edstico que desenvolvemos aqui no estado\u201d , finalizou Fernando Fran\u00e7a.<\/p>\n\n\n\n<p><strong>Participantes<\/strong><\/p>\n\n\n\n<p>Em sua programa\u00e7\u00e3o, estar\u00e3o participando da 1\u00aa Mostra Toca de Teatro, grupos teatrais &nbsp;de todas as regi\u00f5es do Tocantins, como o Grupo Artpalco de Aragua\u00edna, com o espet\u00e1culo \u201c<em>A Incr\u00edvel Lenda do Capim Dourado<\/em>\u201d; TrupeA\u00e7u de Taquaru\u00e7u, com o espet\u00e1culo \u201c<em>As Charlaton<\/em><em>a<\/em>s\u201d; Agulha Cenas, de Palmas,&nbsp; com o espet\u00e1culo \u201c<em>Tumbeiros<\/em>\u201d; Cia de Teatro UM Ponto DOIS, &nbsp;de Palmas, com o espet\u00e1culo: \u201c<em>Hist\u00f3rias que eu vou contar<\/em>\u201d; Cia Poesia Encenada de Gurupi, com o espet\u00e1culo \u201c<em>Naufr\u00e1gio<\/em>\u201d e Cia Cenaberta, de Palmas, com o espet\u00e1culo \u201c<em>Antiqu\u00e1rio Frankl<\/em>\u201d.<\/p>\n\n\n\n<p><strong>Oficinas<\/strong><\/p>\n\n\n\n<p>A 1\u00aa Mostra Toca de Teatro &nbsp;contar\u00e1, tamb\u00e9m, com&nbsp; oficinas com os atores Tales Monteiro, &nbsp;de Palmas, &nbsp;e Cristiano Cabral, &nbsp;de Gurupi.<\/p>\n\n\n\n<p>As apresenta\u00e7\u00f5es art\u00edsticas e tamb\u00e9m as oficinas s\u00e3o gratuitas e destinadas \u00e0 comunidade de modo geral, podendo acessar e assistir de qualquer aparelhos, seja smartphone, smart Tv, computador ou tablet. \u00c9 uma oportunidade de a comunidade consumir produtos art\u00edsticos oriundos do nosso estado e de nossa cultura. Toda a programa\u00e7\u00e3o e informa\u00e7\u00f5es podem ser conferidas nas redes sociais do Grupo Motir\u00f5 de Teatro e pelo site<strong>&nbsp;<a href=\"https:\/\/www.motiroteatro.com.br\/mostra-toca-de-teatro\">https:\/\/www.motiroteatro.com.br\/mostra-toca-de-teatro<\/a>&nbsp;<\/strong><\/p>\n\n\n\n<figure class=\"wp-block-image\"><img decoding=\"async\" src=\"https:\/\/lh6.googleusercontent.com\/lfUElUbWjtxPo_SEa1bnGP9pKqHiapxEsVqwJ_R7BHBNirfP67oXIA3az1kBHw5ovo-IspcteDLoXLgn2vQ9o9anNmrMEUwjgrDJpUGgYqX5cWz2s9vFvwjQ5ZtPKANk3w=w1280\" alt=\"\"\/><\/figure>\n\n\n\n<figure class=\"wp-block-image\"><img decoding=\"async\" src=\"http:\/\/n1to.com.br\/img\/uploads\/zacaaaaaaa.jpg\" alt=\"\"\/><\/figure>\n\n\n\n<figure class=\"wp-block-image\"><img decoding=\"async\" src=\"https:\/\/lh6.googleusercontent.com\/FhK7FhCFLJPrS_DydooMLlzFKqFwDQ6CzetlxaH-rrMC44N9biq7N2RVgfXQl-nRBjfqoh-8HEFfWOlYK6PwCfo=w1280\" alt=\"\"\/><\/figure>\n\n\n\n<figure class=\"wp-block-image\"><img decoding=\"async\" src=\"http:\/\/n1to.com.br\/img\/uploads\/veloso_banner_12.jpeg\" alt=\"\"\/><\/figure>\n","protected":false},"excerpt":{"rendered":"<p>Por Zacarias Martins Come\u00e7a em Gurupi, nesta quarta-feira, &nbsp;dia 6 e vai at\u00e9 a pr\u00f3xima sexta, dia 8, a&nbsp;1\u00aa Mostra Toca de Teatro. O &nbsp;&nbsp;projeto dessa Mostra&nbsp; foi contemplado por Edital da Ag\u00eancia do Desenvolvimento do Turismo, Cultura e Economia Criativa (Adetuc), por meio da Lei Aldir Blanc, com recursos do Governo Federal, por meio &hellip;<\/p>\n","protected":false},"author":5,"featured_media":1785,"comment_status":"open","ping_status":"open","sticky":false,"template":"","format":"standard","meta":{"footnotes":""},"categories":[1],"tags":[],"class_list":["post-1782","post","type-post","status-publish","format-standard","has-post-thumbnail","","category-sem-categoria"],"_links":{"self":[{"href":"https:\/\/focotocantinense.com.br\/index.php?rest_route=\/wp\/v2\/posts\/1782","targetHints":{"allow":["GET"]}}],"collection":[{"href":"https:\/\/focotocantinense.com.br\/index.php?rest_route=\/wp\/v2\/posts"}],"about":[{"href":"https:\/\/focotocantinense.com.br\/index.php?rest_route=\/wp\/v2\/types\/post"}],"author":[{"embeddable":true,"href":"https:\/\/focotocantinense.com.br\/index.php?rest_route=\/wp\/v2\/users\/5"}],"replies":[{"embeddable":true,"href":"https:\/\/focotocantinense.com.br\/index.php?rest_route=%2Fwp%2Fv2%2Fcomments&post=1782"}],"version-history":[{"count":3,"href":"https:\/\/focotocantinense.com.br\/index.php?rest_route=\/wp\/v2\/posts\/1782\/revisions"}],"predecessor-version":[{"id":1786,"href":"https:\/\/focotocantinense.com.br\/index.php?rest_route=\/wp\/v2\/posts\/1782\/revisions\/1786"}],"wp:featuredmedia":[{"embeddable":true,"href":"https:\/\/focotocantinense.com.br\/index.php?rest_route=\/wp\/v2\/media\/1785"}],"wp:attachment":[{"href":"https:\/\/focotocantinense.com.br\/index.php?rest_route=%2Fwp%2Fv2%2Fmedia&parent=1782"}],"wp:term":[{"taxonomy":"category","embeddable":true,"href":"https:\/\/focotocantinense.com.br\/index.php?rest_route=%2Fwp%2Fv2%2Fcategories&post=1782"},{"taxonomy":"post_tag","embeddable":true,"href":"https:\/\/focotocantinense.com.br\/index.php?rest_route=%2Fwp%2Fv2%2Ftags&post=1782"}],"curies":[{"name":"wp","href":"https:\/\/api.w.org\/{rel}","templated":true}]}}