{"id":1778,"date":"2021-10-01T12:56:30","date_gmt":"2021-10-01T15:56:30","guid":{"rendered":"https:\/\/focotocantinense.com.br\/?p=1778"},"modified":"2021-10-01T13:04:02","modified_gmt":"2021-10-01T16:04:02","slug":"atendendo-pedido-dos-vereadores-di-e-nelvi-prefeito-thiago-carlos-providencia-instalacao-de-luminarias-de-led-em-setores-de-lagoa-da-confusao","status":"publish","type":"post","link":"https:\/\/focotocantinense.com.br\/?p=1778","title":{"rendered":"Atendendo pedido dos vereadores Di e Nelvi, prefeito Thiago Carlos  providencia   instala\u00e7\u00e3o de lumin\u00e1rias de LED em setores de Lagoa da Confus\u00e3o"},"content":{"rendered":"\n<h1 class=\"wp-block-heading\"><\/h1>\n\n\n\n<p><strong>Por Zacarias Martins<\/strong><\/p>\n\n\n\n<p>Em Lagoa da Confus\u00e3o, a necessidade de substitui\u00e7\u00e3o das l\u00e2mpadas comuns, presentes no setor Novo Jardim e setores adjacentes por lumin\u00e1rias de LED foi apontada pelos vereadores Luiz Edvaldo Coelho dos Santos \u2013 o Di (PTB) e Nelvi Teixeira Carlos (DEM), que tiveram requerimento aprovado por unanimidade pela C\u00e2mara de Vereadores e encaminhado para provid\u00eancias do Poder Executivo Municipal.<\/p>\n\n\n\n<p>Na solicita\u00e7\u00e3o de provid\u00eancia, os dois vereadores argumentam que foram procurados por muitos moradores pedindo para resolver essa quest\u00e3o da ilumina\u00e7\u00e3o p\u00fablica dessas localidades, especialmente, para aumentar a sensa\u00e7\u00e3o de seguran\u00e7a no per\u00edodo noturno.<\/p>\n\n\n\n<p>\u00a0\u201cTanto a manuten\u00e7\u00e3o quanto a seguran\u00e7a j\u00e1 seriam itens bons o suficiente para a troca das l\u00e2mpadas tradicionais pelas l\u00e2mpadas de LED, mas o outro item que devemos levar em considera\u00e7\u00e3o \u00e9 o custo e, apesar de ser maior na instala\u00e7\u00e3o, a economia \u00e9 igualmente impactante, o que resulta em economia de energia e gastos a longo prazo\u201d, pontuam os vereadores.<\/p>\n\n\n\n<p>O pedido dos vereadores Di e Nelvi j\u00e1 est\u00e1 sendo atendido pelo prefeito Thiago Carlos por entender que se trata de uma justa e oportuna reivindica\u00e7\u00e3o e que vai ao encontro dos interesses daquela comunidade.<\/p>\n\n\n\n<figure class=\"wp-block-image\"><img decoding=\"async\" src=\"https:\/\/www.n1to.com.br\/img\/cache\/800x400\/80\/crop\/Imagem-c13270d52655f23a3ca7f364b988d54e.jpg\" alt=\"\"\/><\/figure>\n\n\n\n<h2 class=\"wp-block-heading\">&nbsp;<\/h2>\n","protected":false},"excerpt":{"rendered":"<p>Por Zacarias Martins Em Lagoa da Confus\u00e3o, a necessidade de substitui\u00e7\u00e3o das l\u00e2mpadas comuns, presentes no setor Novo Jardim e setores adjacentes por lumin\u00e1rias de LED foi apontada pelos vereadores Luiz Edvaldo Coelho dos Santos \u2013 o Di (PTB) e Nelvi Teixeira Carlos (DEM), que tiveram requerimento aprovado por unanimidade pela C\u00e2mara de Vereadores e &hellip;<\/p>\n","protected":false},"author":5,"featured_media":1780,"comment_status":"open","ping_status":"open","sticky":false,"template":"","format":"standard","meta":{"footnotes":""},"categories":[1],"tags":[],"class_list":["post-1778","post","type-post","status-publish","format-standard","has-post-thumbnail","","category-sem-categoria"],"_links":{"self":[{"href":"https:\/\/focotocantinense.com.br\/index.php?rest_route=\/wp\/v2\/posts\/1778","targetHints":{"allow":["GET"]}}],"collection":[{"href":"https:\/\/focotocantinense.com.br\/index.php?rest_route=\/wp\/v2\/posts"}],"about":[{"href":"https:\/\/focotocantinense.com.br\/index.php?rest_route=\/wp\/v2\/types\/post"}],"author":[{"embeddable":true,"href":"https:\/\/focotocantinense.com.br\/index.php?rest_route=\/wp\/v2\/users\/5"}],"replies":[{"embeddable":true,"href":"https:\/\/focotocantinense.com.br\/index.php?rest_route=%2Fwp%2Fv2%2Fcomments&post=1778"}],"version-history":[{"count":2,"href":"https:\/\/focotocantinense.com.br\/index.php?rest_route=\/wp\/v2\/posts\/1778\/revisions"}],"predecessor-version":[{"id":1781,"href":"https:\/\/focotocantinense.com.br\/index.php?rest_route=\/wp\/v2\/posts\/1778\/revisions\/1781"}],"wp:featuredmedia":[{"embeddable":true,"href":"https:\/\/focotocantinense.com.br\/index.php?rest_route=\/wp\/v2\/media\/1780"}],"wp:attachment":[{"href":"https:\/\/focotocantinense.com.br\/index.php?rest_route=%2Fwp%2Fv2%2Fmedia&parent=1778"}],"wp:term":[{"taxonomy":"category","embeddable":true,"href":"https:\/\/focotocantinense.com.br\/index.php?rest_route=%2Fwp%2Fv2%2Fcategories&post=1778"},{"taxonomy":"post_tag","embeddable":true,"href":"https:\/\/focotocantinense.com.br\/index.php?rest_route=%2Fwp%2Fv2%2Ftags&post=1778"}],"curies":[{"name":"wp","href":"https:\/\/api.w.org\/{rel}","templated":true}]}}